{"id":8716,"date":"2013-10-24T22:23:06","date_gmt":"2013-10-24T20:23:06","guid":{"rendered":"http:\/\/tuxproject.de\/blog\/?p=8716"},"modified":"2013-10-24T22:23:06","modified_gmt":"2013-10-24T20:23:06","slug":"moster-edvard-lygre-moster","status":"publish","type":"post","link":"https:\/\/tuxproject.de\/blog\/2013\/10\/moster-edvard-lygre-moster\/","title":{"rendered":"M\u00f8ster! \u2013 Edvard Lyg\u00adre M\u00f8ster"},"content":{"rendered":"<p><a href=\"https:\/\/tuxproject.de\/blog\/wp-content\/uploads\/2013\/10\/M\u00f8ster-Edvard-Lygre-M\u00f8ster.jpg\"><img loading=\"lazy\" decoding=\"async\" src=\"https:\/\/tuxproject.de\/blog\/wp-content\/uploads\/2013\/10\/M\u00f8ster-Edvard-Lygre-M\u00f8ster-120x112.jpg\" alt=\"M\u00f8ster! - Edvard Lygre M\u00f8ster\" width=\"120\" height=\"112\" class=\"alignright size-thumbnail wp-image-8717\" srcset=\"https:\/\/tuxproject.de\/blog\/wp-content\/uploads\/2013\/10\/M\u00f8ster-Edvard-Lygre-M\u00f8ster-120x112.jpg 120w, https:\/\/tuxproject.de\/blog\/wp-content\/uploads\/2013\/10\/M\u00f8ster-Edvard-Lygre-M\u00f8ster-300x281.jpg 300w, https:\/\/tuxproject.de\/blog\/wp-content\/uploads\/2013\/10\/M\u00f8ster-Edvard-Lygre-M\u00f8ster-1024x959.jpg 1024w, https:\/\/tuxproject.de\/blog\/wp-content\/uploads\/2013\/10\/M\u00f8ster-Edvard-Lygre-M\u00f8ster-721x676.jpg 721w, https:\/\/tuxproject.de\/blog\/wp-content\/uploads\/2013\/10\/M\u00f8ster-Edvard-Lygre-M\u00f8ster.jpg 1500w\" sizes=\"auto, (max-width: 120px) 100vw, 120px\"><\/a>Ver\u00adst\u00f6\u00adrend wie sonst nur die Welt\u00adpo\u00adli\u00adtik h\u00e4t\u00adte sich \u201eEdvard Lyg\u00adre M\u00f8ster\u201c gleich auf zwei\u00adfa\u00adchem Weg in die Jah\u00adres\u00adbe\u00adsten\u00adli\u00adste 2013 geschum\u00admelt: Erstens ist\u2019s ein Live\u00adal\u00adbum, dem man das kaum anh\u00f6rt, und dann ist es auch noch 2011 auf\u00adge\u00adnom\u00admen wor\u00adden. So wird das nix mit mei\u00adnem \u201eAlbum des Jah\u00adres\u201c. Dabei h\u00e4t\u00adte \u201eEdvard Lyg\u00adre M\u00f8ster\u201c anson\u00adsten ziem\u00adlich gute Chan\u00adcen auf die\u00adsen Titel.<\/p>\n<p>Wie schon <a href=\"https:\/\/tuxproject.de\/blog\/2012\/06\/musik-062012-favoriten-und-analyse\/\">auf mei\u00adnem Album des Jah\u00adres 2012<\/a> spielt St\u00e5\u00adle Stor\u00adl\u00f8k\u00adken auch hier \u2013 an Syn\u00adthe\u00adsi\u00adzer und Fen\u00adder Rho\u00addes \u2013 wie\u00adder mit. Der Mann scheint ein Gesp\u00fcr f\u00fcr avant\u00adgar\u00adde\u00ads\u00adque tol\u00adle Musik zu haben, man soll\u00adte sei\u00adne musi\u00adka\u00adli\u00adschen Akti\u00advi\u00adt\u00e4\u00adten also auch wei\u00adter\u00adhin ver\u00adfol\u00adgen. M\u00f8ster!, eigent\u00adlich ein Solo\u00adpro\u00adjekt des nor\u00adwe\u00adgi\u00adschen Saxo\u00adpho\u00adni\u00adsten Kje\u00adtil M\u00f8ster (sonst bei Ultra\u00adlyd und mit ande\u00adren Bands wie Low Fre\u00adquen\u00adcy in Ste\u00adreo aktiv), ist hier ein Vier\u00admann\u00adun\u00adter\u00adneh\u00admen; au\u00dfer\u00addem dabei sind Niko\u00adlai Eilert\u00adsen, Bas\u00adsist bei den famo\u00adsen elephant9 (eben\u00adfalls mit St\u00e5\u00adle Stor\u00adl\u00f8k\u00adken), und Schlag\u00adzeu\u00adger Ken\u00adneth Kap\u00adstad, der seit 2007 mit Motor\u00adpsy\u00adcho zusam\u00admen musi\u00adziert. Das Ergeb\u00adnis die\u00adses Zusam\u00admen\u00adspiels ist ein druck\u00advol\u00adler instru\u00admen\u00adta\u00adler Jazz, bei dem kein Instru\u00adment zu kurz kommt, was ihn posi\u00adtiv von dem ollen Trom\u00adpe\u00adten\u00adkrams von Miles Davis abhebt, das mich immer, Sakri\u00adleg!, schon eher gelang\u00adweilt hat; aber ich schwei\u00adfe ab.<\/p>\n<p>Was ein Edvard Lyg\u00adre ist, ver\u00admag ich auf\u00adgrund man\u00adgeln\u00adder Nor\u00adwe\u00adgisch\u00adkennt\u00adnis\u00adse nicht zu wis\u00adsen. Ist das nicht aber sowie\u00adso bei\u00adna\u00adhe egal? Ich las\u00adse lie\u00adber die Musik f\u00fcr sich spre\u00adchen. Und die geht, Ver\u00adzei\u00adhung!, <em>tie\u00adrisch ab<\/em>. Ist das erste St\u00fcck \u201ePla\u00adstic Dis\u00adco\u201c (12:10 Minu\u00adten; kei\u00adne Sor\u00adge, <em>bumm-tschack<\/em> bleibt hier aus) schon ein pracht\u00advol\u00adler Vor\u00adbo\u00adte f\u00fcr das Fol\u00adgen\u00adde, dre\u00adhen die vier Her\u00adren danach erst so rich\u00adtig auf. In \u201eRan\u00adsom Bird\u201c ist erst\u00admals tat\u00ads\u00e4ch\u00adlich etwas Publi\u00adkum (jubelnd) zu h\u00f6ren. Wer k\u00f6nn\u00adte es ihm ange\u00adh\u00f6rs der schie\u00adren Instru\u00admen\u00adten\u00ades\u00adka\u00adpa\u00adde, her\u00adaus\u00adra\u00adgend vor\u00adan\u00adge\u00adtrie\u00adben von Schlag\u00adzeug und Bass, schon ver\u00adden\u00adken? <em>Das Inter\u00adnet<\/em> schreibt hier von \u201erausch\u00adhaf\u00adter Eksta\u00adse\u201c, und ich k\u00f6nn\u00adte es kaum bes\u00adser umschrei\u00adben.<\/p>\n<p>Es folgt mit \u201eCom\u00adpo\u00adsi\u00adti\u00adon Task #1\u201c ein ziem\u00adlich <em>nor\u00admal jaz\u00adzi\u00adges<\/em> St\u00fcck, das mit sie\u00adben Minu\u00adten Lauf\u00adzeit auch das k\u00fcr\u00adze\u00adste auf dem Album ist, bis nach eini\u00adgen Minu\u00adten Kje\u00adtil M\u00f8ster sein Saxo\u00adphon\u00adspiel ins Schr\u00e4\u00adge abglei\u00adten l\u00e4sst, wo er sich gut aus\u00adzu\u00adken\u00adnen scheint. \u201eCom\u00adpo\u00adsi\u00adti\u00adon Task #1\u201c nimmt nach St\u00fcck 1 und 2 den\u00adnoch eine Son\u00adder\u00adrol\u00adle ein; eine \u201eCom\u00adpo\u00adsi\u00adti\u00adon Task #2\u201c gibt es auf dem Album nicht. Den Abschluss bil\u00addet \u201eThe Boat\u201c, in dem das Saxo\u00adphon \u00fcber eine Vier\u00adtel\u00adstun\u00adde lang aller\u00adlei Elek\u00adtro\u00adni\u00adschem, gespielt von drei der vier Musi\u00adker (plus Schlag\u00adzeu\u00adger), mehr Raum l\u00e4sst. M\u00f8ster! k\u00f6n\u00adnen also sogar Spa\u00adce\u00adrock, und ziem\u00adlich guten noch dazu.<\/p>\n<p>Ent\u00adspan\u00adnen\u00adder Radio\u00adjazz ist auf \u201eEdvard Lyg\u00adre M\u00f8ster\u201c tat\u00ads\u00e4ch\u00adlich nicht zu h\u00f6ren. Das ist aber auch nicht schlimm. \u201eLounge-Jazz\u201c? Jazz f\u00fcr jede Gele\u00adgen\u00adheit! H\u00f6r\u00adpro\u00adben? <a href=\"http:\/\/www.amazon.de\/Edvard-Lygre-Moster\/dp\/B00B8L4BCI\/?tag=hirnfi20-21\" rel=\"nofollow\" target=\"_blank\">Ama\u00adzon.<\/a> Aber wer liest schon nur ein\u00adzel\u00adne Sei\u00adten in einem Buch?<\/p>\n","protected":false},"excerpt":{"rendered":"<p>Ver\u00adst\u00f6\u00adrend wie sonst nur die Welt\u00adpo\u00adli\u00adtik h\u00e4t\u00adte sich \u201eEdvard Lyg\u00adre M\u00f8ster\u201c gleich auf zwei\u00adfa\u00adchem Weg in die Jah\u00adres\u00adbe\u00adsten\u00adli\u00adste 2013 geschum\u00admelt: Erstens ist\u2019s ein Live\u00adal\u00adbum, dem man das kaum anh\u00f6rt, und dann ist es auch noch 2011 auf\u00adge\u00adnom\u00admen wor\u00adden. So wird das nix mit mei\u00adnem \u201eAlbum des Jah\u00adres\u201c. Dabei h\u00e4t\u00adte \u201eEdvard Lyg\u00adre M\u00f8ster\u201c anson\u00adsten ziem\u00adlich gute \u2026<\/p>\n<p><a href=\"https:\/\/tuxproject.de\/blog\/2013\/10\/moster-edvard-lygre-moster\/\" class=\"more-link\">\u2018M\u00f8ster! \u2013 Edvard Lyg\u00adre M\u00f8ster\u2019 wei\u00adter\u00adle\u00adsen \u00bb<\/a><\/p>\n","protected":false},"author":1,"featured_media":0,"comment_status":"open","ping_status":"open","sticky":false,"template":"","format":"standard","meta":{"wp_typography_post_enhancements_disabled":false,"footnotes":""},"categories":[14,17],"tags":[],"series":[],"class_list":["post-8716","post","type-post","status-publish","format-standard","hentry","category-kaufbefehle","category-musikkritik"],"share_on_mastodon":{"url":"","error":""},"wp-worthy-pixel":{"ignored":false,"public":null,"server":null,"url":null},"wp-worthy-type":"normal","_links":{"self":[{"href":"https:\/\/tuxproject.de\/blog\/wp-json\/wp\/v2\/posts\/8716","targetHints":{"allow":["GET"]}}],"collection":[{"href":"https:\/\/tuxproject.de\/blog\/wp-json\/wp\/v2\/posts"}],"about":[{"href":"https:\/\/tuxproject.de\/blog\/wp-json\/wp\/v2\/types\/post"}],"author":[{"embeddable":true,"href":"https:\/\/tuxproject.de\/blog\/wp-json\/wp\/v2\/users\/1"}],"replies":[{"embeddable":true,"href":"https:\/\/tuxproject.de\/blog\/wp-json\/wp\/v2\/comments?post=8716"}],"version-history":[{"count":0,"href":"https:\/\/tuxproject.de\/blog\/wp-json\/wp\/v2\/posts\/8716\/revisions"}],"wp:attachment":[{"href":"https:\/\/tuxproject.de\/blog\/wp-json\/wp\/v2\/media?parent=8716"}],"wp:term":[{"taxonomy":"category","embeddable":true,"href":"https:\/\/tuxproject.de\/blog\/wp-json\/wp\/v2\/categories?post=8716"},{"taxonomy":"post_tag","embeddable":true,"href":"https:\/\/tuxproject.de\/blog\/wp-json\/wp\/v2\/tags?post=8716"},{"taxonomy":"series","embeddable":true,"href":"https:\/\/tuxproject.de\/blog\/wp-json\/wp\/v2\/series?post=8716"}],"curies":[{"name":"wp","href":"https:\/\/api.w.org\/{rel}","templated":true}]}}