{"id":23020,"date":"2025-04-16T20:02:26","date_gmt":"2025-04-16T18:02:26","guid":{"rendered":"https:\/\/tuxproject.de\/blog\/?p=23020"},"modified":"2025-04-16T20:02:26","modified_gmt":"2025-04-16T18:02:26","slug":"das-problem-mit-parteien","status":"publish","type":"post","link":"https:\/\/tuxproject.de\/blog\/2025\/04\/das-problem-mit-parteien\/","title":{"rendered":"Das Pro\u00adblem mit Par\u00adtei\u00aden"},"content":{"rendered":"\n<p>Wie bis\u00adlang exakt drei (soweit mir bekannt) und k\u00fcnf\u00adtig unge\u00adf\u00e4hr alle Leser mei\u00adner irre\u00adgu\u00adl\u00e4\u00adren Mit\u00adtei\u00adlun\u00adgen wis\u00adsen, habe ich mein Soll an Par\u00adtei\u00aden \u2013 seit 2009 war ich Mit\u00adglied drei\u00ader Par\u00adtei\u00aden, kei\u00adne davon habe ich im Streit mit der Par\u00adtei\u00adba\u00adsis, jede davon aus Gr\u00fcn\u00adden des R\u00fcck\u00adgrats ver\u00adlas\u00adsen oder ver\u00adlas\u00adsen las\u00adsen \u2013 mitt\u00adler\u00adwei\u00adle \u00fcber\u00aderf\u00fcllt. Die mei\u00adsten schaf\u00adfen es ja nur zur Kar\u00adtei\u00adlei\u00adche in irgend\u00adei\u00adnem Non\u00adsens\u00adver\u00adein.<\/p>\n\n\n\n\n<p>Vor die\u00adsem Hin\u00adter\u00adgrund fin\u00adde ich es zumin\u00addest <em>bemer\u00adkens\u00adwert<\/em>, dass auch 2025 noch Men\u00adschen in Par\u00adtei\u00aden ein\u00adtre\u00adten und mir gegen\u00ad\u00fcber zu ver\u00adste\u00adhen geben, dass ihr Beweg\u00adgrund sei, die Gege\u00adben\u00adhei\u00adten in ihrem Sin\u00adne <em>zu ver\u00ad\u00e4n\u00addern<\/em>. Aber was bedeu\u00adtet es denn, wenn man \u201epoli\u00adti\u00adsches Inter\u00ades\u00adse\u201c gleich\u00adsetzt mit der Mit\u00adglied\u00adschaft im <em>klein\u00adsten \u00dcbel<\/em>? (Wer das klein\u00adste \u00dcbel st\u00e4rkt, der st\u00e4rkt damit eben ein \u00dcbel.) <em>Nat\u00fcr\u00adlich<\/em> st\u00e4r\u00adken Par\u00adtei\u00aden die Aus\u00adsich\u00adten ihrer Mit\u00adglie\u00adder dar\u00adauf, ein <em>rich\u00adti\u00adges Leben im val\u00adschen<\/em> (R. Gern\u00adhardt) zu f\u00fch\u00adren und so im fal\u00adschen Appa\u00adrat an die rich\u00adti\u00adge Stel\u00adle zu gelan\u00adgen. Aber was bedeu\u00adtet es, 106-und-ein-biss\u00adchen Jah\u00adre nach Ende des Kai\u00adser\u00adreichs und damit auch nach Ende ein\u00adfa\u00adcher Ant\u00adwor\u00adten auf schwie\u00adri\u00adge Fra\u00adgen, noch, sich mit Par\u00adtei\u00aden zu arran\u00adgie\u00adren? Man f\u00f6r\u00addert f\u00fcr \u2013 je nach Finanz\u00adord\u00adnung \u2013 ver\u00adgleichs\u00adwei\u00adse viel oder wenig Geld eine eli\u00adt\u00e4\u00adre Ver\u00adei\u00adni\u00adgung, die sich (bei Lin\u00adken) auf eine seit einem Jahr\u00adhun\u00addert nicht mehr auf\u00adge\u00adtre\u00adte\u00adne Welt\u00adord\u00adnung oder (bei Rech\u00adten) auf seit einem Jahr\u00adhun\u00addert nicht mehr rele\u00advan\u00adten gesell\u00adschaft\u00adli\u00adchen Kon\u00adsens beruft. Ist es <em>das<\/em>, wo die Zukunft des Vol\u00adkes zu suchen ist?<\/p>\n\n\n\n\n<p>Sind Marx\/Engels, Lenin, Sta\u00adlin, Trotz\u00adki (je nach\u00addem, wen man fragt), von Mises, von Papen, Br\u00fc\u00adning, Ade\u00adnau\u00ader die Zukunft oder gilt es, sie zu \u00fcber\u00adwin\u00adden?<\/p>\n\n\n\n\n<blockquote class=\"wp-block-quote is-layout-flow wp-block-quote-is-layout-flow\">\n<p>Unser Staats\u00adap\u00adpa\u00adrat ist (\u2026) noch so wenig ein\u00adge\u00adspielt und gefe\u00adstigt, da\u00df die mili\u00adt\u00e4\u00adri\u00adsche Macht nahe\u00adzu unver\u00admeid\u00adlich wie\u00adder eine eige\u00adne poli\u00adti\u00adsche Wil\u00adlens\u00adbil\u00addung ent\u00adfal\u00adten wird. (\u2026) Es wird des\u00adhalb nicht abzu\u00adwen\u00adden sein, da\u00df die anti\u00adde\u00admo\u00adkra\u00adti\u00adschen Nei\u00adgun\u00adgen gest\u00e4rkt und die Remi\u00adli\u00adta\u00adri\u00adsie\u00adrung die Ren\u00ada\u00adzi\u00adfi\u00adzie\u00adrung nach sich zie\u00adhen wird.<\/p>\n<cite>Gustav Hei\u00adne\u00admann, 1950<\/cite>\n<\/blockquote>\n\n\n\n<p>Wer das System ver\u00ad\u00e4n\u00addern will, indem er im System Far\u00adbe bekennt, der will das System behal\u00adten.<\/p>\n","protected":false},"excerpt":{"rendered":"<p>Wie bis\u00adlang exakt drei (soweit mir bekannt) und k\u00fcnf\u00adtig unge\u00adf\u00e4hr alle Leser mei\u00adner irre\u00adgu\u00adl\u00e4\u00adren Mit\u00adtei\u00adlun\u00adgen wis\u00adsen, habe ich mein Soll an Par\u00adtei\u00aden \u2013 seit 2009 war ich Mit\u00adglied drei\u00ader Par\u00adtei\u00aden, kei\u00adne davon habe ich im Streit mit der Par\u00adtei\u00adba\u00adsis, jede davon aus Gr\u00fcn\u00adden des R\u00fcck\u00adgrats ver\u00adlas\u00adsen oder ver\u00adlas\u00adsen las\u00adsen \u2013 mitt\u00adler\u00adwei\u00adle \u00fcber\u00aderf\u00fcllt. Die mei\u00adsten schaf\u00adfen \u2026<\/p>\n<p><a href=\"https:\/\/tuxproject.de\/blog\/2025\/04\/das-problem-mit-parteien\/\" class=\"more-link\">\u2018Das Pro\u00adblem mit Par\u00adtei\u00aden\u2019 wei\u00adter\u00adle\u00adsen \u00bb<\/a><\/p>\n","protected":false},"author":1,"featured_media":0,"comment_status":"open","ping_status":"open","sticky":false,"template":"","format":"standard","meta":{"wp_typography_post_enhancements_disabled":false,"footnotes":""},"categories":[4],"tags":[],"series":[],"class_list":["post-23020","post","type-post","status-publish","format-standard","hentry","category-politik"],"share_on_mastodon":{"url":"https:\/\/social.tchncs.de\/@hirnfick_20\/114348952568730830","error":""},"wp-worthy-pixel":{"ignored":false,"public":"6fb06a2464724c0d8e0894559e7ca2dd","server":"vg08.met.vgwort.de","url":"https:\/\/vg08.met.vgwort.de\/na\/6fb06a2464724c0d8e0894559e7ca2dd"},"wp-worthy-type":"normal","_links":{"self":[{"href":"https:\/\/tuxproject.de\/blog\/wp-json\/wp\/v2\/posts\/23020","targetHints":{"allow":["GET"]}}],"collection":[{"href":"https:\/\/tuxproject.de\/blog\/wp-json\/wp\/v2\/posts"}],"about":[{"href":"https:\/\/tuxproject.de\/blog\/wp-json\/wp\/v2\/types\/post"}],"author":[{"embeddable":true,"href":"https:\/\/tuxproject.de\/blog\/wp-json\/wp\/v2\/users\/1"}],"replies":[{"embeddable":true,"href":"https:\/\/tuxproject.de\/blog\/wp-json\/wp\/v2\/comments?post=23020"}],"version-history":[{"count":0,"href":"https:\/\/tuxproject.de\/blog\/wp-json\/wp\/v2\/posts\/23020\/revisions"}],"wp:attachment":[{"href":"https:\/\/tuxproject.de\/blog\/wp-json\/wp\/v2\/media?parent=23020"}],"wp:term":[{"taxonomy":"category","embeddable":true,"href":"https:\/\/tuxproject.de\/blog\/wp-json\/wp\/v2\/categories?post=23020"},{"taxonomy":"post_tag","embeddable":true,"href":"https:\/\/tuxproject.de\/blog\/wp-json\/wp\/v2\/tags?post=23020"},{"taxonomy":"series","embeddable":true,"href":"https:\/\/tuxproject.de\/blog\/wp-json\/wp\/v2\/series?post=23020"}],"curies":[{"name":"wp","href":"https:\/\/api.w.org\/{rel}","templated":true}]}}