{"id":22931,"date":"2025-03-18T12:39:06","date_gmt":"2025-03-18T11:39:06","guid":{"rendered":"https:\/\/tuxproject.de\/blog\/?p=22931"},"modified":"2025-04-01T01:36:48","modified_gmt":"2025-03-31T23:36:48","slug":"eumerika-zuerst","status":"publish","type":"post","link":"https:\/\/tuxproject.de\/blog\/2025\/03\/eumerika-zuerst\/","title":{"rendered":"Eumerika zuerst"},"content":{"rendered":"<p>Noch mal was aus der EDV, denn <a href=\"https:\/\/www.heise.de\/news\/Industrie-fordert-EU-Kommission-zu-Buy-European-Initiative-auf-10318660.html\">dieser Vorschlag<\/a> scheint mir auch eher undurch\u00addacht zu sein:<\/p>\n<blockquote><p>Mit einem Brief an EU-Kom\u00admis\u00adsion\u00adspr\u00e4si\u00addentin Ursu\u00adla von der Leyen und die f\u00fcr Dig\u00adi\u00adtales zust\u00e4ndi\u00adge Vizepr\u00e4si\u00addentin Hen\u00adna Virkkunen wen\u00adden sich fast 90 Unternehmen (\u2026). Die Absender fordern von der EU angesichts der transat\u00adlantis\u00adchen Entwick\u00adlung ein klares Beken\u00adnt\u00adnis zu europ\u00e4is\u00adchen Dig\u00adi\u00adtal\u00adl\u00f6\u00adsun\u00adgen. \u201cEuropa muss die Ini\u00adtia\u00adtive \u00fcbernehmen und \u00fcber alle Schicht\u00aden der kri\u00adtis\u00adchen dig\u00adi\u00adtal\u00aden Infra\u00adstruk\u00adtur hin\u00adweg tech\u00adnol\u00ado\u00adgisch unab\u00adh\u00e4ngig wer\u00adden\u201d, hei\u00dft es in dem Brief (\u2026).<\/p><\/blockquote>\n<p>Nun ist es sicher\u00adlich m\u00f6glich, inner\u00adhalb \u201cEuropas\u201d <em>(mein\u00adten Sie: EU?)<\/em> Anwen\u00addungssoft\u00adware zu entwick\u00adeln, die eine Alter\u00adna\u00adtive zu jen\u00ader aus anderen L\u00e4n\u00addern sein kann und es oft auch ist, und auch die hiesige Pro\u00adduk\u00adtion von Prozes\u00adsoren und der\u00adgle\u00adichen ist dur\u00adchaus ein vorstell\u00adbares Treiben. Inter\u00ades\u00adsant ist allerd\u00adings die Frage, wie weit die \u201cfast 90 Unternehmen\u201d zu gehen bere\u00adit sind, was die Abkehr von der Abh\u00e4ngigkeit von anderen L\u00e4n\u00addern, das Dig\u00adi\u00adtale betr\u00ade\u00adf\u00adfend, ange\u00adht. Die Auswahl an europ\u00e4is\u00adchen Betrieb\u00adssys\u00adte\u00admen (Dis\u00adtri\u00adb\u00adu\u00adtio\u00adnen von US-amerikanis\u00adch\u00ader Soft\u00adware sind keine europ\u00e4is\u00adchen Betrieb\u00adssys\u00adteme) ist zum Beispiel ger\u00ading; mir f\u00e4llt ohne Griff zur Wikipedia ger\u00adade nur <a href=\"https:\/\/9front.org\/\">9front<\/a> ein. Zwar f\u00e4nde ich eine gr\u00f6\u00dfere Ver\u00adbre\u00aditung von Plan-9-Derivat\u00aden grund\u00ads\u00e4t\u00adzlich w\u00fcn\u00adschenswert, m\u00f6chte aber bezweifeln, dass \u201cdie Absender\u201d \u00fcber\u00adhaupt schon mal davon geh\u00f6rt haben.<\/p>\n<p>Ich erachte <em>tech\u00adnol\u00ado\u00adgis\u00adche Unab\u00adh\u00e4ngigkeit<\/em> eben\u00adfalls als wertvolle Errun\u00adgen\u00adschaft, vertrete jedoch nicht die Ansicht, dass Staats\u00adgren\u00adzen mit diesem Begriff etwas zu tun haben. Ich m\u00f6chte eben\u00adsowenig von den Entschei\u00addun\u00adgen Googles wie von denen des <em>duo infer\u00adnale<\/em> aus Deutsch\u00ader Telekom und SAP abh\u00e4ngig sein. In welchem Land die Entwick\u00adler und Pro\u00adduzen\u00adten von Chips, Kabeln, Tran\u00adsi\u00ads\u00adtoren und (nicht zulet\u00adzt) Pro\u00adgram\u00admen behei\u00admatet sind, die ich direkt oder indi\u00adrekt nutze, ist <em>mir<\/em> tat\u00ads\u00e4ch\u00adlich einiger\u00adma\u00dfen egal, so lange sie jen\u00adseits des Finanziellen keine Gegen\u00adleis\u00adtung in Form von Abh\u00e4ngigkeit, dann von <em>den Guten<\/em>, erwarten.<\/p>\n<p>Betra\u00adchte ich allerd\u00adings das tech\u00adnis\u00adche Ver\u00adst\u00e4nd\u00adnis der Briefau\u00adtoren, sehe ich da schwarz:<\/p>\n<blockquote><p>Eine Forderung, die einige der nun an von der Leyen schreiben\u00adden Unternehmen bere\u00adits seit einiger Zeit erheben, und die neben dem Betrieb durch ver\u00adtrauensw\u00fcrdi\u00adge EU-Anbi\u00adeter auch eine Daten\u00adlokalisierung und Ver\u00adschl\u00fcs\u00adselung erfordern soll. Die Ini\u00adtia\u00adtoren sehen das als einzige M\u00f6glichkeit, von lokaler Spe\u00adicherung hin zu ver\u00adtrauensw\u00fcrdi\u00adgen Cloudl\u00f6\u00adsun\u00adgen zu kom\u00admen (\u2026).<\/p><\/blockquote>\n<p>Dat\u00aden, die ich auf dem Com\u00adput\u00ader ander\u00ader Leute (\u201cCloud\u201d) spe\u00adichere, \u00fcbergebe ich in diesem Moment der Herrschafts\u00adbefug\u00adnis dieser anderen Leute. Wenn diese anderen Leute qua Gesetz \u201cver\u00adtrauensw\u00fcrdig\u201d sind, die ihnen ohne tech\u00adnis\u00adche Notwendigkeit \u00fcbergebe\u00adnen Dat\u00aden vorge\u00adblich \u201cver\u00adschl\u00fcs\u00adseln\u201d und ich guck\u00aden kann, wo die Dat\u00aden, die vorher die meinen waren, eigentlich ger\u00adade gespe\u00adichert sind, dann ist das trotz\u00addem kaum davon zu unter\u00adschei\u00adden, als w\u00fcrde ich sel\u00adbige Dat\u00aden stattdessen auf einen USB-Stick kopieren und diesen im Super\u00admarkt ans Schwarze Brett h\u00e4n\u00adgen. Ich kann ja eines dieser neu\u00admodis\u00adchen Ortungs\u00adger\u00e4te dran\u00adh\u00e4n\u00adgen. Dann wei\u00df ich ja, wo sie ger\u00adade sind.<\/p>\n<p>Her\u00adrje.<\/p>\n","protected":false},"excerpt":{"rendered":"<p>Noch mal was aus der EDV, denn dieser Vorschlag scheint mir auch eher undurch\u00addacht zu sein: Mit einem Brief an EU-Kom\u00admis\u00ad\u00adsion\u00adspr\u00e4si\u00ad\u00addentin Ursu\u00adla von der Leyen und die f\u00fcr Dig\u00adi\u00adtales zust\u00e4ndi\u00adge Vizepr\u00e4si\u00addentin Hen\u00adna Virkkunen wen\u00adden sich fast 90 Unternehmen (\u2026). Die Absender fordern von der EU angesichts der transat\u00adlantis\u00adchen Entwick\u00adlung ein klares Beken\u00adnt\u00adnis zu europ\u00e4is\u00adchen Dig\u00adi\u00adtal\u00adl\u00f6\u00adsun\u00adgen. \u2026<\/p>\n<p><a href=\"https:\/\/tuxproject.de\/blog\/2025\/03\/eumerika-zuerst\/\" class=\"more-link\">\u2018Eumeri\u00adka zuerst\u2019 weit\u00ader\u00adlesen \u00bb<\/a><\/p>\n","protected":false},"author":1,"featured_media":0,"comment_status":"open","ping_status":"open","sticky":false,"template":"","format":"standard","meta":{"wp_typography_post_enhancements_disabled":false,"footnotes":""},"categories":[13,19],"tags":[],"series":[],"class_list":["post-22931","post","type-post","status-publish","format-standard","hentry","category-in-den-nachrichten","category-nerdkrams"],"share_on_mastodon":{"url":"https:\/\/social.tchncs.de\/@hirnfick_20\/114183238344960466","error":""},"wp-worthy-pixel":{"ignored":false,"public":"57dbaac2b075400a9c6dd607d87b0300","server":"vg08.met.vgwort.de","url":"https:\/\/vg08.met.vgwort.de\/na\/57dbaac2b075400a9c6dd607d87b0300"},"wp-worthy-type":"normal","_links":{"self":[{"href":"https:\/\/tuxproject.de\/blog\/wp-json\/wp\/v2\/posts\/22931","targetHints":{"allow":["GET"]}}],"collection":[{"href":"https:\/\/tuxproject.de\/blog\/wp-json\/wp\/v2\/posts"}],"about":[{"href":"https:\/\/tuxproject.de\/blog\/wp-json\/wp\/v2\/types\/post"}],"author":[{"embeddable":true,"href":"https:\/\/tuxproject.de\/blog\/wp-json\/wp\/v2\/users\/1"}],"replies":[{"embeddable":true,"href":"https:\/\/tuxproject.de\/blog\/wp-json\/wp\/v2\/comments?post=22931"}],"version-history":[{"count":0,"href":"https:\/\/tuxproject.de\/blog\/wp-json\/wp\/v2\/posts\/22931\/revisions"}],"wp:attachment":[{"href":"https:\/\/tuxproject.de\/blog\/wp-json\/wp\/v2\/media?parent=22931"}],"wp:term":[{"taxonomy":"category","embeddable":true,"href":"https:\/\/tuxproject.de\/blog\/wp-json\/wp\/v2\/categories?post=22931"},{"taxonomy":"post_tag","embeddable":true,"href":"https:\/\/tuxproject.de\/blog\/wp-json\/wp\/v2\/tags?post=22931"},{"taxonomy":"series","embeddable":true,"href":"https:\/\/tuxproject.de\/blog\/wp-json\/wp\/v2\/series?post=22931"}],"curies":[{"name":"wp","href":"https:\/\/api.w.org\/{rel}","templated":true}]}}