{"id":22845,"date":"2025-02-16T00:29:55","date_gmt":"2025-02-15T23:29:55","guid":{"rendered":"https:\/\/tuxproject.de\/blog\/?p=22845"},"modified":"2025-02-17T04:14:53","modified_gmt":"2025-02-17T03:14:53","slug":"dies-ist-keine-wahlempfehlung","status":"publish","type":"post","link":"https:\/\/tuxproject.de\/blog\/2025\/02\/dies-ist-keine-wahlempfehlung\/","title":{"rendered":"Dies ist kei\u00adne Wahl\u00ademp\u00adfeh\u00adlung."},"content":{"rendered":"\n<p>Heu\u00adte in einer Woche \u201ew\u00e4hlt\u201c das Volk sich schon wie\u00adder irgend\u00adei\u00adnen Unsinn zusam\u00admen, weil es sich von den Ant\u00adwor\u00adten der Par\u00adtei\u00aden <a href=\"https:\/\/tuxproject.de\/blog\/2013\/08\/wahl-schwach-o-mat\/\">im \u201eWahl-O-Maten\u201c<\/a>, im \u201eWahl\u00adSwi\u00adper\u201c oder son\u00adsti\u00adgen wohl\u00adfei\u00adlen L\u00fcgen derer, deren Gesch\u00e4ft die Selbst\u00adver\u00admie\u00adtung ist, blen\u00adden lie\u00df. Ich fra\u00adge mich, wie vie\u00adle SPD-Regie\u00adrun\u00adgen ein durch\u00adschnitt\u00adli\u00adcher W\u00e4h\u00adler erle\u00adben muss, bevor er den Unter\u00adschied zwi\u00adschen Wahl\u00adpro\u00adgramm und Poli\u00adtik begreift.<\/p>\n\n\n\n\n<p>Mes\u00adser\u00admor\u00adde sei\u00aden ein wich\u00adti\u00adges The\u00adma im Wahl\u00adkampf, ver\u00adk\u00fcn\u00adden \u201edie rech\u00adten Par\u00adtei\u00aden\u201c, beschr\u00e4n\u00adken sich aber auf Pfei\u00adfen\u00adfor\u00adde\u00adrun\u00adgen wie Vor\u00adrats\u00adda\u00adten\u00adspei\u00adche\u00adrung (die nichts ver\u00adhin\u00addert), Kame\u00adra\u00ad\u00fcber\u00adwa\u00adchung (die kei\u00adne neu\u00aden Erkennt\u00adnis\u00adse bringt) und Mes\u00adser\u00adver\u00adbots\u00adzo\u00adnen. In Mag\u00adde\u00adburg und M\u00fcn\u00adchen wur\u00adden vor nicht all\u00adzu lan\u00adger Zeit Men\u00adschen aber nicht gemes\u00adsert, son\u00addern tot\u00adge\u00adfah\u00adren, mit\u00adhin mit stei\u00adgen\u00adder Fre\u00adquenz nicht etwa das Apfel\u00admes\u00adser, son\u00addern das Auto\u00admo\u00adbil zur Ter\u00adror\u00adwaf\u00adfe erko\u00adren. War\u00adum darf ich an man\u00adchen Orten in der Stadt kein <em>zu gro\u00ad\u00dfes Taschen\u00admes\u00adser<\/em> mit mir f\u00fch\u00adren, aber ein Auto?<\/p>\n\n\n\n\n<p>Ret\u00adtet Sym\u00adbol\u00adpo\u00adli\u00adtik wom\u00f6g\u00adlich gar kein Leben, son\u00addern ist nichts als Blen\u00adde\u00adrei?<\/p>\n\n\n\n\n<!--more--><p>Nein, wider\u00adspre\u00adchen da \u201edie lin\u00adken Par\u00adtei\u00aden\u201c (es gibt bekannt\u00adlich nur drei poli\u00adti\u00adsche Lager: \u201elinks\u201c, \u201erechts\u201c <a href=\"https:\/\/volmarrsheathenism.wordpress.com\/2025\/02\/13\/the-failure-of-left-and-right-why-the-future-lies-in-the-ancient-worldview-of-the-vikings\/\">und Wikin\u00adger<\/a>), das wich\u00adtig\u00adste The\u00adma sei das Kli\u00adma, denn wenn <em>wir alle<\/em> in weni\u00adgen Jah\u00adren Hit\u00adze, D\u00fcr\u00adre und Flut\u00adwel\u00adlen haben (man soll\u00adte ja mei\u00adnen, dass die Kom\u00adbi\u00adna\u00adti\u00adon aus D\u00fcr\u00adre und Flut bei\u00addes irgend\u00adwie auf\u00adhebt, aber gehen wir mal freund\u00adlich von Abwechs\u00adlung aus), dann wer\u00adde das die ein\u00adzi\u00adge Sor\u00adge sein, die noch rele\u00advant sei. Die kom\u00admen\u00adden Gene\u00adra\u00adtio\u00adnen (als sei es <em>drin\u00adgend not\u00adwen\u00addig<\/em>, dass von den Lebe\u00adwe\u00adsen auf der Erde <em>aus\u00adge\u00adrech\u00adnet<\/em> der Mensch noch ein paar Jahr\u00adhun\u00adder\u00adte lang nicht aus\u00adstirbt) sei\u00aden wich\u00adti\u00adger als das Hier und Jetzt. Ich bin davon \u00fcber\u00adzeugt, dass sich auf die\u00adse Wei\u00adse die Arbeits- <a href=\"https:\/\/blog.fefe.de\/?ts=99518ede\">und Obdach\u00adlo\u00adsen<\/a>, denen fort\u00adw\u00e4h\u00adrend Ver\u00adhun\u00adgern, Ver\u00addur\u00adsten und\/oder Erfrie\u00adren droht, davon \u00fcber\u00adzeu\u00adgen las\u00adsen, sie zu w\u00e4h\u00adlen, denn sonst w\u00e4re es ja au\u00dfer\u00ador\u00addent\u00adlich <em>unge\u00adschickt<\/em> von \u201eden lin\u00adken Par\u00adtei\u00aden\u201c, die\u00adje\u00adni\u00adgen, die ihre ange\u00adstamm\u00adte Ziel\u00adgrup\u00adpe sind, f\u00fcr <em>nicht so wich\u00adtig<\/em> zu erkl\u00e4\u00adren.<\/p>\n\n\n\n\n<p>Die Angst vor Krieg ist im Wahl\u00adkampf jen\u00adseits von MLPD (die DKP macht dies\u00admal <a href=\"https:\/\/www.bundeswahlleiterin.de\/info\/presse\/mitteilungen\/bundestagswahl-2025\/02_25_eingereichte-beteiligungsanzeigen.html\">wohl frei\u00adwil\u00adlig<\/a> nicht mit) und BSW nur noch der\u00adge\u00adstalt wahr\u00adzu\u00adneh\u00admen, dass es eini\u00adgen Par\u00adtei\u00aden gar nicht schnell genug gehen kann, das deut\u00adsche Wesen an den Gren\u00adzen Russ\u00adlands und dar\u00ad\u00fcber hin\u00adaus zu <em>ver\u00adtei\u00addi\u00adgen<\/em>. Das l\u00e4sst sich leicht for\u00addern, wenn man es nicht selbst ist, der dort schie\u00ad\u00dfen m\u00fcss\u00adte. Ich schrei\u00adbe es nicht gern, aber um so dring\u00adli\u00adcher: Wer nach 1945 <em>immer noch<\/em> der Mei\u00adnung ist, dass das, wof\u00fcr Deutsch\u00adland trotz der wirt\u00adschaft\u00adli\u00adchen Situa\u00adti\u00adon sei\u00adner B\u00fcr\u00adger jetzt am aller\u00addrin\u00adgend\u00adsten mehr Geld aus\u00adge\u00adben muss, <em>aus\u00adge\u00adrech\u00adnet<\/em> Mord\u00adwerk\u00adzeug ist, der ist, und das schrei\u00adbe ich so h\u00f6f\u00adlich wie es mir gera\u00adde noch eben m\u00f6g\u00adlich ist, eine dum\u00adme Pott\u00adsau.<\/p>\n\n\n\n\n<p>Gestern befand ich mich auf einer Ver\u00adan\u00adstal\u00adtung \u201ef\u00fcr die Demo\u00adkra\u00adtie\u201c, in deren Rah\u00admen eine Dame ener\u00adgisch von der B\u00fch\u00adne her\u00adab\u00adsprach, man sol\u00adle die Mei\u00adnungs\u00adfrei\u00adheit \u201eder Guten\u201c gegen \u201edie B\u00f6sen\u201c mit Wort und Tat ver\u00adtei\u00addi\u00adgen. Damit schloss sie sich den \u00fcbri\u00adgen Wort\u00adbei\u00adtr\u00e4\u00adgen des Abends an, deren Kon\u00adsens war, dass Demo\u00adkra\u00adtie nur ist, was nicht AfD ist. Man ste\u00adhe hier auf der B\u00fch\u00adne f\u00fcr \u201edas gan\u00adze Volk\u201c zum Schut\u00adze der Demo\u00adkra\u00adtie, doch sei das gemein\u00adte Volk nur der\u00adje\u00adni\u00adge Teil, der nicht <em>bl\u00f6d w\u00e4hlt<\/em>. Das Publi\u00adkum klatsch\u00adte und johl\u00adte, denn die AfD war nicht ein\u00adge\u00adla\u00adden. Es ist immer so leicht, Din\u00adge ein\u00adzu\u00adfor\u00addern, die sowie\u00adso schon jeder macht, der es h\u00f6rt. Poli\u00adti\u00adsche Dis\u00adkus\u00adsio\u00adnen sind so sch\u00f6n fried\u00adlich, wenn nie\u00admand mit einer Gegen\u00adthe\u00adse st\u00f6rt. \u2013 Man sol\u00adle drin\u00adgend w\u00e4h\u00adlen gehen, wur\u00adde des Wei\u00adte\u00adren berich\u00adtet, als w\u00e4re eine Wahl in einem System, das nicht zuletzt am Par\u00adtei\u00adwe\u00adsen krankt, die revo\u00adlu\u00adtio\u00adn\u00e4r\u00adste L\u00f6sung. Es ist nicht das Was. Es ist das Wie. Und sie ver\u00adste\u00adhen es nicht.<\/p>\n\n\n\n\n<p>Ich gebe auch in die\u00adsem Jahr kei\u00adne Wahl\u00ademp\u00adfeh\u00adlung ab, weil ich von Men\u00adschen, die so etwas tun, jedes Mal das drin\u00adgen\u00adde Bed\u00fcrf\u00adnis bekom\u00adme, mich gr\u00fcnd\u00adlich zu waschen, und wenn man das zu oft macht, kriegt man Pro\u00adble\u00adme mit der Haut oder so. Ich gebe nur zu beden\u00adken: Wenn man sich selbst nur die Wahl zwi\u00adschen den \u00dcbeln l\u00e4sst und sich dann f\u00fcr \u201edas klein\u00adste \u00dcbel\u201c ent\u00adschei\u00addet, dann bekommt man hin\u00adter\u00adher kei\u00adne bes\u00adse\u00adre Welt.<\/p>\n\n\n\n\n<p>Son\u00addern eine \u00fcble.<\/p>\n","protected":false},"excerpt":{"rendered":"<p>Heu\u00adte in einer Woche \u201ew\u00e4hlt\u201c das Volk sich schon wie\u00adder irgend\u00adei\u00adnen Unsinn zusam\u00admen, weil es sich von den Ant\u00adwor\u00adten der Par\u00adtei\u00aden im \u201eWahl-O-Maten\u201c, im \u201eWahl\u00adSwi\u00adper\u201c oder son\u00adsti\u00adgen wohl\u00adfei\u00adlen L\u00fcgen derer, deren Gesch\u00e4ft die Selbst\u00adver\u00admie\u00adtung ist, blen\u00adden lie\u00df. Ich fra\u00adge mich, wie vie\u00adle SPD-Regie\u00adrun\u00ad\u00ad\u00adgen ein durch\u00adschnitt\u00adli\u00adcher W\u00e4h\u00adler erle\u00adben muss, bevor er den Unter\u00adschied zwi\u00adschen Wahl\u00adpro\u00adgramm und \u2026<\/p>\n<p><a href=\"https:\/\/tuxproject.de\/blog\/2025\/02\/dies-ist-keine-wahlempfehlung\/\" class=\"more-link\">\u2018Dies ist kei\u00adne Wahl\u00ademp\u00adfeh\u00adlung.\u2019 wei\u00adter\u00adle\u00adsen \u00bb<\/a><\/p>\n","protected":false},"author":1,"featured_media":0,"comment_status":"open","ping_status":"open","sticky":false,"template":"","format":"standard","meta":{"wp_typography_post_enhancements_disabled":false,"footnotes":""},"categories":[4],"tags":[],"series":[],"class_list":["post-22845","post","type-post","status-publish","format-standard","hentry","category-politik"],"share_on_mastodon":{"url":"https:\/\/social.tchncs.de\/@hirnfick_20\/114010501965608700","error":""},"wp-worthy-pixel":{"ignored":false,"public":"2f0ec99dedd94a98a4572f3b56b7ae57","server":"vg08.met.vgwort.de","url":"https:\/\/vg08.met.vgwort.de\/na\/2f0ec99dedd94a98a4572f3b56b7ae57"},"wp-worthy-type":"normal","_links":{"self":[{"href":"https:\/\/tuxproject.de\/blog\/wp-json\/wp\/v2\/posts\/22845","targetHints":{"allow":["GET"]}}],"collection":[{"href":"https:\/\/tuxproject.de\/blog\/wp-json\/wp\/v2\/posts"}],"about":[{"href":"https:\/\/tuxproject.de\/blog\/wp-json\/wp\/v2\/types\/post"}],"author":[{"embeddable":true,"href":"https:\/\/tuxproject.de\/blog\/wp-json\/wp\/v2\/users\/1"}],"replies":[{"embeddable":true,"href":"https:\/\/tuxproject.de\/blog\/wp-json\/wp\/v2\/comments?post=22845"}],"version-history":[{"count":0,"href":"https:\/\/tuxproject.de\/blog\/wp-json\/wp\/v2\/posts\/22845\/revisions"}],"wp:attachment":[{"href":"https:\/\/tuxproject.de\/blog\/wp-json\/wp\/v2\/media?parent=22845"}],"wp:term":[{"taxonomy":"category","embeddable":true,"href":"https:\/\/tuxproject.de\/blog\/wp-json\/wp\/v2\/categories?post=22845"},{"taxonomy":"post_tag","embeddable":true,"href":"https:\/\/tuxproject.de\/blog\/wp-json\/wp\/v2\/tags?post=22845"},{"taxonomy":"series","embeddable":true,"href":"https:\/\/tuxproject.de\/blog\/wp-json\/wp\/v2\/series?post=22845"}],"curies":[{"name":"wp","href":"https:\/\/api.w.org\/{rel}","templated":true}]}}