{"id":22809,"date":"2025-02-09T23:23:34","date_gmt":"2025-02-09T22:23:34","guid":{"rendered":"https:\/\/tuxproject.de\/blog\/?p=22809"},"modified":"2025-02-10T11:19:02","modified_gmt":"2025-02-10T10:19:02","slug":"dansk-macabre-ein-narr-hort-musik-in-der-monarchie","status":"publish","type":"post","link":"https:\/\/tuxproject.de\/blog\/2025\/02\/dansk-macabre-ein-narr-hort-musik-in-der-monarchie\/","title":{"rendered":"Dansk macab\u00adre: Ein Narr h\u00f6rt Musik in der Mon\u00adar\u00adchie"},"content":{"rendered":"\n<p>Unsch\u00f6\u00adner Satz: Es ist vor sie\u00adben Uhr mor\u00adgens und ich sit\u00adze in einem Bus. Um die\u00adse Zeit sind die Bus\u00adse in der Woche jeden\u00adfalls hier in der Stadt sowohl p\u00fcnkt\u00adlich als auch erfreu\u00adlich frei von Betrun\u00adke\u00adnen. Wer das sehr gegen\u00adtei\u00adli\u00adge Ber\u00adlin (\u00fcbri\u00adgens v\u00f6l\u00adlig zu Recht) nicht mag, der wird in Nie\u00adder\u00adsach\u00adsen viel\u00adleicht sein Gl\u00fcck fin\u00adden.<\/p>\n\n\n\n\n<p>Ich sit\u00adze in einem Bus, weil ich in einen Zug stei\u00adgen m\u00f6ch\u00adte, der dort beginnt, wo der Bus endet. Es ist Don\u00adners\u00adtag und ich fah\u00adre nach Kopen\u00adha\u00adgen.<\/p>\n\n\n\n<!--more--><p>In Kopen\u00adha\u00adgen \u2013 die Ein\u00adhei\u00admi\u00adschen nen\u00adnen es \u201eK\u00f8ben\u00adhavn\u201c, das ich schon des\u00adhalb neu\u00ader\u00addings immer \u201eK\u00f6ben\u00adha\u00adwen\u201c aus\u00adspre\u00adche, weil es D\u00e4nisch\u00adspre\u00adchern so sch\u00f6n auf \u201edie Fackel\u201c (Karl Kraus in v\u00f6l\u00adlig ande\u00adrem bzw. Tor\u00adsten Str\u00e4\u00adter in \u00e4hn\u00adli\u00adchem Zusam\u00admen\u00adhang) geht \u2013 m\u00f6ch\u00adte ich etwas tun, das ich seit \u00fcber sechs Jah\u00adren nicht mehr gemacht habe: Gl\u00fcck\u00adlich sein.<\/p>\n\n\n\n\n<p>Nein, ich kom\u00adme noch mal rein.<\/p>\n\n\n\n\n<p>In Kopen\u00adha\u00adgen \u2013 die Ein\u00adhei\u00admi\u00adschen nen\u00adnen es \u201eK\u00f8ben\u00adhavn\u201c, das ich schon des\u00adhalb neu\u00ader\u00addings immer \u201eK\u00f6ben\u00adha\u00adwen\u201c aus\u00adspre\u00adche, weil es D\u00e4nisch\u00adspre\u00adchern so sch\u00f6n auf \u201edie Fackel\u201c (Karl Kraus in v\u00f6l\u00adlig ande\u00adrem bzw. Tor\u00adsten Str\u00e4\u00adter in \u00e4hn\u00adli\u00adchem Zusam\u00admen\u00adhang) geht \u2013 m\u00f6ch\u00adte ich etwas tun, das ich seit \u00fcber sechs Jah\u00adren nicht mehr gemacht habe: Mog\u00adwai live sehen. Deren dies\u00adj\u00e4h\u00adri\u00adges Album \u201eThe Bad Fire\u201c ist zwar <a href=\"https:\/\/artnoir.ch\/mogwai-the-bad-fire\/\">eines der schw\u00e4\u00adche\u00adren Alben<\/a> (ich stim\u00adme zu) im Gesamt\u00adwerk der Schot\u00adten, aber man geht ja auch wegen des <em>fee\u00adlings<\/em> zu Mog\u00adwai. Wenn die Gitar\u00adren den Boden zum Schwin\u00adgen brin\u00adgen, so dass man qua\u00adsi r\u00fcck\u00adw\u00e4rts aus der Hal\u00adle geweht wird. Wen schert da die <em>rela\u00adti\u00adve<\/em> \u00d6dnis ein\u00adzel\u00adner Alben? Auf der B\u00fch\u00adne klingt Post\u00adrock <em>immer<\/em> bes\u00adser als sonst\u00adwo, und den\u00adke ich an Post\u00adrock, den\u00adke ich immer auch an Mog\u00adwai. Das hat Gr\u00fcn\u00adde.<\/p>\n\n\n\n\n<p>Auch Gr\u00fcn\u00adde hat es, dass ich mich daf\u00fcr, was ich f\u00fcr blo\u00ad\u00dfen Musik\u00adkon\u00adsum bis\u00adher nur sel\u00adten getan habe, eigens ins Aus\u00adland bege\u00adbe, n\u00e4m\u00adlich zum Einen, dass ich zwar schon mehr\u00admals in D\u00e4ne\u00admark, jedoch in Erman\u00adge\u00adlung eines kon\u00adkre\u00adten Anlas\u00adses noch nie in Kopen\u00adha\u00adgen war, und zum Ande\u00adren, dass die grund\u00adle\u00adgend sprach\u00adkun\u00addi\u00adge Rei\u00adse\u00adbe\u00adglei\u00adtung da immer schon mal hin\u00adwoll\u00adte. Ich rei\u00adse ja gern in oder wenig\u00adstens zu einer Beglei\u00adtung. Dann habe ich jeman\u00adden, mit dem ich reden kann. Ein\u00adhei\u00admi\u00adsche sind immer \u00fcber\u00adall so anstren\u00adgend. Dies\u00admal blei\u00adbe ich ein paar Tage, statt am Fol\u00adge\u00adtag wie\u00adder abzu\u00adrei\u00adsen, weil ich au\u00dfer\u00addem ein paar Besor\u00adgun\u00adgen machen m\u00f6ch\u00adte. Es gebe, erfuhr ich, in <em>der Gegend<\/em> jede Men\u00adge Din\u00adge mit Lakritz, die hier\u00adzu\u00adlan\u00adde schwer zu bekom\u00admen sind. Ich mag Lakritz und Din\u00adge, die hier\u00adzu\u00adlan\u00adde schwer zu bekom\u00admen sind.<\/p>\n\n\n\n\n<p>Der Zug also kam so p\u00fcnkt\u00adlich wie der Bus. Es ist erstaun\u00adlich, wie sehr man sich auf die Deut\u00adsche Bahn ver\u00adlas\u00adsen kann, wenn man beab\u00adsich\u00adtigt, au\u00dfer Lan\u00addes zu gelan\u00adgen. Ist das schon eine Fol\u00adge der Asyl\u00adre\u00adfor\u00admen? Da ist es nur fol\u00adge\u00adrich\u00adtig, dass ich in ein Land rei\u00adse, das zu den letz\u00adten nomi\u00adnel\u00adlen Mon\u00adar\u00adchien auf dem euro\u00adp\u00e4i\u00adschen Fest\u00adland geh\u00f6rt. Es k\u00f6nn\u00adte schlim\u00admer sein, es k\u00f6nn\u00adte eine Dik\u00adta\u00adtur sein. Zum Bei\u00adspiel der Vati\u00adkan.<\/p>\n\n\n\n\n<p><a href=\"https:\/\/tuxproject.de\/blog\/wp-content\/uploads\/2025\/02\/Make-Love-Not-War-Fuck-Israel.jpg\"><img loading=\"lazy\" decoding=\"async\" src=\"https:\/\/tuxproject.de\/blog\/wp-content\/uploads\/2025\/02\/Make-Love-Not-War-Fuck-Israel-300x284.jpg\" alt=\"Make Love Not War Fuck Israel\" width=\"300\" height=\"284\" class=\"alignnone size-medium wp-image-22813\" srcset=\"https:\/\/tuxproject.de\/blog\/wp-content\/uploads\/2025\/02\/Make-Love-Not-War-Fuck-Israel-300x284.jpg 300w, https:\/\/tuxproject.de\/blog\/wp-content\/uploads\/2025\/02\/Make-Love-Not-War-Fuck-Israel-120x114.jpg 120w, https:\/\/tuxproject.de\/blog\/wp-content\/uploads\/2025\/02\/Make-Love-Not-War-Fuck-Israel-768x727.jpg 768w, https:\/\/tuxproject.de\/blog\/wp-content\/uploads\/2025\/02\/Make-Love-Not-War-Fuck-Israel-730x691.jpg 730w, https:\/\/tuxproject.de\/blog\/wp-content\/uploads\/2025\/02\/Make-Love-Not-War-Fuck-Israel.jpg 800w\" sizes=\"auto, (max-width: 300px) 100vw, 300px\"><\/a><\/p>\n\n\n\n\n<p>In Kopen\u00adha\u00adgen fin\u00addet die\u00adser Tage <a href=\"https:\/\/www.visitdenmark.de\/daenemark\/reiseplanung\/kopenhagen-lichterfestival-gdk1098085\">ein Lich\u00adter\u00adfest<\/a> statt, was f\u00fcr Men\u00adschen, die sich von all\u00adzu bun\u00adtem Leuch\u00adten eher \u00fcber\u00adfor\u00addert als unter\u00adhal\u00adten f\u00fch\u00adlen, ein biss\u00adchen bedau\u00ader\u00adlich ist. Zum Gl\u00fcck spre\u00adche ich die Spra\u00adche der Ein\u00adhei\u00admi\u00adschen (jen\u00adseits von \u201efrisk fisk med kar\u00adtof\u00adlern\u201c, das mei\u00adne erste bewuss\u00adte Begeg\u00adnung mit dem D\u00e4ni\u00adschen war und mich als Kind, das noch nicht wuss\u00adte, dass sich \u00fcber die Spra\u00adche ande\u00adrer V\u00f6l\u00adker zu be\u00f6m\u00admeln sti\u00adli\u00adstisch als zumin\u00addest unfein zu ver\u00adste\u00adhen ist, aus klang\u00adli\u00adchen Gr\u00fcn\u00adden sehr zum Lachen brach\u00adte) nicht und kom\u00adme daher auch nicht in die Ver\u00adsu\u00adchung, einen gut h\u00f6r\u00adba\u00adren Aus\u00addruck des Miss\u00adfal\u00adlens zu \u00e4u\u00dfern. Der erste d\u00e4ni\u00adsche Satz, den ich der\u00adweil auf <em>die\u00adser<\/em> Rei\u00adse h\u00f6r\u00adte, war \u2013 noch im Zug \u2013 die Fra\u00adge, ob im Abteil noch M\u00fcll zum Weg\u00adr\u00e4u\u00admen sei. Es ist ein biss\u00adchen pein\u00adlich, sich <em>das<\/em> \u00fcber\u00adset\u00adzen las\u00adsen zu m\u00fcs\u00adsen. Die ver\u00admut\u00adlich durch\u00adaus zul\u00e4s\u00adsi\u00adge Ant\u00adwort \u201eJa, mine sprog\u00adkunds\u00adka\u00adber kan ryge i skral\u00addespan\u00adden\u201c habe ich f\u00fcr den R\u00fcck\u00adweg sicher\u00adheits\u00adhal\u00adber aus\u00adwen\u00addig gelernt.<\/p>\n\n\n\n<p>(Skral\u00addespan\u00adden w\u00e4re auch ein guter Band\u00adna\u00adme. Aber bestimmt gibt es den schon. Es gibt ja immer alle schon.)<\/p>\n\n\n\n\n<p><a href=\"https:\/\/tuxproject.de\/blog\/wp-content\/uploads\/2025\/02\/Kopenhagen-nass.jpg\"><img loading=\"lazy\" decoding=\"async\" src=\"https:\/\/tuxproject.de\/blog\/wp-content\/uploads\/2025\/02\/Kopenhagen-nass-300x225.jpg\" alt=\"Kopenhagen (nass)\" width=\"300\" height=\"225\" class=\"alignnone size-medium wp-image-22814\" srcset=\"https:\/\/tuxproject.de\/blog\/wp-content\/uploads\/2025\/02\/Kopenhagen-nass-300x225.jpg 300w, https:\/\/tuxproject.de\/blog\/wp-content\/uploads\/2025\/02\/Kopenhagen-nass-1024x768.jpg 1024w, https:\/\/tuxproject.de\/blog\/wp-content\/uploads\/2025\/02\/Kopenhagen-nass-120x90.jpg 120w, https:\/\/tuxproject.de\/blog\/wp-content\/uploads\/2025\/02\/Kopenhagen-nass-768x576.jpg 768w, https:\/\/tuxproject.de\/blog\/wp-content\/uploads\/2025\/02\/Kopenhagen-nass-730x548.jpg 730w, https:\/\/tuxproject.de\/blog\/wp-content\/uploads\/2025\/02\/Kopenhagen-nass.jpg 1200w\" sizes=\"auto, (max-width: 300px) 100vw, 300px\"><\/a><\/p>\n\n\n\n\n<p>Der Kaf\u00adfee im d\u00e4ni\u00adschen Teil des nur m\u00e4\u00dfig sau\u00adbe\u00adren Euro\u00adstar schmeckt bes\u00adser als der in deut\u00adschen Z\u00fcgen, obwohl der Zug tech\u00adnisch auch blo\u00df ein alter ICE ist. Das ist so erfreu\u00adlich wie merk\u00adw\u00fcr\u00addig. Aber ich bin ja nicht zum Kaf\u00adfee\u00adtrin\u00adken da. <em>(Unsinn. Ich bin immer \u00fcber\u00adall zum Kaf\u00adfee\u00adtrin\u00adken.)<\/em><\/p>\n\n\n\n\n<p><a href=\"https:\/\/tuxproject.de\/blog\/wp-content\/uploads\/2025\/02\/Ist-ja-quasi-Kaffee.jpg\"><img loading=\"lazy\" decoding=\"async\" src=\"https:\/\/tuxproject.de\/blog\/wp-content\/uploads\/2025\/02\/Ist-ja-quasi-Kaffee-300x297.jpg\" alt=\"Ist ja quasi Kaffee.\" width=\"300\" height=\"297\" class=\"alignnone size-medium wp-image-22815\" srcset=\"https:\/\/tuxproject.de\/blog\/wp-content\/uploads\/2025\/02\/Ist-ja-quasi-Kaffee-300x297.jpg 300w, https:\/\/tuxproject.de\/blog\/wp-content\/uploads\/2025\/02\/Ist-ja-quasi-Kaffee-120x120.jpg 120w, https:\/\/tuxproject.de\/blog\/wp-content\/uploads\/2025\/02\/Ist-ja-quasi-Kaffee.jpg 600w\" sizes=\"auto, (max-width: 300px) 100vw, 300px\"><\/a><\/p>\n\n\n\n\n<p>In D\u00e4ne\u00admark ist fast alles sehr teu\u00ader, aber das f\u00e4llt nicht so auf, weil die W\u00e4h\u00adrung so <a href=\"https:\/\/www.finanzen.net\/waehrungsrechner\/euro_daenische-krone?amount=1&amp;date=2025-02-06&amp;interbankrate=0\">wenig \u201ewert\u201c<\/a> ist. Trotz\u00addem sind die D\u00e4nen <a href=\"https:\/\/www.wissenschaft.de\/gesellschaft-psychologie\/gluecksforschung-warum-sind-die-daenen-so-zufrieden\/\">gl\u00fcck\u00adli\u00adche Men\u00adschen.<\/a> Irgend\u00adwo in die\u00adsem Umstand befin\u00addet sich ein Kom\u00admen\u00adtar zum Kapi\u00adta\u00adlis\u00admus, der ger\u00adne raus will, aber den kann ich gera\u00adde nicht her\u00adaus\u00adlocken. Das mobi\u00adle Inter\u00adnet im Zug ist schei\u00ad\u00dfe. (Das, immer\u00adhin, mag ich am sonst gro\u00df\u00adteils mei\u00adnen L\u00e4n\u00adder\u00adge\u00adschmack ver\u00adfeh\u00adlen\u00adden Tsche\u00adchi\u00aden: Selbst im bay\u00adri\u00adschen Wald hat man bes\u00adse\u00adres mobi\u00adles Netz aus Tsche\u00adchi\u00aden als in einer deut\u00adschen Gro\u00df\u00adstadt aus dem eige\u00adnen Land.) Es gibt aller\u00addings auch in unmit\u00adtel\u00adba\u00adrer N\u00e4he zuein\u00adan\u00adder Bur\u00adger King, Lidl und Tes\u00adla. Daf\u00fcr f\u00e4hrt man doch gern stun\u00adden\u00adlang umher.<\/p>\n\n\n\n<p><a href=\"https:\/\/tuxproject.de\/blog\/wp-content\/uploads\/2025\/02\/JEG-VIL-BARE-GERNE-VIERE-ET-GODT-MENNESKE-MEN-DET-ER-IKKE-LET.jpg\"><img loading=\"lazy\" decoding=\"async\" src=\"https:\/\/tuxproject.de\/blog\/wp-content\/uploads\/2025\/02\/JEG-VIL-BARE-GERNE-VIERE-ET-GODT-MENNESKE-MEN-DET-ER-IKKE-LET-300x215.jpg\" alt=\"JEG VIL BARE GERNE VIERE ET GODT MENNESKE, MEN DET ER IKKE LET.\" width=\"300\" height=\"215\" class=\"alignnone size-medium wp-image-22826\" srcset=\"https:\/\/tuxproject.de\/blog\/wp-content\/uploads\/2025\/02\/JEG-VIL-BARE-GERNE-VIERE-ET-GODT-MENNESKE-MEN-DET-ER-IKKE-LET-300x215.jpg 300w, https:\/\/tuxproject.de\/blog\/wp-content\/uploads\/2025\/02\/JEG-VIL-BARE-GERNE-VIERE-ET-GODT-MENNESKE-MEN-DET-ER-IKKE-LET-120x86.jpg 120w, https:\/\/tuxproject.de\/blog\/wp-content\/uploads\/2025\/02\/JEG-VIL-BARE-GERNE-VIERE-ET-GODT-MENNESKE-MEN-DET-ER-IKKE-LET-768x549.jpg 768w, https:\/\/tuxproject.de\/blog\/wp-content\/uploads\/2025\/02\/JEG-VIL-BARE-GERNE-VIERE-ET-GODT-MENNESKE-MEN-DET-ER-IKKE-LET-730x522.jpg 730w, https:\/\/tuxproject.de\/blog\/wp-content\/uploads\/2025\/02\/JEG-VIL-BARE-GERNE-VIERE-ET-GODT-MENNESKE-MEN-DET-ER-IKKE-LET.jpg 800w\" sizes=\"auto, (max-width: 300px) 100vw, 300px\"><\/a><\/p>\n\n\n\n\n<p>D\u00e4nisch klingt, als h\u00e4t\u00adte ein betrun\u00adke\u00adner Eng\u00adl\u00e4n\u00adder eine hei\u00ad\u00dfe Kar\u00adtof\u00adfel im Mund. Und w\u00fcr\u00adde dabei D\u00e4nisch reden. Eine Hal\u00adte\u00adstel\u00adle der Ring\u00adbahn hei\u00dft \u201eGam\u00admel Strand\u201c. Das ist trotz\u00addem wit\u00adzig. Zum Gl\u00fcck spre\u00adchen die mei\u00adsten Dienst\u00adlei\u00adster in der Stadt zumin\u00addest so was \u00c4hn\u00adli\u00adches wie Eng\u00adlisch. So was \u00c4hn\u00adli\u00adches wie Eng\u00adlisch hat dem Fran\u00adz\u00f6\u00adsi\u00adschen ja der\u00adzeit den Rang als Welt\u00adspra\u00adche abge\u00adlau\u00adfen. Fran\u00adz\u00f6\u00adsisch kann ich n\u00e4m\u00adlich auch nicht und mag auch nicht, wie es klingt.<\/p>\n\n\n\n\n<p><a href=\"https:\/\/tuxproject.de\/blog\/wp-content\/uploads\/2025\/02\/Gammel-laesesal.png\"><img loading=\"lazy\" decoding=\"async\" src=\"https:\/\/tuxproject.de\/blog\/wp-content\/uploads\/2025\/02\/Gammel-laesesal-300x165.png\" alt=\"Gammel l\u00e6sesal\" width=\"300\" height=\"165\" class=\"alignnone size-medium wp-image-22811\" srcset=\"https:\/\/tuxproject.de\/blog\/wp-content\/uploads\/2025\/02\/Gammel-laesesal-300x165.png 300w, https:\/\/tuxproject.de\/blog\/wp-content\/uploads\/2025\/02\/Gammel-laesesal-120x66.png 120w, https:\/\/tuxproject.de\/blog\/wp-content\/uploads\/2025\/02\/Gammel-laesesal-768x422.png 768w, https:\/\/tuxproject.de\/blog\/wp-content\/uploads\/2025\/02\/Gammel-laesesal-730x401.png 730w, https:\/\/tuxproject.de\/blog\/wp-content\/uploads\/2025\/02\/Gammel-laesesal.png 1000w\" sizes=\"auto, (max-width: 300px) 100vw, 300px\"><\/a><\/p>\n\n\n\n\n<p>Die Ankunfts\u00admahl\u00adzeit in Kopen\u00adha\u00adgen gibt es aber nicht in einem Kar\u00adtof\u00adfel\u00adre\u00adstau\u00adrant, son\u00addern in einem, wie auf Tri\u00adp\u00adad\u00advi\u00adsor freund\u00adlich gewarnt wird, \u201enicht f\u00fcr Vege\u00adta\u00adri\u00ader\u201c geeig\u00adne\u00adten Lokal mit dem urd\u00e4\u00adni\u00adschen Namen \u201eFleisch\u201c. Bei \u201eFleisch\u201c gibt es her\u00adaus\u00adra\u00adgend gute Kom\u00adbi\u00adna\u00adtio\u00adnen aus durch\u00adaus ange\u00admes\u00adsen gesal\u00adze\u00adnem, nun ja, Fleisch und dazu pas\u00adsen\u00adden (gelun\u00adge\u00adnen) Pom\u00admes, Sau\u00adcen und Cremes f\u00fcr tat\u00ads\u00e4ch\u00adlich f\u00fcr Kopen\u00adha\u00adge\u00adner Ver\u00adh\u00e4lt\u00adnis\u00adse \u2013 auch ver\u00adgli\u00adchen mit ande\u00adren Orten in D\u00e4ne\u00admark ist die Stadt wirk\u00adlich teu\u00ader \u2013 nicht gesal\u00adze\u00adne Prei\u00adse. (Die g\u00e4be es auch, Nobel\u00adk\u00fc\u00adche fin\u00addet man in Kopen\u00adha\u00adgen vie\u00adler\u00adorts, aber ich habe mich dage\u00adgen ent\u00adschie\u00adden. Ich bin ja nicht beruf\u00adlich hier.) Den Gro\u00df\u00adteil des Gel\u00addes ver\u00addie\u00adnen sie im \u201eFleisch\u201c wohl an den Getr\u00e4n\u00adken, wie es heu\u00adte eben so \u00fcblich ist. Wenn man sich an Bier und Was\u00adser h\u00e4lt, f\u00e4llt das nicht so auf. W\u00e4rm\u00adste Emp\u00adfeh\u00adlung f\u00fcr den Laden, f\u00fcr das Bier nicht unbe\u00addingt. So gut wie dort a\u00df ich w\u00e4h\u00adrend des Auf\u00adent\u00adhalts in der Stadt nicht mehr. Obwohl ich es ver\u00adsucht habe.<\/p>\n\n\n\n\n<p><a href=\"https:\/\/tuxproject.de\/blog\/wp-content\/uploads\/2025\/02\/LEBEN.jpg\"><img loading=\"lazy\" decoding=\"async\" src=\"https:\/\/tuxproject.de\/blog\/wp-content\/uploads\/2025\/02\/LEBEN-300x168.jpg\" alt=\"LEBEN, indeed.\" width=\"300\" height=\"168\" class=\"alignnone size-medium wp-image-22817\" srcset=\"https:\/\/tuxproject.de\/blog\/wp-content\/uploads\/2025\/02\/LEBEN-300x168.jpg 300w, https:\/\/tuxproject.de\/blog\/wp-content\/uploads\/2025\/02\/LEBEN-120x67.jpg 120w, https:\/\/tuxproject.de\/blog\/wp-content\/uploads\/2025\/02\/LEBEN-768x431.jpg 768w, https:\/\/tuxproject.de\/blog\/wp-content\/uploads\/2025\/02\/LEBEN-730x410.jpg 730w, https:\/\/tuxproject.de\/blog\/wp-content\/uploads\/2025\/02\/LEBEN.jpg 800w\" sizes=\"auto, (max-width: 300px) 100vw, 300px\"><\/a><\/p>\n\n\n\n\n<p><em>(Lie\u00adbe G\u00fcte. Jetzt macht der Typ auch noch ein Gastro\u00adblog auf. Lebt der im fal\u00adschen Jahr\u00adzehnt oder was?)<\/em><\/p>\n\n\n\n\n<p>Ich will nicht behaup\u00adten, dass Kopen\u00adha\u00adgen ein Dro\u00adgen\u00adpro\u00adblem hat, aber es gibt Anzei\u00adchen. An fast jeder Ecke gibt es Anzei\u00adchen.<\/p>\n\n\n\n\n<p><a href=\"https:\/\/tuxproject.de\/blog\/wp-content\/uploads\/2025\/02\/Kanylebox.jpg\"><img loading=\"lazy\" decoding=\"async\" src=\"https:\/\/tuxproject.de\/blog\/wp-content\/uploads\/2025\/02\/Kanylebox-225x300.jpg\" alt=\"Kanylebox\" width=\"225\" height=\"300\" class=\"alignnone size-medium wp-image-22818\" srcset=\"https:\/\/tuxproject.de\/blog\/wp-content\/uploads\/2025\/02\/Kanylebox-225x300.jpg 225w, https:\/\/tuxproject.de\/blog\/wp-content\/uploads\/2025\/02\/Kanylebox-768x1024.jpg 768w, https:\/\/tuxproject.de\/blog\/wp-content\/uploads\/2025\/02\/Kanylebox-90x120.jpg 90w, https:\/\/tuxproject.de\/blog\/wp-content\/uploads\/2025\/02\/Kanylebox-730x973.jpg 730w, https:\/\/tuxproject.de\/blog\/wp-content\/uploads\/2025\/02\/Kanylebox.jpg 1200w\" sizes=\"auto, (max-width: 225px) 100vw, 225px\"><\/a><\/p>\n\n\n\n\n<p>Im Auf\u00adzug des Hotels l\u00e4uft schlim\u00adme Pop\u00admu\u00adsik. Zum Gl\u00fcck f\u00e4hrt er schnell. Auch schnell ist der Kaf\u00adfee\u00adaus\u00adguss im Erd\u00adge\u00adschoss. Der d\u00e4ni\u00adsche Kaf\u00adfee ist so stark wie das Fleisch. Sch\u00f6\u00adnes Land f\u00fcr Men\u00adschen mit mei\u00adnen Kof\u00adfe\u00adin\u00adpro\u00adble\u00admen, bl\u00f6d f\u00fcr Leu\u00adte mit zu hohem Blut\u00addruck. Aber das ist beim Fleisch ja auch so. Schwar\u00adzen Kaf\u00adfee bekommt man in den B\u00e4cke\u00adrei\u00aden aller\u00addings nicht selbst\u00adver\u00adst\u00e4nd\u00adlich, nur \u201eAme\u00adri\u00adca\u00adno\u201c. Ver\u00addamm\u00adte Hip\u00adster.<\/p>\n\n\n\n\n<p>Apro\u00adpos Hip\u00adster: D\u00e4nen sind ein anstren\u00adgend h\u00f6f\u00adli\u00adches Volk. W\u00e4re ich zwei Tage l\u00e4n\u00adger dort gewe\u00adsen, h\u00e4t\u00adte ich wahr\u00adschein\u00adlich zum Aus\u00adgleich einen Vogel getre\u00adten. Ein\u00adfach, um wie\u00adder ein gesun\u00addes Gleich\u00adge\u00adwicht her\u00adzu\u00adstel\u00adlen. In Kopen\u00adha\u00adgen sagen sogar Fahr\u00adrad\u00adna\u00adzis, f\u00fcr die die Ver\u00adkehrs\u00adre\u00adgeln ver\u00admeint\u00adlich nicht gel\u00adten, \u201esor\u00adry\u201c statt \u201eArsch\u00adloch!\u201c oder \u201eweg da!\u201c. Auch in die\u00adser Hin\u00adsicht \u00fcber\u00adtrifft Kopen\u00adha\u00adgen Ber\u00adlin. Man muss auch nicht st\u00e4n\u00addig \u00fcber im Weg her\u00adum\u00adste\u00adhen\u00adde Kin\u00addert\u00adret\u00adrol\u00adler flu\u00adchen. Daf\u00fcr muss man st\u00e4n\u00addig \u00fcber im Weg her\u00adum\u00adste\u00adhen\u00adde Leih\u00adfahr\u00adr\u00e4\u00adder flu\u00adchen. Unent\u00adschie\u00adden, w\u00fcr\u00adde ich sagen. Immer\u00adhin ist die U\u2011Bahn p\u00fcnkt\u00adlich. Die macht auch mal die T\u00fcr mit\u00adten in der Schlan\u00adge zu. Ich fin\u00adde das aus\u00addr\u00fcck\u00adlich gut.<\/p>\n\n\n\n\n<p><a href=\"https:\/\/tuxproject.de\/blog\/wp-content\/uploads\/2025\/02\/Smorrebrod.jpg\"><img loading=\"lazy\" decoding=\"async\" src=\"https:\/\/tuxproject.de\/blog\/wp-content\/uploads\/2025\/02\/Smorrebrod-225x300.jpg\" alt=\"Sm\u00f8rrebr\u00f8d, Sm\u00f8rrebr\u00f8d, r\u00f8mp\u00f8mp\u00f8mp\u00f8m\" width=\"225\" height=\"300\" class=\"alignnone size-medium wp-image-22819\" srcset=\"https:\/\/tuxproject.de\/blog\/wp-content\/uploads\/2025\/02\/Smorrebrod-225x300.jpg 225w, https:\/\/tuxproject.de\/blog\/wp-content\/uploads\/2025\/02\/Smorrebrod-90x120.jpg 90w, https:\/\/tuxproject.de\/blog\/wp-content\/uploads\/2025\/02\/Smorrebrod-730x973.jpg 730w, https:\/\/tuxproject.de\/blog\/wp-content\/uploads\/2025\/02\/Smorrebrod.jpg 750w\" sizes=\"auto, (max-width: 225px) 100vw, 225px\"><\/a><\/p>\n\n\n\n\n<p>Man ist als Deut\u00adscher, der im euro\u00adp\u00e4i\u00adschen Aus\u00adland sich auf\u00adzu\u00adhal\u00adten gedenkt, zwei\u00ader\u00adlei Kar\u00adten zu besit\u00adzen gehal\u00adten, n\u00e4m\u00adlich eine Debit\u00adkar\u00adte f\u00fcr\u2019s Inland, wo Betrei\u00adber von Loka\u00adlen sich Kre\u00addit\u00adkar\u00adten\u00adtrans\u00adak\u00adtio\u00adnen meist nicht lei\u00adsten wol\u00adlen, und eine Kre\u00addit\u00adkar\u00adte f\u00fcr alle ande\u00adren L\u00e4n\u00adder, denn was eine Debit\u00adkar\u00adte ist, wei\u00df man dort oft nicht. Auch nicht, wenn\u2019s dran\u00adsteht. Der Deut\u00adsche soll\u00adte sich echt bes\u00adser inte\u00adgrie\u00adren in die\u00adses Euro\u00adpa.<\/p>\n\n\n\n\n<p><a href=\"https:\/\/tuxproject.de\/blog\/wp-content\/uploads\/2025\/02\/FUCKHAUS.jpg\"><img loading=\"lazy\" decoding=\"async\" src=\"https:\/\/tuxproject.de\/blog\/wp-content\/uploads\/2025\/02\/FUCKHAUS-225x300.jpg\" alt=\"FUCKHAUS\" width=\"225\" height=\"300\" class=\"alignnone size-medium wp-image-22820\" srcset=\"https:\/\/tuxproject.de\/blog\/wp-content\/uploads\/2025\/02\/FUCKHAUS-225x300.jpg 225w, https:\/\/tuxproject.de\/blog\/wp-content\/uploads\/2025\/02\/FUCKHAUS-768x1024.jpg 768w, https:\/\/tuxproject.de\/blog\/wp-content\/uploads\/2025\/02\/FUCKHAUS-90x120.jpg 90w, https:\/\/tuxproject.de\/blog\/wp-content\/uploads\/2025\/02\/FUCKHAUS-730x973.jpg 730w, https:\/\/tuxproject.de\/blog\/wp-content\/uploads\/2025\/02\/FUCKHAUS.jpg 900w\" sizes=\"auto, (max-width: 225px) 100vw, 225px\"><\/a><\/p>\n\n\n\n\n<p>Die Vor\u00adgrup\u00adpe von Mog\u00adwai ist gar kei\u00adne Grup\u00adpe, son\u00addern eine mir bis dato unbe\u00adkann\u00adte Schot\u00adtin namens <a href=\"https:\/\/kathrynjoseph.bandcamp.com\">Kath\u00adryn Joseph<\/a>, die mit einer ange\u00adnehm zer\u00adbrech\u00adli\u00adchen Stim\u00adme <em>(\u201eange\u00adnehm zer\u00adbrech\u00adlich\u201c ist ja auch so eine Phra\u00adse, die man nur in man\u00adchen Kon\u00adtex\u00adten sinn\u00advoll ver\u00adwen\u00adden kann, ohne direkt gecan\u00adcelt zu wer\u00adden)<\/em> abwech\u00adselnd Kla\u00advier\u00admu\u00adsik, irgend\u00adwas mit \u201efuck\u00ading\u201c und (zu vie\u00adle) abwer\u00adten\u00adde Spr\u00fc\u00adche \u00fcber sich selbst vor\u00adf\u00fchrt. Nicht unbe\u00addingt das, was ich mir auf Plat\u00adte besor\u00adgen w\u00fcr\u00adde, und musi\u00adka\u00adlisch von ihrer erkl\u00e4r\u00adten Lieb\u00adlings\u00adband Mog\u00adwai (die \u201eJungs\u201c sei\u00aden im ech\u00adten Leben \u201elustig\u201c, was ich immer\u00adhin sofort glau\u00adbe) recht weit ent\u00adfernt, aber wohl\u00adklin\u00adgend ja doch schon irgend\u00adwie.<\/p>\n\n\n\n\n<p><a href=\"https:\/\/tuxproject.de\/blog\/wp-content\/uploads\/2025\/02\/Kathryn-Joseph.jpg\"><img loading=\"lazy\" decoding=\"async\" src=\"https:\/\/tuxproject.de\/blog\/wp-content\/uploads\/2025\/02\/Kathryn-Joseph-300x288.jpg\" alt=\"Kathryn Joseph\" width=\"300\" height=\"288\" class=\"alignnone size-medium wp-image-22821\" srcset=\"https:\/\/tuxproject.de\/blog\/wp-content\/uploads\/2025\/02\/Kathryn-Joseph-300x288.jpg 300w, https:\/\/tuxproject.de\/blog\/wp-content\/uploads\/2025\/02\/Kathryn-Joseph-120x115.jpg 120w, https:\/\/tuxproject.de\/blog\/wp-content\/uploads\/2025\/02\/Kathryn-Joseph-768x738.jpg 768w, https:\/\/tuxproject.de\/blog\/wp-content\/uploads\/2025\/02\/Kathryn-Joseph-730x702.jpg 730w, https:\/\/tuxproject.de\/blog\/wp-content\/uploads\/2025\/02\/Kathryn-Joseph.jpg 1000w\" sizes=\"auto, (max-width: 300px) 100vw, 300px\"><\/a><\/p>\n\n\n\n\n<p>War\u00adum Kon\u00adzert\u00adver\u00adan\u00adstal\u00adtun\u00adgen aber immer so sehr kunst\u00adbe\u00adne\u00adbelt wer\u00adden, dass man zum Ende einer Vor\u00adf\u00fch\u00adrung hin vorn auch ein\u00adfach ein Ton\u00adband\u00adge\u00adr\u00e4t hin\u00adstel\u00adlen k\u00f6nn\u00adte, ohne dass jemand den Unter\u00adschied bemerk\u00adte, \u00fcber\u00adsteigt mei\u00adne Vor\u00adstel\u00adlungs\u00adkraft trotz allem immer noch. Viel\u00adleicht erlan\u00adge ich in die\u00adsem Punkt eines Tages Erkennt\u00adnis. Ist gut f\u00fcr\u2018s Bodhi.<\/p>\n\n\n\n\n<p>Nach ein wenig <em>sound\u00adcheck<\/em> betra\u00adten Mog\u00adwai p\u00fcnkt\u00adlich und immer noch ver\u00adne\u00adbelt zwei Stun\u00adden nach Ein\u00adlass und eine Stun\u00adde nach Beginn des Vor\u00adkon\u00adzerts die B\u00fch\u00adne. Von der Empo\u00adre aus sieht man trotz davor\u00adge\u00adh\u00e4ng\u00adter Laut\u00adspre\u00adcher zwar ganz gut, aber die Beleuch\u00adter spie\u00adlen gern stro\u00adbo\u00adsko\u00adpi\u00adsche Strei\u00adche. Zum Gl\u00fcck bin ich kein Epi\u00adlep\u00adti\u00adker.<\/p>\n\n\n\n\n<p><a href=\"https:\/\/tuxproject.de\/blog\/wp-content\/uploads\/2025\/02\/Suchbild-Mogwai.jpg\"><img loading=\"lazy\" decoding=\"async\" src=\"https:\/\/tuxproject.de\/blog\/wp-content\/uploads\/2025\/02\/Suchbild-Mogwai-225x300.jpg\" alt=\"Suchbild: Mogwai\" width=\"225\" height=\"300\" class=\"alignnone size-medium wp-image-22823\" srcset=\"https:\/\/tuxproject.de\/blog\/wp-content\/uploads\/2025\/02\/Suchbild-Mogwai-225x300.jpg 225w, https:\/\/tuxproject.de\/blog\/wp-content\/uploads\/2025\/02\/Suchbild-Mogwai-90x120.jpg 90w, https:\/\/tuxproject.de\/blog\/wp-content\/uploads\/2025\/02\/Suchbild-Mogwai-730x973.jpg 730w, https:\/\/tuxproject.de\/blog\/wp-content\/uploads\/2025\/02\/Suchbild-Mogwai.jpg 750w\" sizes=\"auto, (max-width: 225px) 100vw, 225px\"><\/a><\/p>\n\n\n\n\n<p>Der Klang in der VEGA-Hal\u00adle ist gut, aber die erwart\u00adbar <strong>LAUTE<\/strong> Gitar\u00adren\u00adbreit\u00adwand von Mog\u00adwai hat s\u00e4mt\u00adli\u00adchen Gesang erschla\u00adgen. Das ist in Ord\u00adnung. Man geht ja nicht zu Mog\u00adwai, weil man wen sin\u00adgen h\u00f6ren will. <a href=\"https:\/\/www.setlist.fm\/setlist\/mogwai\/2025\/vega-copenhagen-denmark-5353f31d.html\">Dar\u00adge\u00adbo\u00adten wur\u00adde<\/a> etwa andert\u00adhalb Stun\u00adden lang ein Quer\u00adschnitt des Band\u00adschaf\u00adfens, er ende\u00adte zur Freu\u00adde des Publi\u00adkums mit einer L\u00e4r\u00admes\u00adka\u00adla\u00adti\u00adon (\u201eMy Father My King\u201c, eine zwar schon etwas \u00e4lte\u00adre, aber selbst von mir deut\u00adlich unter\u00adsch\u00e4tz\u00adte Sin\u00adgle, die ich mir drin\u00adgend noch besor\u00adgen muss). Ein D\u00e4ne bekun\u00adde\u00adte unge\u00adfragt nach dem Kon\u00adzert, er sei jetzt taub. So muss das. Es ist nur Mog\u00adwai, wenn man vor lau\u00adter Vibra\u00adtio\u00adnen fast von der Empo\u00adre f\u00e4llt.<\/p>\n\n\n\n\n<p>In Kopen\u00adha\u00adgen haben Super\u00adm\u00e4rk\u00adte und Knei\u00adpen \u00d6ff\u00adnungs\u00adzei\u00adten, die in Deutsch\u00adland ver\u00admut\u00adlich das Ord\u00adnungs\u00adamt auf den Plan rufen w\u00fcr\u00adden. Jetzt reicht\u2019s, ich mach\u2018 Revo\u00adlu\u00adti\u00adon. (In D\u00e4ne\u00admark.)<\/p>\n\n\n\n\n<p><a href=\"https:\/\/tuxproject.de\/blog\/wp-content\/uploads\/2025\/02\/Tueren-schubsen.jpg\"><img loading=\"lazy\" decoding=\"async\" src=\"https:\/\/tuxproject.de\/blog\/wp-content\/uploads\/2025\/02\/Tueren-schubsen-296x300.jpg\" alt=\"T\u00fcren schubsen\" width=\"296\" height=\"300\" class=\"alignnone size-medium wp-image-22824\" srcset=\"https:\/\/tuxproject.de\/blog\/wp-content\/uploads\/2025\/02\/Tueren-schubsen-296x300.jpg 296w, https:\/\/tuxproject.de\/blog\/wp-content\/uploads\/2025\/02\/Tueren-schubsen.jpg 660w\" sizes=\"auto, (max-width: 296px) 100vw, 296px\"><\/a><\/p>\n\n\n\n\n<p>Die mei\u00adsten Toi\u00adlet\u00adten in Geb\u00e4u\u00adden sind <em>uni\u00adsex<\/em>. Das erkennt man an den Pik\u00adto\u00adgram\u00admen bei\u00adder Geschlech\u00adter. Bei\u00adder. Zwei. Ich bewer\u00adte nicht, ich stel\u00adle nur fest. Haus\u00adein\u00adg\u00e4n\u00adge sind oft trepp\u00adab. Ent\u00adwe\u00adder waren die Stadt\u00adpla\u00adner ein biss\u00adchen trol\u00adlig drauf und woll\u00adten beim ersten gr\u00f6\u00ad\u00dfe\u00adren Regen nas\u00adse F\u00fc\u00dfe bekom\u00admen oder Kopen\u00adha\u00adgen wur\u00adde auf einem \u00e4lte\u00adren Kopen\u00adha\u00adgen erbaut. Oder einem alten India\u00adner\u00adfried\u00adhof. Bei\u00addes ist denk\u00adbar, bei\u00addes m\u00f6ch\u00adte ich gera\u00adde nicht recher\u00adchie\u00adren, um mir die Poin\u00adte nicht kaputt\u00adzu\u00adma\u00adchen.<\/p>\n\n\n\n\n<p><a href=\"https:\/\/tuxproject.de\/blog\/wp-content\/uploads\/2025\/02\/Kellerbar-quasi.png\"><img loading=\"lazy\" decoding=\"async\" src=\"https:\/\/tuxproject.de\/blog\/wp-content\/uploads\/2025\/02\/Kellerbar-quasi-300x211.png\" alt=\"Kellerbar, quasi\" width=\"300\" height=\"211\" class=\"alignnone size-medium wp-image-22825\" srcset=\"https:\/\/tuxproject.de\/blog\/wp-content\/uploads\/2025\/02\/Kellerbar-quasi-300x211.png 300w, https:\/\/tuxproject.de\/blog\/wp-content\/uploads\/2025\/02\/Kellerbar-quasi-120x84.png 120w, https:\/\/tuxproject.de\/blog\/wp-content\/uploads\/2025\/02\/Kellerbar-quasi-768x540.png 768w, https:\/\/tuxproject.de\/blog\/wp-content\/uploads\/2025\/02\/Kellerbar-quasi-730x513.png 730w, https:\/\/tuxproject.de\/blog\/wp-content\/uploads\/2025\/02\/Kellerbar-quasi.png 800w\" sizes=\"auto, (max-width: 300px) 100vw, 300px\"><\/a><\/p>\n\n\n\n\n<p><a href=\"http:\/\/scotswhisky-community.de\/forum\/index.php\/Thread\/68189-Cola\/\">Mei\u00adner Samm\u00adlung<\/a> habe ich zwei neue Colasor\u00adten hin\u00adzu\u00adge\u00adf\u00fcgt. Wirk\u00adlich \u00fcber\u00adra\u00adgend waren bei\u00adde nicht. Die D\u00e4nen haben in man\u00adchen Lebens\u00admit\u00adtel\u00addin\u00adgen einen ande\u00adren Geschmack als ich. Das zu akzep\u00adtie\u00adren ist ein Zei\u00adchen von Rei\u00adfe. Behaup\u00adte ich. Im und am Haupt\u00adbahn\u00adhof gibt es hin\u00adrei\u00adchend vie\u00adle 7\u2011E\u00adle\u00adven-Filia\u00adlen, aber kein ein\u00adzi\u00adges Pres\u00adse\u00adge\u00adsch\u00e4ft. Ich hat\u00adte gehofft, ich k\u00f6nn\u00adte ein Maga\u00adzin fin\u00adden, das mich w\u00e4h\u00adrend der R\u00fcck\u00adfahrt unter\u00adh\u00e4lt, aber das geht nicht. Statt\u00addes\u00adsen muss man im Bahn\u00adhofs\u00adge\u00adb\u00e4u\u00adde Rotz\u00adpf\u00fct\u00adzen\u00adsla\u00adlom spie\u00adlen. Selt\u00adsa\u00admes Land.<\/p>\n\n\n\n<p><a href=\"https:\/\/tuxproject.de\/blog\/wp-content\/uploads\/2025\/02\/In-Daenemark-haben-sogar-die-Fische-ein-Haus.jpg\"><img loading=\"lazy\" decoding=\"async\" src=\"https:\/\/tuxproject.de\/blog\/wp-content\/uploads\/2025\/02\/In-Daenemark-haben-sogar-die-Fische-ein-Haus-300x231.jpg\" alt=\"In D\u00e4nemark haben sogar die Fische ein Haus.\" width=\"300\" height=\"231\" class=\"alignnone size-medium wp-image-22827\" srcset=\"https:\/\/tuxproject.de\/blog\/wp-content\/uploads\/2025\/02\/In-Daenemark-haben-sogar-die-Fische-ein-Haus-300x231.jpg 300w, https:\/\/tuxproject.de\/blog\/wp-content\/uploads\/2025\/02\/In-Daenemark-haben-sogar-die-Fische-ein-Haus-120x92.jpg 120w, https:\/\/tuxproject.de\/blog\/wp-content\/uploads\/2025\/02\/In-Daenemark-haben-sogar-die-Fische-ein-Haus-768x591.jpg 768w, https:\/\/tuxproject.de\/blog\/wp-content\/uploads\/2025\/02\/In-Daenemark-haben-sogar-die-Fische-ein-Haus-730x562.jpg 730w, https:\/\/tuxproject.de\/blog\/wp-content\/uploads\/2025\/02\/In-Daenemark-haben-sogar-die-Fische-ein-Haus.jpg 800w\" sizes=\"auto, (max-width: 300px) 100vw, 300px\"><\/a><\/p>\n\n\n\n<p>Es f\u00e4hrt ein Zug von Kopen\u00adha\u00adgen nach Hel\u00adsing\u00adborg (Schwe\u00adden). Viel\u00adleicht n\u00e4ch\u00adstes Mal. Dies\u00admal tre\u00adte ich erst mal den Heim\u00adweg an. An der Gren\u00adze fin\u00addet grund\u00ads\u00e4tz\u00adlich jedes Mal eine Pass\u00adkon\u00adtrol\u00adle \u2013 hier\u00adbei guckt ein umfang\u00adreich aus\u00adstaf\u00adfier\u00adter Herr von der Poli\u00adzei fl\u00fcch\u00adtig Aus\u00adwei\u00adse an und sagt artig Dan\u00adke, ohne dass jeman\u00addem ersicht\u00adlich wird, was der Zweck des mir sinn\u00adlos erschei\u00adnen\u00adden Tru\u00adbels ist \u2013 statt <em>(toll, die\u00adse EU, hat so vie\u00adle Vor\u00adtei\u00adle beim Rei\u00adsen)<\/em>, aber wenig\u00adstens auf dem Hin\u00adweg wur\u00adde ich hier\u00adbei v\u00f6l\u00adlig igno\u00adriert. Ich sehe wohl nicht gef\u00e4hr\u00adlich genug aus, dar\u00adan muss ich arbei\u00adten. Immer\u00adhin ist der Zug auf dem R\u00fcck\u00adweg sau\u00adbe\u00adrer (ist auch ein neue\u00adrer ICE).<\/p>\n\n\n\n\n<p>Und nat\u00fcr\u00adlich gab es jede Men\u00adge Lakritz. N\u00e4ch\u00adstes Mal fah\u00adre ich wahr\u00adschein\u00adlich trotz\u00addem woan\u00adders hin. Sonst muss ich doch noch einen Vogel tre\u00adten.<\/p>\n","protected":false},"excerpt":{"rendered":"<p>Unsch\u00f6\u00adner Satz: Es ist vor sie\u00adben Uhr mor\u00adgens und ich sit\u00adze in einem Bus. Um die\u00adse Zeit sind die Bus\u00adse in der Woche jeden\u00adfalls hier in der Stadt sowohl p\u00fcnkt\u00adlich als auch erfreu\u00adlich frei von Betrun\u00adke\u00adnen. Wer das sehr gegen\u00adtei\u00adli\u00adge Ber\u00adlin (\u00fcbri\u00adgens v\u00f6l\u00adlig zu Recht) nicht mag, der wird in Nie\u00adder\u00adsach\u00adsen viel\u00adleicht sein Gl\u00fcck fin\u00adden. \u2026<\/p>\n<p><a href=\"https:\/\/tuxproject.de\/blog\/2025\/02\/dansk-macabre-ein-narr-hort-musik-in-der-monarchie\/\" class=\"more-link\">\u2018Dansk macab\u00adre: Ein Narr h\u00f6rt Musik in der Mon\u00adar\u00adchie\u2019 wei\u00adter\u00adle\u00adsen \u00bb<\/a><\/p>\n","protected":false},"author":1,"featured_media":0,"comment_status":"open","ping_status":"open","sticky":false,"template":"","format":"standard","meta":{"wp_typography_post_enhancements_disabled":false,"footnotes":""},"categories":[18,2,1],"tags":[],"series":[],"class_list":["post-22809","post","type-post","status-publish","format-standard","hentry","category-fotografie","category-musikalisches","category-persoenliches"],"share_on_mastodon":{"url":"https:\/\/social.tchncs.de\/@hirnfick_20\/113976267712640719","error":""},"wp-worthy-pixel":{"ignored":false,"public":"16bbd1626d8d478fab39a83d73aeb10b","server":"vg08.met.vgwort.de","url":"https:\/\/vg08.met.vgwort.de\/na\/16bbd1626d8d478fab39a83d73aeb10b"},"wp-worthy-type":"normal","_links":{"self":[{"href":"https:\/\/tuxproject.de\/blog\/wp-json\/wp\/v2\/posts\/22809","targetHints":{"allow":["GET"]}}],"collection":[{"href":"https:\/\/tuxproject.de\/blog\/wp-json\/wp\/v2\/posts"}],"about":[{"href":"https:\/\/tuxproject.de\/blog\/wp-json\/wp\/v2\/types\/post"}],"author":[{"embeddable":true,"href":"https:\/\/tuxproject.de\/blog\/wp-json\/wp\/v2\/users\/1"}],"replies":[{"embeddable":true,"href":"https:\/\/tuxproject.de\/blog\/wp-json\/wp\/v2\/comments?post=22809"}],"version-history":[{"count":0,"href":"https:\/\/tuxproject.de\/blog\/wp-json\/wp\/v2\/posts\/22809\/revisions"}],"wp:attachment":[{"href":"https:\/\/tuxproject.de\/blog\/wp-json\/wp\/v2\/media?parent=22809"}],"wp:term":[{"taxonomy":"category","embeddable":true,"href":"https:\/\/tuxproject.de\/blog\/wp-json\/wp\/v2\/categories?post=22809"},{"taxonomy":"post_tag","embeddable":true,"href":"https:\/\/tuxproject.de\/blog\/wp-json\/wp\/v2\/tags?post=22809"},{"taxonomy":"series","embeddable":true,"href":"https:\/\/tuxproject.de\/blog\/wp-json\/wp\/v2\/series?post=22809"}],"curies":[{"name":"wp","href":"https:\/\/api.w.org\/{rel}","templated":true}]}}