{"id":22452,"date":"2024-09-30T08:30:00","date_gmt":"2024-09-30T06:30:00","guid":{"rendered":"https:\/\/tuxproject.de\/blog\/?p=22452"},"modified":"2024-09-30T15:52:14","modified_gmt":"2024-09-30T13:52:14","slug":"hawksmoor-nuclear-kites-markiert-keine-hydranten-mehr","status":"publish","type":"post","link":"https:\/\/tuxproject.de\/blog\/2024\/09\/hawksmoor-nuclear-kites-markiert-keine-hydranten-mehr\/","title":{"rendered":"Hawks\u00admoor \u2013 Nuclear Kites \/\/ Mar\u00adkiert kei\u00adne Hydran\u00adten mehr."},"content":{"rendered":"<a href=\"https:\/\/tuxproject.de\/blog\/wp-content\/uploads\/2024\/09\/Seufz.jpg\"><img loading=\"lazy\" decoding=\"async\" src=\"https:\/\/tuxproject.de\/blog\/wp-content\/uploads\/2024\/09\/Seufz-108x120.jpg\" alt=\"Seufz.\" width=\"108\" height=\"120\" class=\"alignright size-thumbnail wp-image-22453\" srcset=\"https:\/\/tuxproject.de\/blog\/wp-content\/uploads\/2024\/09\/Seufz-108x120.jpg 108w, https:\/\/tuxproject.de\/blog\/wp-content\/uploads\/2024\/09\/Seufz-270x300.jpg 270w, https:\/\/tuxproject.de\/blog\/wp-content\/uploads\/2024\/09\/Seufz-922x1024.jpg 922w, https:\/\/tuxproject.de\/blog\/wp-content\/uploads\/2024\/09\/Seufz-768x853.jpg 768w, https:\/\/tuxproject.de\/blog\/wp-content\/uploads\/2024\/09\/Seufz-730x811.jpg 730w, https:\/\/tuxproject.de\/blog\/wp-content\/uploads\/2024\/09\/Seufz.jpg 1330w\" sizes=\"auto, (max-width: 108px) 100vw, 108px\"><\/a>\n<p>Es ist Mon\u00adtag. Die \u201etaz\u201c <a href=\"https:\/\/taz.de\/Demo-fuer-Maja-T\/!6039411\/\">berich\u00adtet<\/a> \u00fcber die For\u00adde\u00adrung nach der Frei\u00adlas\u00adsung einer Deut\u00adschen, die in Ungarn Straf\u00adta\u00adten began\u00adgen hat und dar\u00adum nun in Ungarn im Gef\u00e4ng\u00adnis sitzt. Unmensch\u00adlich sei es dort. Man schel\u00adte mich einen Naiv\u00adling, doch <em>ver\u00admu\u00adte<\/em> ich, dass es eine ziem\u00adlich zuver\u00adl\u00e4s\u00adsi\u00adge M\u00f6g\u00adlich\u00adkeit, <em>nicht<\/em> in Ungarn ins Gef\u00e4ng\u00adnis zu kom\u00admen, ist, <em>kei\u00adne<\/em> Straf\u00adta\u00adten in Ungarn zu bege\u00adhen. Aber viel\u00adleicht gelingt das schlicht nicht jedem.<\/p>\n\n\n\n\n<p>Apro\u00adpos. Die von der \u201etaz\u201c <a href=\"https:\/\/taz.de\/Soldaten-sind-Moerder\/!1793309\/\">noch 1989<\/a> ener\u00adgisch ver\u00adtei\u00addig\u00adte Wahr\u00adheit, dass Sol\u00adda\u00adten nichts sind als M\u00f6r\u00adder, wird von der\u00adsel\u00adben \u201etaz\u201c 2024 an die Fra\u00adge gekn\u00fcpft, <a href=\"https:\/\/taz.de\/Sahra-Wagenknecht-und-der-Pazifismus\/!6036622\/\">wel\u00adcher Natio\u00adna\u00adli\u00adt\u00e4t<\/a> die Sol\u00adda\u00adten sind, neh\u00adme ich indi\u00adgniert zur Kennt\u00adnis. \u2013 Fast genau so wit\u00adzig aus fast der glei\u00adchen Bran\u00adche: Die \u00f6ffent\u00adlich-recht\u00adli\u00adchen Rund\u00adfunk\u00adan\u00adstal\u00adten <a href=\"https:\/\/www.newsroom.de\/news\/aktuelle-meldungen\/vermischtes-3\/medienpolitik-will-auch-arte-und-3sat-zusammenlegen-entwurf-fuer-reformstaatsvertrag-veroeffentlich\/\">wol\u00adlen end\u00adlich spa\u00adren<\/a> (<a href=\"https:\/\/web.archive.org\/web\/20240928231810\/https:\/\/www.newsroom.de\/news\/aktuelle-meldungen\/vermischtes-3\/medienpolitik-will-auch-arte-und-3sat-zusammenlegen-entwurf-fuer-reformstaatsvertrag-veroeffentlich\/\">Archiv\u00adver\u00adsi\u00adon<\/a>), und zwar unter ande\u00adrem hin\u00adsicht\u00adlich der Anzahl an Sen\u00addern. Ich gehe davon aus, als Beloh\u00adnung f\u00fcr den Spar\u00adkurs wer\u00adden die Rund\u00adfunk\u00adge\u00adb\u00fch\u00adren erneut erh\u00f6ht wer\u00adden. Sonst w\u00e4re das ja gar nicht sinn\u00advoll jetzt.<\/p>\n\n\n\n\n<p>\u201eK\u00fcnst\u00adli\u00adche Intel\u00adli\u00adgenz\u201c kann jetzt <a href=\"https:\/\/arstechnica.com\/ai\/2024\/09\/ai-defeats-traffic-image-captcha-in-another-triumph-of-machine-over-man\/\">s\u00e4mt\u00adli\u00adche \u201emar\u00adkie\u00adren Sie alle Hydranten\u201c-Tests<\/a> l\u00f6sen. Sch\u00f6n, dass wir <em>das<\/em> auto\u00adma\u00adti\u00adsiert haben. Aber war\u00adum muss ich eigent\u00adlich noch selbst mei\u00adne Steu\u00ader\u00aderkl\u00e4\u00adrung aus\u00adf\u00fcl\u00adlen und mei\u00adne Fen\u00adster put\u00adzen? (Neu\u00ader\u00addings k\u00f6nn\u00adte ich das jeman\u00adden erle\u00addi\u00adgen las\u00adsen, der sich als Super\u00adheld bezeich\u00adnet. Bis vor kur\u00adzem gab es, ent\u00adneh\u00adme ich <a href=\"https:\/\/bleedingcool.com\/comics\/us-court-states-marvel-dc-lost-super-hero-trademark\/\"><em>dem Inter\u00adnet<\/em><\/a>, urhe\u00adber\u00adrecht\u00adli\u00adche Anspr\u00fc\u00adche auf den Begriff \u201esuper hero\u201c sei\u00adtens irgend\u00adwel\u00adcher Dep\u00adpen\u00adkon\u00adzer\u00adne. Wie\u00adder was gelernt.)<\/p>\n\n\n\n\n<p>Eine sub\u00adti\u00adle Fra\u00adge, die ich <a href=\"https:\/\/maschinist.blog\/2024\/09\/30\/linkschleuderei-vom-30-september-2024\/\">anders\u00adwo<\/a> nur sinn\u00adge\u00adm\u00e4\u00df las, die ich aber f\u00fcr Stel\u00adlen\u00adwert hal\u00adte: Wenn das Can\u00adna\u00adbis\u00adge\u00adsetz so ein Rein\u00adfall ist, was spricht dann eigent\u00adlich \u00fcber\u00adhaupt noch dage\u00adgen, dass CDU\/CSU es wie\u00adder r\u00fcck\u00adg\u00e4n\u00adgig machen?<\/p>\n\n\n\n\n<p>Mei\u00adne Lieb\u00adlings\u00addro\u00adge, sowie\u00adso, war, ist und bleibt: Musik.<\/p>\n\n\n\n\n<div class=\"lyte-wrapper-audio\" title=\"Hawksmoor &amp;#039;Nuclear Kites&amp;#039;\" style=\"width:1280px;max-width:100%;overflow:hidden;height:38px;margin:5px;\"><div class=\"lyMe lyte-audio\" id=\"WYL_WoS_Mzl2_gw\"><div id=\"lyte_WoS_Mzl2_gw\" data-src=\"https:\/\/tuxproject.de\/blog\/wp-content\/plugins\/wp-youtube-lyte\/lyteCache.php?origThumbUrl=https%3A%2F%2Fi.ytimg.com%2Fvi%2FWoS_Mzl2_gw%2Fhqdefault.jpg\" class=\"pL\"><div class=\"tC\"><div class=\"tT\">Hawks\u00admoor \u201aNuclear Kites\u2018<\/div><\/div><div class=\"play\"><\/div><div class=\"ctrl\"><div class=\"Lctrl\"><\/div><div class=\"Rctrl\"><\/div><\/div><\/div><noscript><a href=\"https:\/\/youtu.be\/WoS_Mzl2_gw\" rel=\"nofollow\"><img loading=\"lazy\" decoding=\"async\" src=\"https:\/\/tuxproject.de\/blog\/wp-content\/plugins\/wp-youtube-lyte\/lyteCache.php?origThumbUrl=https%3A%2F%2Fi.ytimg.com%2Fvi%2FWoS_Mzl2_gw%2F0.jpg\" alt=\"Hawksmoor &amp;#039;Nuclear Kites&amp;#039;\" width=\"1280\" height=\"18\"><\/a><\/noscript><\/div><\/div><div class=\"lL\" style=\"max-width:100%;width:1280px;margin:5px;\"> <a href=\"https:\/\/youtu.be\/WoS_Mzl2_gw\" target=\"_blank\">Die\u00adses Video auf You\u00adTube anse\u00adhen<\/a>.<\/div>\n\n\n\n\n<p>Guten Mor\u00adgen.<\/p>\n","protected":false},"excerpt":{"rendered":"<p>Es ist Mon\u00adtag. Die \u201etaz\u201c berich\u00adtet \u00fcber die For\u00adde\u00adrung nach der Frei\u00adlas\u00adsung einer Deut\u00adschen, die in Ungarn Straf\u00adta\u00adten began\u00adgen hat und dar\u00adum nun in Ungarn im Gef\u00e4ng\u00adnis sitzt. Unmensch\u00adlich sei es dort. Man schel\u00adte mich einen Naiv\u00adling, doch ver\u00admu\u00adte ich, dass es eine ziem\u00adlich zuver\u00adl\u00e4s\u00adsi\u00adge M\u00f6g\u00adlich\u00adkeit, nicht in Ungarn ins Gef\u00e4ng\u00adnis zu kom\u00admen, ist, kei\u00adne \u2026<\/p>\n<p><a href=\"https:\/\/tuxproject.de\/blog\/2024\/09\/hawksmoor-nuclear-kites-markiert-keine-hydranten-mehr\/\" class=\"more-link\">\u2018Hawks\u00admoor \u2013 Nuclear Kites \/\/ Mar\u00adkiert kei\u00adne Hydran\u00adten mehr.\u2019 wei\u00adter\u00adle\u00adsen \u00bb<\/a><\/p>\n","protected":false},"author":1,"featured_media":0,"comment_status":"open","ping_status":"open","sticky":false,"template":"","format":"standard","meta":{"wp_typography_post_enhancements_disabled":false,"footnotes":""},"categories":[13,32],"tags":[],"series":[],"class_list":["post-22452","post","type-post","status-publish","format-standard","hentry","category-in-den-nachrichten","category-montagsmusik"],"share_on_mastodon":{"url":"https:\/\/social.tchncs.de\/@hirnfick_20\/113225093383086546","error":""},"wp-worthy-pixel":{"ignored":false,"public":null,"server":null,"url":null},"wp-worthy-type":"normal","_links":{"self":[{"href":"https:\/\/tuxproject.de\/blog\/wp-json\/wp\/v2\/posts\/22452","targetHints":{"allow":["GET"]}}],"collection":[{"href":"https:\/\/tuxproject.de\/blog\/wp-json\/wp\/v2\/posts"}],"about":[{"href":"https:\/\/tuxproject.de\/blog\/wp-json\/wp\/v2\/types\/post"}],"author":[{"embeddable":true,"href":"https:\/\/tuxproject.de\/blog\/wp-json\/wp\/v2\/users\/1"}],"replies":[{"embeddable":true,"href":"https:\/\/tuxproject.de\/blog\/wp-json\/wp\/v2\/comments?post=22452"}],"version-history":[{"count":0,"href":"https:\/\/tuxproject.de\/blog\/wp-json\/wp\/v2\/posts\/22452\/revisions"}],"wp:attachment":[{"href":"https:\/\/tuxproject.de\/blog\/wp-json\/wp\/v2\/media?parent=22452"}],"wp:term":[{"taxonomy":"category","embeddable":true,"href":"https:\/\/tuxproject.de\/blog\/wp-json\/wp\/v2\/categories?post=22452"},{"taxonomy":"post_tag","embeddable":true,"href":"https:\/\/tuxproject.de\/blog\/wp-json\/wp\/v2\/tags?post=22452"},{"taxonomy":"series","embeddable":true,"href":"https:\/\/tuxproject.de\/blog\/wp-json\/wp\/v2\/series?post=22452"}],"curies":[{"name":"wp","href":"https:\/\/api.w.org\/{rel}","templated":true}]}}