{"id":21899,"date":"2024-04-19T23:11:30","date_gmt":"2024-04-19T21:11:30","guid":{"rendered":"https:\/\/tuxproject.de\/blog\/?p=21899"},"modified":"2024-04-22T02:13:38","modified_gmt":"2024-04-22T00:13:38","slug":"parteien-zur-europawahl","status":"publish","type":"post","link":"https:\/\/tuxproject.de\/blog\/2024\/04\/parteien-zur-europawahl\/","title":{"rendered":"Par\u00adtei\u00aden zur Euro\u00adpa\u00adwahl"},"content":{"rendered":"\n<p>Wer braucht den <a href=\"https:\/\/tuxproject.de\/blog\/2013\/08\/wahl-schwach-o-mat\/\">Wahl-O-Maten<\/a>, wenn er Hirn\u00adfick 2.0 haben kann? <!--more-->Es folgt ein kur\u00adzer alpha\u00adbe\u00adtisch sor\u00adtier\u00adter \u00dcber\u00adblick \u00fcber die im kom\u00admen\u00adden Juni zur Wahl ste\u00adhen\u00adden Par\u00adtei\u00aden.<\/p>\n\n\n\n\n<h2 class=\"wp-block-heading\">ABG (Akti\u00adon B\u00fcr\u00adger f\u00fcr Gerech\u00adtig\u00adkeit)<\/h2>\n\n\n\n<p>For\u00addert 2024 <a href=\"https:\/\/aktion-bfg.de\/913-2\">immer noch<\/a> den \u201esofor\u00adti\u00adgen Stopp aller Coro\u00adna-Ma\u00df\u00adnah\u00admen\u201c und will ins EU-Par\u00adla\u00adment, um aus dem EU-Par\u00adla\u00adment raus\u00adzu\u00adkom\u00admen (\u201eEU-Aus\u00adtritt\u201c). W\u00e4re es nicht ein\u00adfa\u00adcher, die\u00adsen Schritt direkt zu \u00fcber\u00adsprin\u00adgen?<\/p>\n\n\n\n\n<h2 class=\"wp-block-heading\">AfD (Alter\u00adna\u00adti\u00adve f\u00fcr Deutsch\u00adland)<\/h2>\n\n\n\n<p>Ist die AfD.<\/p>\n\n\n\n\n<h2 class=\"wp-block-heading\">BIG (B\u00fcnd\u00adnis f\u00fcr Inno\u00adva\u00adti\u00adon und Gerech\u00adtig\u00adkeit)<\/h2>\n\n\n\n<p>Nicht in Japan und auch nicht noto\u00adrious. Isla\u00admi\u00adsti\u00adsche Par\u00adtei mit mensch\u00adli\u00adchem Ant\u00adlitz. Laut Wiki\u00adpe\u00addia f\u00fcr die Behaup\u00adtung bekannt, \u201edass ein schwu\u00adles Paar etwas ande\u00adres sei als ein hete\u00adro\u00adse\u00adxu\u00adel\u00adles\u201c, obwohl doch jeder wei\u00df, dass Paa\u00adre immer alle genau iden\u00adtisch sind.<\/p>\n\n\n\n\n<h2 class=\"wp-block-heading\">BSW (B\u00fcnd\u00adnis Sahra Wagen\u00adknecht)<\/h2>\n\n\n\n<p>Links (BSW \u00fcber das BSW) bzw. rechts (Kon\u00adkur\u00adren\u00adten \u00fcber das BSW). Spit\u00adzen\u00adkan\u00addi\u00addat Fabio De Masi ist nicht der aller\u00adbl\u00f6\u00adde\u00adste Poli\u00adti\u00adker, der mir gera\u00adde ein\u00adfie\u00adle.<\/p>\n\n\n\n\n<h2 class=\"wp-block-heading\">B\u00fcnd\u00adnis 90\/Die Gr\u00fc\u00adnen<\/h2>\n\n\n\n<p><img loading=\"lazy\" decoding=\"async\" src=\"https:\/\/tuxproject.de\/blog\/wp-content\/uploads\/2024\/04\/Die-Gruenen-1024x576.jpeg\" alt width=\"730\" height=\"411\" class=\"alignnone size-large wp-image-21900\" srcset=\"https:\/\/tuxproject.de\/blog\/wp-content\/uploads\/2024\/04\/Die-Gruenen-1024x576.jpeg 1024w, https:\/\/tuxproject.de\/blog\/wp-content\/uploads\/2024\/04\/Die-Gruenen-300x169.jpeg 300w, https:\/\/tuxproject.de\/blog\/wp-content\/uploads\/2024\/04\/Die-Gruenen-120x68.jpeg 120w, https:\/\/tuxproject.de\/blog\/wp-content\/uploads\/2024\/04\/Die-Gruenen-768x432.jpeg 768w, https:\/\/tuxproject.de\/blog\/wp-content\/uploads\/2024\/04\/Die-Gruenen-730x411.jpeg 730w, https:\/\/tuxproject.de\/blog\/wp-content\/uploads\/2024\/04\/Die-Gruenen.jpeg 1200w\" sizes=\"auto, (max-width: 730px) 100vw, 730px\"><\/p>\n\n\n\n\n<h2 class=\"wp-block-heading\">B\u00fcnd\u00adnis C \u2013 Chri\u00adsten f\u00fcr Deutsch\u00adland<\/h2>\n\n\n\n<p>Wer die katho\u00adli\u00adsche Zen\u00adtrums\u00adpar\u00adtei (tritt nicht selbst an) zu gem\u00e4\u00ad\u00dfigt fin\u00addet, f\u00fcr den ist das B\u00fcnd\u00adnis C ver\u00admut\u00adlich die rich\u00adti\u00adge Par\u00adtei. Will raus aus der UNO, fin\u00addet das Exi\u00adstenz\u00adrecht Isra\u00adels aber trotz\u00addem gut. Sie \u201elie\u00adben Gott und die Men\u00adschen unse\u00adres Lan\u00addes und aller Natio\u00adnen\u201c (<a href=\"https:\/\/buendnis-c.de\">Quel\u00adle<\/a>), ver\u00adwech\u00adseln aber christ\u00adli\u00adche Schwert\u00admis\u00adsi\u00adon <a href=\"https:\/\/buendnis-c.de\/wp-content\/uploads\/2019\/03\/Buendnis-C-Grundsaetze-und-Eckpunkte.pdf\">mit N\u00e4ch\u00adsten\u00adlie\u00adbe<\/a>. \u201eEthi\u00adsche Prin\u00adzi\u00adpi\u00aden ste\u00adhen \u00fcber aller staat\u00adli\u00adchen Ord\u00adnung und Gesetz\u00adge\u00adbung.\u201c Kei\u00adne Ahnung, war\u00adum die unbe\u00addingt in ein Par\u00adla\u00adment wol\u00adlen.<\/p>\n\n\n\n\n<h2 class=\"wp-block-heading\">B\u00fcnd\u00adnis Deutsch\u00adland<\/h2>\n\n\n\n<p>Eine der zahl\u00adrei\u00adchen Aus\u00adgr\u00fcn\u00addun\u00adgen aus der AfD. Will dem\u00adn\u00e4chst mit \u201eWir B\u00fcr\u00adger\u201c (zuvor LKR, zuvor ALFA) fusio\u00adnie\u00adren und wird dann qua\u00adsi eine dop\u00adpel\u00adte Aus\u00adgr\u00fcn\u00addung aus der AfD sein. Poli\u00adtisch irgend\u00adwo zwi\u00adschen CSU und F.D.P. anzu\u00adsie\u00addeln, nur mit weni\u00adger Euro\u00adpa.<\/p>\n\n\n\n\n<h2 class=\"wp-block-heading\">CDU\/CSU (Christ\u00adlich-Demo\u00adkra\u00adti\u00adsche\/\u00adSo\u00adzia\u00adle Uni\u00adon)<\/h2>\n\n\n\n<p>\u201eWir set\u00adzen auf unser poli\u00adti\u00adsches Spit\u00adzen\u00adper\u00adso\u00adnal: Ursu\u00adla von der Ley\u00aden und Fried\u00adrich Merz ste\u00adhen f\u00fcr F\u00fch\u00adrung, Ver\u00adl\u00e4ss\u00adlich\u00adkeit und Kom\u00adpe\u00adtenz\u201c (Zitat aus dem CDU-News\u00adlet\u00adter zum Euro\u00adpa\u00adwahl\u00adkampf).<\/p>\n\n\n\n\n<h2 class=\"wp-block-heading\">DAVA (Demo\u00adkra\u00adti\u00adsche Alli\u00adanz f\u00fcr Viel\u00adfalt und Auf\u00adbruch)<\/h2>\n\n\n\n<p>Qua\u00adsi BIG, aber ohne mensch\u00adli\u00adches Ant\u00adlitz.<\/p>\n\n\n\n\n<h2 class=\"wp-block-heading\">die\u00adBa\u00adsis (Basis\u00adde\u00admo\u00adkra\u00adti\u00adsche Par\u00adtei Deutsch\u00adland)<\/h2>\n\n\n\n<p>Gegr\u00fcn\u00addet aus der dada\u00adistisch rele\u00advan\u00adten \u201eQuerdenker\u201c-Szene, die die ange\u00adse\u00adhe\u00adne Kaste der \u201eQuer\u00adden\u00adker\u201c in ein Schimpf\u00adwort zu per\u00adver\u00adtie\u00adren ver\u00adsucht hat, her\u00adaus. Schmei\u00dft immer wie\u00adder Rechts\u00adra\u00addi\u00adka\u00adle und Betr\u00fc\u00adger aus der Par\u00adtei. Selt\u00adsa\u00admer\u00adwei\u00adse tr\u00e4gt das nicht dazu bei, dass weni\u00adger Rechts\u00adra\u00addi\u00adka\u00adle und Betr\u00fc\u00adger f\u00fcr ihre Mit\u00adglied\u00adschaft in der Par\u00adtei die\u00adBa\u00adsis bekannt sind.<\/p>\n\n\n\n\n<h2 class=\"wp-block-heading\">Die Lin\u00adke<\/h2>\n\n\n\n<p>Gro\u00ad\u00dfe Tei\u00adle der Par\u00adtei <a href=\"https:\/\/www.tagesspiegel.de\/politik\/wahlerschreck-geschenk-fur-die-afd-bei-der-linken-wachst-die-kritik-an-europa-kandidatur-von-rackete-10289041.html\">wol\u00adlen nicht<\/a>, dass die Zweit\u00adplat\u00adzier\u00adte auf der Liste zur Euro\u00adpa\u00adwahl ins Euro\u00adp\u00e4i\u00adsche Par\u00adla\u00adment ein\u00adzieht. Ich emp\u00adfeh\u00adle die\u00adsen Wunsch zu respek\u00adtie\u00adren.<\/p>\n\n\n\n\n<h2 class=\"wp-block-heading\">Die PARTEI<\/h2>\n\n\n\n<p>Es ist gut f\u00fcr die B\u00fcr\u00adger der Euro\u00adp\u00e4i\u00adschen Uni\u00adon, dass Spit\u00adzen\u00adkan\u00addi\u00addat Mar\u00adtin Son\u00adne\u00adborn das Trans\u00adpa\u00adrenz\u00adge\u00adbot vor\u00adlebt. Es ist \u00e4rger\u00adlich f\u00fcr die B\u00fcr\u00adger der Euro\u00adp\u00e4i\u00adschen Uni\u00adon, dass er in der <a href=\"https:\/\/www.zeit.de\/zett\/politik\/2021-01\/die-partei-nico-semsrott-rassismus-martin-sonneborn-kritikfaehigkeit-maennerpartei\">offen frau\u00aden\u00adfeind\u00adlich und ras\u00adsi\u00adstisch<\/a> auf\u00adtre\u00adten\u00adden PARTEI ist.<\/p>\n\n\n\n\n<h2 class=\"wp-block-heading\">DKP (Deut\u00adsche Kom\u00admu\u00adni\u00adsti\u00adsche Par\u00adtei)<\/h2>\n\n\n\n<p>Woll\u00adte schon ins EU-Par\u00adla\u00adment, um aus dem EU-Par\u00adla\u00adment raus\u00adzu\u00adkom\u00admen (\u201eEU-Aus\u00adtritt\u201c), <a href=\"https:\/\/dkp.de\/programme\/wahlprogramme\/eu-wahlprogramm\/\">bevor es cool war.<\/a> H\u00e4lt wenig von Trotz\u00adki, will aber mit der Bewer\u00adbung um wenig\u00adstens einen Sitz im EU-Par\u00adla\u00adment trotz\u00addem der Inter\u00adna\u00adtio\u00adna\u00adlen zu neu\u00ader St\u00e4r\u00adke ver\u00adhel\u00adfen. Par\u00adtei\u00adchef Patrik K\u00f6be\u00adle hat zum Welt\u00adfrau\u00aden\u00adtag 2024 eine Rede im Inter\u00adnet gehal\u00adten und sei\u00adne Stell\u00adver\u00adtre\u00adte\u00adrin Wera Rich\u00adter nicht, weil er Chef ist und sie nicht.<\/p>\n\n\n\n\n<h2 class=\"wp-block-heading\">FAMILIE (Fami\u00adli\u00aden-Par\u00adtei Deutsch\u00adlands)<\/h2>\n\n\n\n<p>Sitzt \u2013 von vie\u00adlen unbe\u00admerkt \u2013 seit 2014 im Euro\u00adp\u00e4i\u00adschen Par\u00adla\u00adment, dort in der EVP-Frak\u00adti\u00adon (CDU\/CSU, \u00d6VP, For\u00adza Ita\u00adlia und so wei\u00adter). Hat eine Web\u00adsite namens \u201exn--whlefamilie-l8a.de\u201c (bzw. <a href=\"http:\/\/www.w%C3%A4hlefamilie.de\/\">w\u00e4hlefamilie.de<\/a>). Will einer\u00adseits weni\u00adger Krieg, ande\u00adrer\u00adseits auch mehr Kin\u00adder. Ver\u00adwech\u00adselt im Wahl\u00adpro\u00adgramm Euro\u00adpa mit der Euro\u00adp\u00e4i\u00adschen Uni\u00adon. Will, dass Fl\u00fccht\u00adlin\u00adge \u201eaus unse\u00adrer Kul\u00adtur so viel ler\u00adnen und mit\u00adneh\u00admen, wie sie k\u00f6n\u00adnen\u201c (ebd.), erkl\u00e4rt aber nicht, wohin sie was mit\u00adneh\u00admen sol\u00adlen. Hat fami\u00adli\u00aden\u00adkri\u00adti\u00adschen W\u00e4h\u00adlern wenig zu bie\u00adten, aber das sagt ja der Name schon.<\/p>\n\n\n\n\n<h2 class=\"wp-block-heading\">FDP (Freie Demo\u00adkra\u00adti\u00adsche Par\u00adtei)<\/h2>\n\n\n\n<p>H\u00e4lt es f\u00fcr eine gute Idee, in au\u00dfen\u00adpo\u00adli\u00adtisch schwie\u00adri\u00adgen Zei\u00adten <em>aus\u00adge\u00adrech\u00adnet<\/em> <a href=\"https:\/\/schwerdtfegr.wordpress.com\/2024\/04\/19\/so-demonstriert-man-jetzt-in-der-brd\/\">Marie-Agnes Strack-Zim\u00admer\u00admann<\/a> zur Spit\u00adzen\u00adkan\u00addi\u00adda\u00adtin zu machen, die trotz ihres eige\u00adnen Namens Namens\u00adwit\u00adze f\u00fcr lustig h\u00e4lt (\u201eWir brau\u00adchen weni\u00adger von der Ley\u00aden und mehr von der Frei\u00adheit\u201c). Glaubt trotz des Koso\u00advo\u00adkrie\u00adges, die Euro\u00adp\u00e4i\u00adsche Uni\u00adon sei ein Garant f\u00fcr Frie\u00adden, und will mehr Pan\u00adzer, damit das so bleibt.<\/p>\n\n\n\n\n<h2 class=\"wp-block-heading\">Freie W\u00e4h\u00adler<\/h2>\n\n\n\n<p>Sitzt eben\u00adfalls seit 2014 im Euro\u00adp\u00e4i\u00adschen Par\u00adla\u00adment her\u00adum. M\u00f6ch\u00adte zwar die deut\u00adsche Spra\u00adche auf euro\u00adp\u00e4i\u00adscher Ebe\u00adne st\u00e4r\u00adken, was (sta\u00adti\u00adstisch gese\u00adhen) Sinn ergibt, hat aber einen Nie\u00adder\u00adbay\u00adern als Par\u00adtei\u00adchef. Droht im Par\u00adtei\u00adpro\u00adgramm damit, \u201eeuro\u00adp\u00e4i\u00adsche Wer\u00adte\u201c im Inter\u00adnet \u201edurch\u00adzu\u00adset\u00adzen\u201c.<\/p>\n\n\n\n<h2 class=\"wp-block-heading\">HEIMAT (Die Hei\u00admat)<\/h2>\n\n\n\n<p>Hie\u00df fr\u00fc\u00adher NPD. Spit\u00adzen\u00adkan\u00addi\u00addat Udo Voigt war schon mal im Euro\u00adp\u00e4i\u00adschen Par\u00adla\u00adment und macht seit vie\u00adlen Jah\u00adren <a href=\"https:\/\/tuxproject.de\/blog\/wp-content\/uploads\/2024\/04\/Udo-Voigt.jpg\">PAR\u00adTEI-w\u00fcr\u00addi\u00adge Wit\u00adze.<\/a> Will \u201eweni\u00adger Br\u00fcs\u00adsel\u201c und mit\u00adsamt dem kom\u00adplet\u00adten Staat Deutsch\u00adland raus aus dem Euro\u00adp\u00e4i\u00adschen Par\u00adla\u00adment, behelfs\u00adwei\u00adse ein \u201eEuro\u00adpa der Vater\u00adl\u00e4n\u00adder\u201c. Listen\u00adplatz 2 hei\u00dft mit Vor\u00adna\u00admen Ron\u00adny. Das ist nicht wit\u00adzig (sie\u00adhe auch FDP).<\/p>\n\n\n\n\n<h2 class=\"wp-block-heading\">Kli\u00adma\u00adli\u00adste (Kli\u00adma\u00adli\u00adste Deutsch\u00adland)<\/h2>\n\n\n\n<p>H\u00e4lt sich f\u00fcr eine Gras\u00adwur\u00adzel\u00adbe\u00adwe\u00adgung. Exi\u00adstiert, weil die Gr\u00fc\u00adnen nach der Wahl nicht machen, was sie vor der Wahl ver\u00adspro\u00adchen haben, glaubt aber, nach der Wahl das machen zu k\u00f6n\u00adnen, was sie vor der Wahl ver\u00adspro\u00adchen haben.<\/p>\n\n\n\n\n<h2 class=\"wp-block-heading\">Letz\u00adte Gene\u00adra\u00adti\u00adon (Par\u00adla\u00adment auf\u00admi\u00adschen \u2013 Stim\u00adme der Letz\u00adten Gene\u00adra\u00adti\u00adon)<\/h2>\n\n\n\n<p>Hat auf der zw\u00f6lf Pl\u00e4t\u00adze umfas\u00adsen\u00adden Kan\u00addi\u00adda\u00adten\u00adli\u00adste f\u00fcr den Ein\u00adzug im Euro\u00adp\u00e4i\u00adschen Par\u00adla\u00adment mehr gericht\u00adli\u00adche Ver\u00adur\u00adtei\u00adlun\u00adgen als die\u00adBa\u00adsis ver\u00adsam\u00admelt. Die Spit\u00adzen\u00adkan\u00addi\u00adda\u00adtin will kei\u00adne Poli\u00adti\u00adke\u00adrin sein (\u201eZEIT ONLINE\u201c, 23. M\u00e4rz 2024), fin\u00addet das aber nicht merk\u00adw\u00fcr\u00addig.<\/p>\n\n\n\n\n<h2 class=\"wp-block-heading\">Mensch\u00adli\u00adche Welt (Mensch\u00adli\u00adche Welt \u2013 f\u00fcr das Wohl und Gl\u00fcck\u00adlich\u00adsein aller)<\/h2>\n\n\n\n<p>Will, dass es allen \u201eMen\u00adschen, Tie\u00adren und der Natur\u201c gut geht, hat aber einen Namen, f\u00fcr des\u00adsen voll\u00adst\u00e4n\u00addi\u00adge Aus\u00adspra\u00adche man viel CO2 aus\u00adsto\u00ad\u00dfen muss. Auf der <a href=\"https:\/\/www.menschlichewelt.de\">Web\u00adsite der Par\u00adtei<\/a> kommt momen\u00adtan direkt auf der Start\u00adsei\u00adte zw\u00f6lf\u00admal das Wort \u201eMedi\u00adta\u00adti\u00adon\u201c vor. Medi\u00adta\u00adti\u00adons\u00adtipps f\u00fcr Haus\u00adtie\u00adre wer\u00adden lei\u00adder nicht gege\u00adben.<\/p>\n\n\n\n\n<h2 class=\"wp-block-heading\">MERA25<\/h2>\n\n\n\n<p>Eine der inzwi\u00adschen meh\u00adre\u00adren deut\u00adschen Par\u00adtei\u00aden, die glau\u00adben, sie w\u00e4ren die ein\u00adzi\u00adge Par\u00adtei, die es auch in ande\u00adren L\u00e4n\u00addern gibt. Steht nach eige\u00adnen Anga\u00adben f\u00fcr \u201eFrie\u00adden, Soli\u00adda\u00adri\u00adt\u00e4t und Frei\u00adheit\u201c. Will, dass sich in der EU mensch\u00adli\u00adche Arbeits\u00adbe\u00addin\u00adgun\u00adgen durch\u00adset\u00adzen, for\u00addert ande\u00adrer\u00adseits \u201ekosten\u00adlo\u00adsen \u00d6PNV\u201c, meint damit wahr\u00adschein\u00adlich zwar bezahl\u00adten, aber fahr\u00adschein\u00adfrei\u00aden \u00d6PNV, bleibt aber eine Erl\u00e4u\u00adte\u00adrung schul\u00addig, inwie\u00adfern das Euro\u00adp\u00e4i\u00adsche Par\u00adla\u00adment die kom\u00admu\u00adna\u00adlen (meist pri\u00adva\u00adti\u00adsier\u00adten) Bus\u00adbe\u00adtrei\u00adber dies\u00adbe\u00adz\u00fcg\u00adlich beein\u00adflus\u00adsen soll.<\/p>\n\n\n\n\n<h2 class=\"wp-block-heading\">MLPD (Mar\u00adxi\u00adstisch-Leni\u00adni\u00adsti\u00adsche Par\u00adtei Deutsch\u00adlands)<\/h2>\n\n\n\n<p>Ist kei\u00adne Sek\u00adte (MLPD \u00fcber die MLPD) bzw. ist doch eine Sek\u00adte (alle ande\u00adren \u00fcber die MLPD). Ist zwar kom\u00admu\u00adnal deut\u00adlich weni\u00adger erfolg\u00adreich als die DKP, hat aber mehr Geld f\u00fcr Pla\u00adka\u00adte und stellt manch\u00admal <a href=\"https:\/\/www.mlpd.de\/2020\/02\/erstes-lenin-denkmal-in-den-westlichen-bundeslaendern-wird-aufgestellt-lenin-kommt-nach-gelsenkirchen\">umstrit\u00adte\u00adne Sta\u00adtu\u00aden<\/a> in Gel\u00adsen\u00adkir\u00adchen auf. Glaubt, das Erbe der KPD ange\u00adtre\u00adten zu haben, sieht aber kei\u00adnen Wider\u00adspruch im Erbe der KPD und dem eige\u00adnen Auf\u00adtre\u00adten. Will ins Euro\u00adp\u00e4i\u00adsche Par\u00adla\u00adment, hat aber kein \u00f6ffent\u00adlich ein\u00adseh\u00adba\u00adres Wahl\u00adpro\u00adgramm f\u00fcr sel\u00adbi\u00adges. Irgend\u00adwas mit Pro\u00adle\u00adta\u00adri\u00adat.<\/p>\n\n\n\n\n<h2 class=\"wp-block-heading\">\u00f6dp (\u00d6ko\u00adlo\u00adgisch-Demo\u00adkra\u00adti\u00adsche Par\u00adtei)<\/h2>\n\n\n\n<p>Tritt neu\u00ader\u00addings gern mal in Wahl\u00adge\u00admein\u00adschaf\u00adten mit Volt und der Pira\u00adten\u00adpar\u00adtei auf. Kon\u00adzen\u00adtriert sich im Euro\u00adpa\u00adwahl\u00adkampf auf das The\u00adma Natur\u00adschutz, kann sich Namens\u00adwit\u00adze dabei aber auch nicht ver\u00adknei\u00adfen (\u201eTier\u00adwohl ist \u00d6zd\u00ademir\u00addoche\u00adgal\u201c). Wahrt im \u00f6ffent\u00adli\u00adchen Auf\u00adtre\u00adten eine \u00c4qui\u00addi\u00adstanz zu CDU\/CSU und Gr\u00fc\u00adnen, weil bei\u00adde nicht <em>gr\u00fcn<\/em> genug sei\u00aden, und bezeich\u00adnet sich selbst als \u201eLob\u00adby\u00adisten f\u00fcr die Natur\u201c. Unten auf der <a href=\"https:\/\/www.oedp.de\/europawahl-2024\">\u00f6dp-Web\u00adsei\u00adte zur Euro\u00adpa\u00adwahl<\/a> (<a href=\"https:\/\/web.archive.org\/web\/20240419195427\/https:\/\/www.oedp.de\/europawahl-2024\">Archiv\u00adver\u00adsi\u00adon<\/a>) steht, man d\u00fcr\u00adfe die dort zu fin\u00adden\u00adden Bild\u00adchen nur bis Juni 2024 \u201etei\u00adlen\u201c. Ups.<\/p>\n\n\n\n\n<h2 class=\"wp-block-heading\">Par\u00adtei f\u00fcr schul\u00adme\u00addi\u00adzi\u00adni\u00adsche Ver\u00adj\u00fcn\u00adgungs\u00adfor\u00adschung<\/h2>\n\n\n\n<p>Ein-The\u00admen-Par\u00adtei. Will von mir auf Wahl\u00adpla\u00adka\u00adten wis\u00adsen, wo ich in 800 Jah\u00adren leben will, womit ein Wahl\u00ader\u00adfolg der Par\u00adtei mit\u00adtel\u00adfri\u00adstig zwangs\u00adl\u00e4u\u00adfig zu einer Erh\u00f6\u00adhung des Ren\u00adten\u00adal\u00adters auf 760 Jah\u00adre f\u00fch\u00adren wird. Pff.<\/p>\n\n\n\n\n<h2 class=\"wp-block-heading\">PdF (Par\u00adtei des Fort\u00adschritts)<\/h2>\n\n\n\n<p>Nennt sich \u201edas neue Par\u00adtei\u00adfor\u00admat\u201c. JpeG w\u00e4re aber auch noch frei gewe\u00adsen. Die Par\u00adtei ist eine der zahl\u00adrei\u00adchen \u201ebasis\u00adde\u00admo\u00adkra\u00adti\u00adschen\u201c Par\u00adtei\u00aden, die glau\u00adben, irgend\u00adwas viel bes\u00adser zu machen als die ande\u00adren \u201ebasis\u00adde\u00admo\u00adkra\u00adti\u00adschen\u201c Par\u00adtei\u00aden, hat aber trotz\u00addem eine Unver\u00adein\u00adbar\u00adkeit mit <a href=\"https:\/\/partei-des-fortschritts.de\/unvereinbarkeitsliste\/\">Anti\u00adfa, AfD, NPD und APPD<\/a> beschlos\u00adsen. Das Wahl\u00adpro\u00adgramm soll in acht Tagen <a href=\"https:\/\/partei-des-fortschritts.de\/europawahl-2024\/\">beschlos\u00adsen wer\u00adden.<\/a> Ich ver\u00admu\u00adte, es wird dann als PDF-Datei bereit\u00adge\u00adstellt wer\u00adden. Die Web\u00adsite ist vol\u00adler Recht\u00adschreib\u00adfeh\u00adler. Ein Lek\u00adtor w\u00e4re hilf\u00adreich gewe\u00adsen.<\/p>\n\n\n\n\n<h2 class=\"wp-block-heading\">PdH (Par\u00adtei der Huma\u00adni\u00adsten)<\/h2>\n\n\n\n<p>Auf den \u201eoffe\u00adnen Stamm\u00adti\u00adschen\u201c der Par\u00adtei der Huma\u00adni\u00adsten wird bis\u00adwei\u00adlen vor\u00adge\u00adschla\u00adgen, Putin ein\u00adfach zu meu\u00adcheln. Die Par\u00adtei der Huma\u00adni\u00adsten will zwar kei\u00adne Wehr\u00adpflicht, for\u00addert aber eine EU-Armee. Kern\u00adthe\u00adma ist die Tren\u00adnung zwi\u00adschen Poli\u00adtik und Reli\u00adgi\u00adon, netz\u00adpo\u00adli\u00adtisch ist die Par\u00adtei libe\u00adral aus\u00adge\u00adrich\u00adtet. <a href=\"https:\/\/www.pdh.eu\/wahlprogramm-europawahl-2024\/\">Das Wahl\u00adpro\u00adgramm<\/a> ist im klas\u00adsi\u00adschen Sin\u00adne libe\u00adral und har\u00admo\u00adniert mit dem <a href=\"https:\/\/www.pdh.eu\/mitglieder\/\">digi\u00adta\u00adli\u00adsier\u00adten Par\u00adtei\u00adkon\u00adzept<\/a>, aber <a href=\"https:\/\/www.pdh.eu\/unvereinbarkeitsliste\/\">die Unver\u00adein\u00adbar\u00adkeits\u00adli\u00adste<\/a> hat momen\u00adtan neun Sei\u00adten. Preu\u00ad\u00dfi\u00adschen B\u00fcro\u00adkra\u00adten gef\u00e4llt das.<\/p>\n\n\n\n\n<h2 class=\"wp-block-heading\">PdV (Par\u00adtei der Ver\u00adnunft)<\/h2>\n\n\n\n<p>Unver\u00adein\u00adbar mit der Par\u00adtei der Huma\u00adni\u00adsten. Ist die ein\u00adzi\u00adge liber\u00adt\u00e4\u00adre Par\u00adtei Deutsch\u00adlands und in die\u00adser <em>Sze\u00adne<\/em> inso\u00adfern beliebt, fin\u00addet die EU <a href=\"https:\/\/parteidervernunft.de\/wp-content\/uploads\/2021\/11\/Grundsatzprogramm_juni2020.pdf\">fol\u00adge\u00adrich\u00adtig \u00fcber\u00adfl\u00fcs\u00adsig<\/a>, will aber trotz\u00addem mit\u00adma\u00adchen. Hat im alten K\u00fcr\u00adzel ein gro\u00ad\u00dfes D und im neu\u00aden K\u00fcr\u00adzel ein klei\u00adnes D. Ein Euro\u00adpa\u00adwahl\u00adpro\u00adgramm ist noch nicht zu fin\u00adden, kommt aber viel\u00adleicht noch.<\/p>\n\n\n\n\n<h2 class=\"wp-block-heading\">Pira\u00adten (Pira\u00adten\u00adpar\u00adtei Deutsch\u00adland)<\/h2>\n\n\n\n<p>Inof\u00adfi\u00adzi\u00adel\u00adler Par\u00adtei\u00adna\u00adme: \u201eDie gibt\u2019s noch?\u201c. Hat mit Patrick Brey\u00ader einen enga\u00adgier\u00adten K\u00e4mp\u00adfer f\u00fcr Daten\u00adschutz und Netz\u00adfrei\u00adheit im Par\u00adla\u00adment, hat mit Anja Hir\u00adschel eine zwei\u00adfel\u00adlos hoch\u00adqua\u00adli\u00adfi\u00adzier\u00adte Spit\u00adzen\u00adkan\u00addi\u00adda\u00adtin als sei\u00adne poten\u00adzi\u00adel\u00adle Nach\u00adfol\u00adge\u00adrin im K\u00f6cher, aber weil die Pira\u00adten\u00adpar\u00adtei die Pira\u00adten\u00adpar\u00adtei ist, sind die St\u00e4d\u00adte hier in der Regi\u00adon trotz\u00addem nicht mit Anja Hir\u00adschel, son\u00addern mit Anne Her\u00adpertz (\u00e4u\u00dferst wider\u00adwil\u00adlig und trotz inten\u00adsi\u00adver Lob\u00adby\u00adbe\u00adm\u00fc\u00adhun\u00adgen nur auf Platz 2 gew\u00e4hlt) und Tho\u00admas Gans\u00adkow (Platz 13) bepla\u00adka\u00adtiert wor\u00adden. Nicht, dass es so aus\u00adsieht, als w\u00e4re man bei Pira\u00adtens mal har\u00admo\u00adnisch orga\u00adni\u00adsiert.<\/p>\n\n\n\n\n<h2 class=\"wp-block-heading\">SGP (Sozia\u00adli\u00adsti\u00adsche Gleich\u00adheits\u00adpar\u00adtei)<\/h2>\n\n\n\n<p>Fin\u00addet au\u00dfer\u00adhalb von Ber\u00adlin nicht statt, ist trotz\u00addem die ein\u00adzi\u00adge hin\u00adrei\u00adchend rele\u00advan\u00adte trotz\u00adki\u00adsti\u00adsche Par\u00adtei des Lan\u00addes. Will <a href=\"https:\/\/www.wsws.org\/de\/articles\/2023\/12\/29\/wahl-d29.html\">kei\u00adnen Krieg<\/a>, aber auch kei\u00adne Euro\u00adp\u00e4i\u00adsche Uni\u00adon in der bestehen\u00adden Form, setzt sich statt\u00addes\u00adsen f\u00fcr \u201edie Ver\u00adei\u00adnig\u00adten Sozia\u00adli\u00adsti\u00adschen Staa\u00adten von Euro\u00adpa\u201c ein. Kri\u00adti\u00adsiert im Wahl\u00adpro\u00adgramm Sahra Wagen\u00adknechts BSW, beruft sich aber trotz\u00addem auf Karl Lieb\u00adknecht, Rosa Luxem\u00adburg und die Bol\u00adsche\u00adwi\u00adken.<\/p>\n\n\n\n\n<h2 class=\"wp-block-heading\">SPD (Sozi\u00adal\u00adde\u00admo\u00adkra\u00adti\u00adsche Par\u00adtei Deutsch\u00adlands)<\/h2>\n\n\n\n<p>Hat auf ihren Wahl\u00adpla\u00adka\u00adten Kata\u00adri\u00adna Bar\u00adley und Olaf Scholz abge\u00addruckt, hat aber bis auf Wei\u00adte\u00adres \u00fcber\u00adhaupt nicht vor, Olaf Scholz im Aus\u00adland end\u00adzu\u00adla\u00adgern. Stimmt im Euro\u00adp\u00e4i\u00adschen Par\u00adla\u00adment mit sch\u00f6n\u00adster Regel\u00adm\u00e4\u00ad\u00dfig\u00adkeit unge\u00adzwun\u00adgen f\u00fcr mehr \u00dcber\u00adwa\u00adchungs\u00adstaat, fin\u00addet das dann aber sel\u00adber doof. Spit\u00adzen\u00adkan\u00addi\u00adda\u00adtin Kata\u00adri\u00adna Bar\u00adley sitzt schon seit 2019 im Euro\u00adp\u00e4i\u00adschen Par\u00adla\u00adment und hat allein im Febru\u00adar und M\u00e4rz die\u00adses Jah\u00adres in die\u00adser Rol\u00adle unter ande\u00adrem <a href=\"https:\/\/www.patrick-breyer.de\/ki-gesetz-ai-act-verabschiedet-gesichtsueberwachung-droht-europaeischer-alltag-zu-werden\/\">f\u00fcr bio\u00adme\u00adtri\u00adsche Mas\u00adsen\u00ad\u00fcber\u00adwa\u00adchung<\/a> und <a href=\"https:\/\/www.patrick-breyer.de\/der-digitale-euro-verdient-seinen-namen-nicht\/\">gegen Bar\u00adgeld\u00adfrei\u00adheit<\/a> votiert.<\/p>\n\n\n\n\n<h2 class=\"wp-block-heading\">TIERSCHUTZ hier! (Akti\u00adon Par\u00adtei f\u00fcr Tier\u00adschutz)<\/h2>\n\n\n\n<p>Die \u201eAkti\u00adon Par\u00adtei f\u00fcr Tier\u00adschutz\u201c hat sich 2017 <a href=\"https:\/\/www.tierschutzpartei.de\/stellungnahme-bundesvorstand-tierschutzpartei-distanziert-sich-von-torsten-lemmer\/\">aus pira\u00adten\u00adpar\u00adtei\u00adw\u00fcr\u00addi\u00adgen Gr\u00fcn\u00adden<\/a> von der Tier\u00adschutz\u00adpar\u00adtei abge\u00adspal\u00adten, ist aber sonst eigent\u00adlich die glei\u00adche Par\u00adtei.<\/p>\n\n\n\n\n<h2 class=\"wp-block-heading\">Tier\u00adschutz\u00adpar\u00adtei (Par\u00adtei Mensch Umwelt Tier\u00adschutz)<\/h2>\n\n\n\n<p>Hat als nicht v\u00f6l\u00adlig erfolg\u00adlo\u00adse Pro\u00adtest\u00adpar\u00adtei f\u00fcr alle, die Tie\u00adre irgend\u00adwie weni\u00adger schlimm fin\u00adden als ande\u00adre Men\u00adschen, ver\u00admut\u00adlich durch\u00adaus Chan\u00adcen auf einen zwei\u00adten Sitz im Euro\u00adp\u00e4i\u00adschen Par\u00adla\u00adment. Sa\u00df von 2014 bis 2020 bereits mit einem Sitz dort her\u00adum, hielt Strei\u00adten aber f\u00fcr inter\u00ades\u00adsan\u00adter als kon\u00adstruk\u00adti\u00adve Poli\u00adtik. Die Zweit\u00adplat\u00adzier\u00adte der Wahl\u00adli\u00adste sei, erfah\u00adre ich <em>im Inter\u00adnet<\/em>, Anfang April 2024 aus der Par\u00adtei aus\u00adge\u00adtre\u00adten. Wann auch sonst?<\/p>\n\n\n\n\n<h2 class=\"wp-block-heading\">V\u2011Partei\u00b3<\/h2>\n\n\n\n<p>Die \u201eEuro\u00adpa\u00adli\u00adste\u201c der V\u2011Partei\u00b3 umfasst 19 Per\u00adso\u00adnen. Opti\u00admis\u00admus k\u00f6n\u00adnen sie. Poli\u00adtisch beant\u00adwor\u00adtet die V\u2011Partei\u00b3 die Fra\u00adge, wie es wohl w\u00e4re, wenn man ein belie\u00adbi\u00adges Online\u00adfo\u00adrum f\u00fcr Vega\u00adner w\u00e4h\u00adlen k\u00f6nn\u00adte. Die wohl ein\u00adzi\u00adge Par\u00adtei mit einer <a href=\"https:\/\/v-partei.de\/service\/rezepte-fuer-milchproduktalternativen\/\">eige\u00adnen Rezep\u00adte\u00adsei\u00adte<\/a> im Web.<\/p>\n\n\n\n\n<h2 class=\"wp-block-heading\">Volt (Volt Deutsch\u00adland)<\/h2>\n\n\n\n<p>Behaup\u00adtet immer noch, irgend\u00adein poli\u00adti\u00adsches Allein\u00adstel\u00adlungs\u00admerk\u00admal zu haben. Koaliert kom\u00admu\u00adnal mal mit der Lin\u00adken, mal mit der CDU, m\u00f6ch\u00adte bei der Euro\u00adpa\u00adwahl aber trotz\u00addem nicht \u201edas Schlimm\u00adste (\u2026) ver\u00adhin\u00addern, son\u00addern das Beste (\u2026) erm\u00f6g\u00adli\u00adchen\u201c (<a href=\"https:\/\/voltdeutschland.org\">Quel\u00adle<\/a>). Pla\u00adka\u00adtiert die For\u00adde\u00adrung nach \u201emehr Eis\u201c und ver\u00adlangt, ich m\u00f6ge \u201ekein Arsch\u00adloch\u201c sein (<a href=\"https:\/\/voltdeutschland.org\/europawahl2024\">Quel\u00adle<\/a>), will aber trotz\u00addem eine euro\u00adp\u00e4i\u00adsche Armee haben. Kern\u00adfor\u00adde\u00adrun\u00adgen sind die weit\u00adge\u00adhen\u00adde Abschaf\u00adfung natio\u00adna\u00adler Sou\u00adve\u00adr\u00e4\u00adni\u00adt\u00e4t in der Euro\u00adp\u00e4i\u00adschen Uni\u00adon, mit\u00adhin die Umwand\u00adlung des B\u00fcnd\u00adnis\u00adses in einen supra\u00adna\u00adtio\u00adna\u00adlen Staat, h\u00f6he\u00adre Steu\u00adern und mehr Frei\u00adheit, jedoch fin\u00addet Volt Deutsch\u00adland im Par\u00adtei\u00adpro\u00adgramm, die Mit\u00adbe\u00adstim\u00admung der B\u00fcr\u00adger m\u00f6ge auf das Recht, Peti\u00adtio\u00adnen ein\u00adzu\u00adrei\u00adchen, beschr\u00e4nkt sein. Reicht ja auch.<\/p>\n","protected":false},"excerpt":{"rendered":"<p>Wer braucht den Wahl-O-Maten, wenn er Hirn\u00adfick 2.0 haben kann?<\/p>\n","protected":false},"author":1,"featured_media":0,"comment_status":"open","ping_status":"open","sticky":false,"template":"","format":"standard","meta":{"wp_typography_post_enhancements_disabled":false,"footnotes":""},"categories":[4],"tags":[],"series":[],"class_list":["post-21899","post","type-post","status-publish","format-standard","hentry","category-politik"],"share_on_mastodon":{"url":"https:\/\/social.tchncs.de\/@hirnfick_20\/112299939890445885","error":""},"wp-worthy-pixel":{"ignored":false,"public":"e09cb6e288ff4310824b7268d155fa15","server":"vg02.met.vgwort.de","url":"https:\/\/vg02.met.vgwort.de\/na\/e09cb6e288ff4310824b7268d155fa15"},"wp-worthy-type":"normal","_links":{"self":[{"href":"https:\/\/tuxproject.de\/blog\/wp-json\/wp\/v2\/posts\/21899","targetHints":{"allow":["GET"]}}],"collection":[{"href":"https:\/\/tuxproject.de\/blog\/wp-json\/wp\/v2\/posts"}],"about":[{"href":"https:\/\/tuxproject.de\/blog\/wp-json\/wp\/v2\/types\/post"}],"author":[{"embeddable":true,"href":"https:\/\/tuxproject.de\/blog\/wp-json\/wp\/v2\/users\/1"}],"replies":[{"embeddable":true,"href":"https:\/\/tuxproject.de\/blog\/wp-json\/wp\/v2\/comments?post=21899"}],"version-history":[{"count":0,"href":"https:\/\/tuxproject.de\/blog\/wp-json\/wp\/v2\/posts\/21899\/revisions"}],"wp:attachment":[{"href":"https:\/\/tuxproject.de\/blog\/wp-json\/wp\/v2\/media?parent=21899"}],"wp:term":[{"taxonomy":"category","embeddable":true,"href":"https:\/\/tuxproject.de\/blog\/wp-json\/wp\/v2\/categories?post=21899"},{"taxonomy":"post_tag","embeddable":true,"href":"https:\/\/tuxproject.de\/blog\/wp-json\/wp\/v2\/tags?post=21899"},{"taxonomy":"series","embeddable":true,"href":"https:\/\/tuxproject.de\/blog\/wp-json\/wp\/v2\/series?post=21899"}],"curies":[{"name":"wp","href":"https:\/\/api.w.org\/{rel}","templated":true}]}}