{"id":21647,"date":"2024-01-29T08:30:00","date_gmt":"2024-01-29T07:30:00","guid":{"rendered":"https:\/\/tuxproject.de\/blog\/?p=21647"},"modified":"2024-01-29T05:10:47","modified_gmt":"2024-01-29T04:10:47","slug":"danheim-hefna-podcasts-endlich-laberfrei","status":"publish","type":"post","link":"https:\/\/tuxproject.de\/blog\/2024\/01\/danheim-hefna-podcasts-endlich-laberfrei\/","title":{"rendered":"Danheim \u2014 Hefna \/\/ Podcasts endlich laberfrei"},"content":{"rendered":"<a href=\"https:\/\/tuxproject.de\/blog\/wp-content\/uploads\/2024\/01\/Aus-aktuellem-Anlass-ein-brauner-Arsch.jpeg\"><img loading=\"lazy\" decoding=\"async\" src=\"https:\/\/tuxproject.de\/blog\/wp-content\/uploads\/2024\/01\/Aus-aktuellem-Anlass-ein-brauner-Arsch-120x111.jpeg\" alt=\"Aus aktuellem Anlass ein brauner Arsch.\" width=\"120\" height=\"111\" class=\"alignright size-thumbnail wp-image-21649\" srcset=\"https:\/\/tuxproject.de\/blog\/wp-content\/uploads\/2024\/01\/Aus-aktuellem-Anlass-ein-brauner-Arsch-120x111.jpeg 120w, https:\/\/tuxproject.de\/blog\/wp-content\/uploads\/2024\/01\/Aus-aktuellem-Anlass-ein-brauner-Arsch-300x277.jpeg 300w, https:\/\/tuxproject.de\/blog\/wp-content\/uploads\/2024\/01\/Aus-aktuellem-Anlass-ein-brauner-Arsch-768x708.jpeg 768w, https:\/\/tuxproject.de\/blog\/wp-content\/uploads\/2024\/01\/Aus-aktuellem-Anlass-ein-brauner-Arsch-730x673.jpeg 730w, https:\/\/tuxproject.de\/blog\/wp-content\/uploads\/2024\/01\/Aus-aktuellem-Anlass-ein-brauner-Arsch.jpeg 850w\" sizes=\"auto, (max-width: 120px) 100vw, 120px\"><\/a>\n<p>Es ist Mon\u00adtag. <a href=\"https:\/\/chriscoyier.net\/2024\/01\/26\/how-was-your-experience\/\">Wie gef\u00e4llt er euch bish\u00ader?<\/a> Mir gef\u00e4llt es nicht, nichts davon, irgend\u00adwie. Dass der Men\u00adsch ein <em>soziales Wesen<\/em> ist, macht den Weg\u00adbruch des Sozialen kaum ertr\u00e4glich\u00ader. Wie machen Men\u00adschen das, die <em>keinen<\/em> an der Murmel haben?<\/p>\n\n\n\n\n<p>Aber es gibt ja Bet\u00e4ubungsmit\u00adtel. Zu Beginn des j\u00fcngst ver\u00adgan\u00adgenen Woch\u00adenen\u00addes trieb ich mich insofern in Ham\u00adburg, ein\u00ader mein\u00ader Lieblingsst\u00e4dte, herum, wo eine gr\u00f6\u00dfere Spir\u00adi\u00adtu\u00adosen\u00admesse stat\u00adtfand. In diesem Rah\u00admen habe ich fest\u00adgestellt, dass in Aus\u00adtralien anscheinend Ing\u00adwer\u00adbier gebraut wird, das einzig dem Zweck dient, dass man in die hier\u00adf\u00fcr ver\u00adwen\u00adde\u00adten F\u00e4ss\u00ader <a href=\"https:\/\/starward.com\/products\/ginger-beer-cask-7\">Whisky rein\u00adtut.<\/a> Schmeckt, wie man\u2019s glaubt. Wer nix pro\u00adbiert, der lernt auch nix.<\/p>\n\n\n\n\n<p>Apro\u00adpos, gute Nachricht\u00aden: Die \u201eS\u00fcd\u00addeutsche Zeitung\u201c hat <a href=\"https:\/\/archive.is\/20240125183247\/https:\/\/www.sueddeutsche.de\/projekte\/artikel\/stil\/schwarzteemischung-english-breakfast-tea-test-e361406\/\">abschlie\u00dfend fest\u00adgestellt<\/a>, welch\u00ader Tee <em>schmeckt<\/em> und welch\u00ader nicht. Geschm\u00e4ck\u00ader sind, was in der Zeitung ste\u00adht. Es mag vieles erk\u00adl\u00e4ren.<\/p>\n\n\n\n\n<p>Der beste Tag, um das Benutzerkon\u00adto bei Adobe zu l\u00f6schen, <a href=\"https:\/\/io.mwl.io\/@mwl\/111810963613352295\">war immer gestern.<\/a> Wichtiger Tipp anson\u00adsten: Ist man ein Betr\u00fcger und m\u00f6chte einen Autis\u00adten rein\u00adle\u00adgen, dann ist es empfehlenswert, <a href=\"https:\/\/infosec.exchange\/@0xabad1dea\/111813031619222640\">von vorn\u00adhere\u00adin<\/a> ehrlich zu sein. Das erh\u00f6ht die Wahrschein\u00adlichkeit des Erfolges. Das Smart\u00adphone Pix\u00adel 8 Pro k\u00f6nne man jet\u00adzt auch <a href=\"https:\/\/www.golem.de\/news\/google-pixel-8-pro-funktioniert-nach-update-als-fieberthermometer-2401-181595.html\">als Fieberther\u00admome\u00adter nutzen<\/a>, las ich dieser Tage. Man betra\u00adchte Form und Mate\u00adr\u00adi\u00adal und habe for\u00adt\u00adan nie wieder Fieber. Pod\u00adcasts sind der\u00adweil dem\u00adn\u00e4chst \u2014 jeden\u00adfalls f\u00fcr Applekun\u00adden \u2014 <a href=\"https:\/\/stadt-bremerhaven.de\/apple-fuehrt-transkripte-fuer-podcasts-ein\/\">zum Lesen ver\u00adf\u00fcg\u00adbar<\/a>, ob die Betreiber das jet\u00adzt wollen oder nicht. Damit sind all meine Ein\u00adw\u00e4nde gegen Pod\u00adcasts aufge\u00adhoben und ich werde sehr viele von ihnen abon\u00adnieren m\u00fcssen. Es ist alles sehr schlimm.<\/p>\n\n\n\n\n<p>Gedanke: Inci\u00adta\u00adtus w\u00e4re ein guter Bun\u00addeskan\u00adzler gewor\u00adden. Dessen Kopf stand <a href=\"https:\/\/noemix.wordpress.com\/2024\/01\/26\/cephalologisches\/\">nicht im Weg herum.<\/a> In Th\u00fcrin\u00adgen (Saale-Orla-Kreis) hat ein CDU-Kan\u00addi\u00addat mit Unter\u00adst\u00fctzung der Linken eine Lan\u00addratswahl gewon\u00adnen. Wof\u00fcr genau gibt es jet\u00adzt eigentlich noch mal mehr als eine Partei?<\/p>\n\n\n\n\n<p>Wovon es wiederum nicht genug geben kann: Musik.<\/p>\n\n\n\n\n<div class=\"lyte-wrapper\" title=\"Danheim - Hefna\" style=\"width:1280px;max-width:100%;margin:5px;\"><div class=\"lyMe\" id=\"WYL_MWKi7mVMbfQ\"><div id=\"lyte_MWKi7mVMbfQ\" data-src=\"https:\/\/tuxproject.de\/blog\/wp-content\/plugins\/wp-youtube-lyte\/lyteCache.php?origThumbUrl=https%3A%2F%2Fi.ytimg.com%2Fvi%2FMWKi7mVMbfQ%2Fhqdefault.jpg\" class=\"pL\"><div class=\"tC\"><div class=\"tT\">Dan\u00adheim \u2014 Hef\u00adna<\/div><\/div><div class=\"play\"><\/div><div class=\"ctrl\"><div class=\"Lctrl\"><\/div><div class=\"Rctrl\"><\/div><\/div><\/div><noscript><a href=\"https:\/\/youtu.be\/MWKi7mVMbfQ\" rel=\"nofollow\"><img loading=\"lazy\" decoding=\"async\" src=\"https:\/\/tuxproject.de\/blog\/wp-content\/plugins\/wp-youtube-lyte\/lyteCache.php?origThumbUrl=https%3A%2F%2Fi.ytimg.com%2Fvi%2FMWKi7mVMbfQ%2F0.jpg\" alt=\"Danheim - Hefna\" width=\"1280\" height=\"700\"><\/a><\/noscript><\/div><\/div><div class=\"lL\" style=\"max-width:100%;width:1280px;margin:5px;\"> <a href=\"https:\/\/youtu.be\/MWKi7mVMbfQ\" target=\"_blank\">Dieses Video auf YouTube anse\u00adhen<\/a>.<\/div>\n\n\n\n\n<p>Guten Mor\u00adgen.<\/p>\n","protected":false},"excerpt":{"rendered":"<p>Es ist Mon\u00adtag. Wie gef\u00e4llt er euch bish\u00ader? Mir gef\u00e4llt es nicht, nichts davon, irgend\u00adwie. Dass der Men\u00adsch ein soziales Wesen ist, macht den Weg\u00adbruch des Sozialen kaum ertr\u00e4glich\u00ader. Wie machen Men\u00adschen das, die keinen an der Murmel haben? Aber es gibt ja Bet\u00e4ubungsmit\u00adtel. Zu Beginn des j\u00fcngst ver\u00adgan\u00adgenen Woch\u00adenen\u00addes trieb ich mich insofern in \u2026<\/p>\n<p><a href=\"https:\/\/tuxproject.de\/blog\/2024\/01\/danheim-hefna-podcasts-endlich-laberfrei\/\" class=\"more-link\">\u2018Dan\u00adheim \u2014 Hef\u00adna \/\/ Pod\u00adcasts endlich laber\u00adfrei\u2019 weit\u00ader\u00adlesen \u00bb<\/a><\/p>\n","protected":false},"author":1,"featured_media":0,"comment_status":"open","ping_status":"open","sticky":false,"template":"","format":"standard","meta":{"wp_typography_post_enhancements_disabled":false,"footnotes":""},"categories":[1,13,32],"tags":[],"series":[],"class_list":["post-21647","post","type-post","status-publish","format-standard","hentry","category-persoenliches","category-in-den-nachrichten","category-montagsmusik"],"share_on_mastodon":{"url":"https:\/\/social.tchncs.de\/@hirnfick_20\/111838062814740018","error":""},"wp-worthy-pixel":{"ignored":false,"public":"9205bc748bde4dfca14a9de154b1f2a6","server":"vg02.met.vgwort.de","url":"https:\/\/vg02.met.vgwort.de\/na\/9205bc748bde4dfca14a9de154b1f2a6"},"wp-worthy-type":"normal","_links":{"self":[{"href":"https:\/\/tuxproject.de\/blog\/wp-json\/wp\/v2\/posts\/21647","targetHints":{"allow":["GET"]}}],"collection":[{"href":"https:\/\/tuxproject.de\/blog\/wp-json\/wp\/v2\/posts"}],"about":[{"href":"https:\/\/tuxproject.de\/blog\/wp-json\/wp\/v2\/types\/post"}],"author":[{"embeddable":true,"href":"https:\/\/tuxproject.de\/blog\/wp-json\/wp\/v2\/users\/1"}],"replies":[{"embeddable":true,"href":"https:\/\/tuxproject.de\/blog\/wp-json\/wp\/v2\/comments?post=21647"}],"version-history":[{"count":0,"href":"https:\/\/tuxproject.de\/blog\/wp-json\/wp\/v2\/posts\/21647\/revisions"}],"wp:attachment":[{"href":"https:\/\/tuxproject.de\/blog\/wp-json\/wp\/v2\/media?parent=21647"}],"wp:term":[{"taxonomy":"category","embeddable":true,"href":"https:\/\/tuxproject.de\/blog\/wp-json\/wp\/v2\/categories?post=21647"},{"taxonomy":"post_tag","embeddable":true,"href":"https:\/\/tuxproject.de\/blog\/wp-json\/wp\/v2\/tags?post=21647"},{"taxonomy":"series","embeddable":true,"href":"https:\/\/tuxproject.de\/blog\/wp-json\/wp\/v2\/series?post=21647"}],"curies":[{"name":"wp","href":"https:\/\/api.w.org\/{rel}","templated":true}]}}