{"id":19987,"date":"2022-07-29T22:06:05","date_gmt":"2022-07-29T20:06:05","guid":{"rendered":"https:\/\/tuxproject.de\/blog\/?p=19987"},"modified":"2022-07-30T16:57:30","modified_gmt":"2022-07-30T14:57:30","slug":"die-telekom-moechte-auf-meine-daten-aufpassen","status":"publish","type":"post","link":"https:\/\/tuxproject.de\/blog\/2022\/07\/die-telekom-moechte-auf-meine-daten-aufpassen\/","title":{"rendered":"Die Telekom m\u00f6chte auf meine Daten aufpassen."},"content":{"rendered":"<p>Gro\u00dfe Sorge bei der Deutschen Telekom, die einen Teil mein\u00ader Inter\u00adnetkon\u00adnek\u00adtiv\u00adit\u00e4t \u2014 oft merk\u00adlich gegen ihren Willen \u2014 ver\u00adwal\u00adten muss: Ihr sei, teilt entwed\u00ader sie oder jemand mit <a href=\"http:\/\/spam.tamagothi.de\/2022\/07\/15\/spamkriminalitaetsfoerderung-durch-die-deutsche-telekom\/\">hin\u00adre\u00adichend guten Kon\u00adtak\u00adten<\/a> zu ihr in ein\u00ader E\u2011Mail mit, aufge\u00adfall\u00aden, dass ich meine E\u2011Mail-Adresse (die sie ohne tech\u00adnis\u00adche Notwendigkeit \u201cken\u00adnen muss\u201d) noch gar nicht <em>best\u00e4tigt<\/em> habe, so dass sie gar nicht so genau wei\u00df, ob ich wirk\u00adlich ich bin.<\/p>\n<p>Darum, stellt sie in dieser somit <em>vielle\u00adicht gar nicht mich<\/em> erre\u00adichen\u00adden E\u2011Mail fest, solle ich die <em>Best\u00e4\u00adti\u00adgung<\/em> schnell\u00adstens nach\u00adholen, denn der <em>Schutz mein\u00ader Dat\u00aden<\/em> k\u00f6nne nur erfol\u00adgre\u00adich stat\u00adtfind\u00aden, wenn ich <em>meine Dat\u00aden<\/em> \u00fcber\u00adhaupt raus\u00adr\u00fccke.<\/p>\n<p><img loading=\"lazy\" decoding=\"async\" src=\"https:\/\/tuxproject.de\/blog\/wp-content\/uploads\/2022\/07\/T-Mailadresse.jpg\" alt=\"Guten Tag XXXXXXX, bitte best\u00e4tigen Sie Ihre E-Mail-Adresse XXXXXXX.de f\u00fcr noch mehr Datenschutz. Somit versichern Sie uns mit nur wenigen Klicks, dass Sie es sind und sorgen gleichzeitig f\u00fcr optimale Datensicherheit.  Freundliche Gr\u00fc\u00dfe Ihre Telekom\" width=\"700\" height=\"701\" class=\"alignnone size-full wp-image-19988\" srcset=\"https:\/\/tuxproject.de\/blog\/wp-content\/uploads\/2022\/07\/T-Mailadresse.jpg 700w, https:\/\/tuxproject.de\/blog\/wp-content\/uploads\/2022\/07\/T-Mailadresse-300x300.jpg 300w, https:\/\/tuxproject.de\/blog\/wp-content\/uploads\/2022\/07\/T-Mailadresse-120x120.jpg 120w\" sizes=\"auto, (max-width: 700px) 100vw, 700px\"><\/p>\n<p>Ich f\u00fcrchte, die wenig\u00adsten Kun\u00adden der Telekom wer\u00adden die Logik\u00adl\u00fccke zwis\u00adchen dem Her\u00adaus\u00adgeben von Dat\u00aden und dem <em>deswe\u00adgen<\/em> ver\u00admeintlich besseren Daten\u00adschutz ohne Weit\u00aderes erken\u00adnen. Die Idee dahin\u00adter ist aber sehr sym\u00adpa\u00adthisch, ich werde sie \u00fcbernehmen: Wenn ich k\u00fcn\u00adftig die Kon\u00adtak\u00adt\u00addat\u00aden ein\u00ader attrak\u00adtiv\u00aden Zeitgenossin zu erlan\u00adgen hoffe, werde ich sie schlicht darauf hin\u00adweisen, dass die Nicht\u00fcber\u00adre\u00adichung schlecht f\u00fcr den Daten\u00adschutz ist. Auf Dat\u00aden, die ich nicht habe, kann ich ja nicht auf\u00adpassen.<\/p>\n<p>Ob das wohl funk\u00adtion\u00adiert?<\/p>\n<hr>\n<p>Merk\u00adw\u00fcrdig: Ich habe nur kurz die Nachricht\u00aden gele\u00adsen und m\u00f6chte pl\u00f6t\u00adzlich inten\u00adsiv <a href=\"https:\/\/www.zeit.de\/politik\/deutschland\/2022-07\/katrin-goering-eckardt-gruene-atomkraft-laufzeitverlaengerung\">\u00fcber Atom\u00adkraft disku\u00adtieren.<\/a><\/p>\n","protected":false},"excerpt":{"rendered":"<p>Gro\u00dfe Sorge bei der Deutschen Telekom, die einen Teil mein\u00ader Inter\u00adnetkon\u00adnek\u00adtiv\u00adit\u00e4t \u2014 oft merk\u00adlich gegen ihren Willen \u2014 ver\u00adwal\u00adten muss: Ihr sei, teilt entwed\u00ader sie oder jemand mit hin\u00adre\u00adichend guten Kon\u00adtak\u00adten zu ihr in ein\u00ader E\u2011Mail mit, aufge\u00adfall\u00aden, dass ich meine E\u2011Mail-Adresse (die sie ohne tech\u00adnis\u00adche Notwendigkeit \u201cken\u00adnen muss\u201d) noch gar nicht best\u00e4tigt habe, so \u2026<\/p>\n<p><a href=\"https:\/\/tuxproject.de\/blog\/2022\/07\/die-telekom-moechte-auf-meine-daten-aufpassen\/\" class=\"more-link\">\u2018Die Telekom m\u00f6chte auf meine Dat\u00aden auf\u00adpassen.\u2019 weit\u00ader\u00adlesen \u00bb<\/a><\/p>\n","protected":false},"author":1,"featured_media":0,"comment_status":"open","ping_status":"open","sticky":false,"template":"","format":"standard","meta":{"wp_typography_post_enhancements_disabled":false,"footnotes":""},"categories":[19,22],"tags":[],"series":[],"class_list":["post-19987","post","type-post","status-publish","format-standard","hentry","category-nerdkrams","category-spas-mit-spam"],"share_on_mastodon":{"url":"","error":""},"wp-worthy-pixel":{"ignored":false,"public":null,"server":null,"url":null},"wp-worthy-type":"normal","_links":{"self":[{"href":"https:\/\/tuxproject.de\/blog\/wp-json\/wp\/v2\/posts\/19987","targetHints":{"allow":["GET"]}}],"collection":[{"href":"https:\/\/tuxproject.de\/blog\/wp-json\/wp\/v2\/posts"}],"about":[{"href":"https:\/\/tuxproject.de\/blog\/wp-json\/wp\/v2\/types\/post"}],"author":[{"embeddable":true,"href":"https:\/\/tuxproject.de\/blog\/wp-json\/wp\/v2\/users\/1"}],"replies":[{"embeddable":true,"href":"https:\/\/tuxproject.de\/blog\/wp-json\/wp\/v2\/comments?post=19987"}],"version-history":[{"count":0,"href":"https:\/\/tuxproject.de\/blog\/wp-json\/wp\/v2\/posts\/19987\/revisions"}],"wp:attachment":[{"href":"https:\/\/tuxproject.de\/blog\/wp-json\/wp\/v2\/media?parent=19987"}],"wp:term":[{"taxonomy":"category","embeddable":true,"href":"https:\/\/tuxproject.de\/blog\/wp-json\/wp\/v2\/categories?post=19987"},{"taxonomy":"post_tag","embeddable":true,"href":"https:\/\/tuxproject.de\/blog\/wp-json\/wp\/v2\/tags?post=19987"},{"taxonomy":"series","embeddable":true,"href":"https:\/\/tuxproject.de\/blog\/wp-json\/wp\/v2\/series?post=19987"}],"curies":[{"name":"wp","href":"https:\/\/api.w.org\/{rel}","templated":true}]}}