{"id":19843,"date":"2022-06-22T22:19:26","date_gmt":"2022-06-22T20:19:26","guid":{"rendered":"https:\/\/tuxproject.de\/blog\/?p=19843"},"modified":"2022-06-23T14:49:48","modified_gmt":"2022-06-23T12:49:48","slug":"handtuchkrieg-auf-teneriffa-und-andere-banalitaeten","status":"publish","type":"post","link":"https:\/\/tuxproject.de\/blog\/2022\/06\/handtuchkrieg-auf-teneriffa-und-andere-banalitaeten\/","title":{"rendered":"Handtuchkrieg auf Teneriffa und andere Banalit\u00e4ten"},"content":{"rendered":"<blockquote><p>Ich dachte immer, jed\u00ader Men\u00adsch sei gegen den Krieg, bis ich her\u00adaus\u00adfand, dass es welche gibt, die daf\u00fcr sind; beson\u00adders die, die nicht hinge\u00adhen m\u00fcssen.<br>\n<cite>Erich Maria Remar\u00adque<\/cite><\/p><\/blockquote>\n<p>Das gibt Krieg oder min\u00addestens einen \u201cEklat\u201d (RTL et al.): Auf Tener\u00adif\u00adfa woll\u00adten Urlauber zu fr\u00fch ihre bl\u00f6\u00adden Handt\u00fcch\u00ader auf bl\u00f6de Liegen und sich dann noch mal aufs Ohr leg\u00aden. Is\u2019 nich\u2019, beschlossen \u201cHotel-Mitar\u00adbeit\u00ader\u201d und nah\u00admen die Handt\u00fcch\u00ader <a href=\"https:\/\/www.rtl.de\/cms\/eklat-in-hotel-auf-teneriffa-mitarbeiter-entfernen-handtuecher-von-reservierten-liegen-4990366.html\">wieder weg<\/a>, woraufhin Urlauber \u201cverzweifelt\u201d reagierten. Fr\u00fcher gab es f\u00fcr so was ja noch Fach\u00e4rzte, aber die haben gek\u00fcndigt und kleben sich jet\u00adzt <a href=\"https:\/\/twitter.com\/traeumerle_\/status\/1538812399565807619\">auf die Stra\u00dfe.<\/a> Der ganze Urlaub ist ruiniert, weil Liegen vor dem Fr\u00fch\u00adst\u00fcck nicht reservierungs\u00adf\u00e4hig sind. <a href=\"https:\/\/metro.co.uk\/2018\/08\/13\/holiday-spain-ruined-many-spaniards-spanish-hotel-7832699\/\">Zu viele Spanier in Spanien.<\/a><\/p>\n<p><em>Homo homi\u00adni lupus<\/em> bzw. plebs: <em>Die Medi\u00aden<\/em> bericht\u00aden ersch\u00fct\u00adtert dar\u00fcber, dass ein Men\u00adsch, dem das Abhan\u00addenkom\u00admen von Fach\u00e4rzten eben\u00adso nicht gele\u00adgen zu kom\u00admen scheint, \u201cdeut\u00adliche psy\u00adchis\u00adche Belas\u00adtun\u00adgen\u201d <a href=\"https:\/\/www.n-tv.de\/panorama\/Bahn-muss-geschlechtsneutrale-Anrede-einfuehren-article23413980.html\">zu ertra\u00adgen habe<\/a>, weil die Bahn beim Fahrkartenkauf <em>nur<\/em> \u201cHerr\u201d und \u201cFrau\u201d als Anrede anbi\u00adete. Die Frage, warum die Bahn beim Fahrkartenkauf \u00fcber\u00adhaupt die Anrede des K\u00e4ufers ken\u00adnen m\u00fcsste (Datensparsamkeit ist <em>kein<\/em> Mythos), wird nicht gestellt. Ver\u00adlage machen das ja auch nicht anders, Adress\u00addat\u00aden sind auch blo\u00df eine W\u00e4hrung.<\/p>\n<p><img loading=\"lazy\" decoding=\"async\" src=\"https:\/\/tuxproject.de\/blog\/wp-content\/uploads\/2022\/06\/Ihr-koennt-nur-zusehen..jpg\" alt=\"Ihr k\u00f6nnt nur zusehen.\" width=\"680\" height=\"416\" class=\"alignnone size-full wp-image-19844\" srcset=\"https:\/\/tuxproject.de\/blog\/wp-content\/uploads\/2022\/06\/Ihr-koennt-nur-zusehen..jpg 680w, https:\/\/tuxproject.de\/blog\/wp-content\/uploads\/2022\/06\/Ihr-koennt-nur-zusehen.-300x184.jpg 300w, https:\/\/tuxproject.de\/blog\/wp-content\/uploads\/2022\/06\/Ihr-koennt-nur-zusehen.-120x73.jpg 120w\" sizes=\"auto, (max-width: 680px) 100vw, 680px\"><\/p>\n<p>Apro\u00adpos Krieg: Was sollte die ukrainis\u00adche F\u00fchrung nach dem Ende des laufend\u00aden <em>Kon\u00adflik\u00adtes<\/em> eigentlich daran hin\u00addern, die mil\u00adit\u00e4rische Aufr\u00fcs\u00adtung aus <em>dem West\u00aden<\/em> ein\u00adfach dem erst\u00adbesten Faschis\u00adten in die Hand zu dr\u00fcck\u00aden? <a href=\"https:\/\/www.nd-aktuell.de\/artikel\/1164764.waffenlieferungen-schweigen-zum-endverbleib.html\">Nichts<\/a>, kom\u00admu\u00adniziert die zust\u00e4ndi\u00adge Min\u00adis\u00adterin. Nach ihr die Sint\u00adflut. Da liefert man doch gern und prompt.<\/p>\n<p>Neu im Rhetorikre\u00adgal: Deutsch\u00adland werde <em>ange\u00adgrif\u00adf\u00aden<\/em>, indem <em>der<\/em> ver\u00admeintlich in die Fast\u00adpleite sank\u00adtion\u00adierte <em>Russe<\/em> kon\u00adse\u00adquent <a href=\"https:\/\/www.rnd.de\/wirtschaft\/bundeswirtschaftsminister-habeck-bezeichnet-gasdrosselung-als-okonomischen-angriff-auf-deutschland-2b71db24-5087-423f-b667-2e56dd72fd42.html\">weniger Gas liefert<\/a>; so ein <em>hin\u00adterlistiger Frech\u00addachs<\/em> aber auch. Find\u00adi\u00adge <em>west\u00adliche<\/em> Konz\u00aderne haben darauf die einzig sin\u00adnvolle Antwort gefun\u00adden: <a href=\"https:\/\/www.rnd.de\/wirtschaft\/bier-trinken-fuer-die-ukraine-ab-inbev-spendet-erloese-SFLS766M2RCNZF5PTPTY4FVBDU.html\">Saufen f\u00fcr <del>den Regen\u00adwald<\/del> die Ukraine!<\/a><\/p>\n<p>Wenn\u2019s halt n\u00fcchtern nur mehr Kopfweh bere\u00adit\u00adet.<\/p>\n","protected":false},"excerpt":{"rendered":"<p>Ich dachte immer, jed\u00ader Men\u00adsch sei gegen den Krieg, bis ich her\u00adaus\u00adfand, dass es welche gibt, die daf\u00fcr sind; beson\u00adders die, die nicht hinge\u00adhen m\u00fcssen. Erich Maria Remar\u00adque Das gibt Krieg oder min\u00addestens einen \u201cEklat\u201d (RTL et al.): Auf Tener\u00adif\u00adfa woll\u00adten Urlauber zu fr\u00fch ihre bl\u00f6\u00adden Handt\u00fcch\u00ader auf bl\u00f6de Liegen und sich dann noch mal \u2026<\/p>\n<p><a href=\"https:\/\/tuxproject.de\/blog\/2022\/06\/handtuchkrieg-auf-teneriffa-und-andere-banalitaeten\/\" class=\"more-link\">\u2018Hand\u00adtuchkrieg auf Tener\u00adif\u00adfa und andere Banal\u00adit\u00e4ten\u2019 weit\u00ader\u00adlesen \u00bb<\/a><\/p>\n","protected":false},"author":1,"featured_media":0,"comment_status":"open","ping_status":"open","sticky":false,"template":"","format":"standard","meta":{"wp_typography_post_enhancements_disabled":false,"footnotes":""},"categories":[13],"tags":[],"series":[],"class_list":["post-19843","post","type-post","status-publish","format-standard","hentry","category-in-den-nachrichten"],"share_on_mastodon":{"url":"","error":""},"wp-worthy-pixel":{"ignored":false,"public":"136caead7589475e9b3000ee4a50b1ff","server":"vg02.met.vgwort.de","url":"https:\/\/vg02.met.vgwort.de\/na\/136caead7589475e9b3000ee4a50b1ff"},"wp-worthy-type":"normal","_links":{"self":[{"href":"https:\/\/tuxproject.de\/blog\/wp-json\/wp\/v2\/posts\/19843","targetHints":{"allow":["GET"]}}],"collection":[{"href":"https:\/\/tuxproject.de\/blog\/wp-json\/wp\/v2\/posts"}],"about":[{"href":"https:\/\/tuxproject.de\/blog\/wp-json\/wp\/v2\/types\/post"}],"author":[{"embeddable":true,"href":"https:\/\/tuxproject.de\/blog\/wp-json\/wp\/v2\/users\/1"}],"replies":[{"embeddable":true,"href":"https:\/\/tuxproject.de\/blog\/wp-json\/wp\/v2\/comments?post=19843"}],"version-history":[{"count":0,"href":"https:\/\/tuxproject.de\/blog\/wp-json\/wp\/v2\/posts\/19843\/revisions"}],"wp:attachment":[{"href":"https:\/\/tuxproject.de\/blog\/wp-json\/wp\/v2\/media?parent=19843"}],"wp:term":[{"taxonomy":"category","embeddable":true,"href":"https:\/\/tuxproject.de\/blog\/wp-json\/wp\/v2\/categories?post=19843"},{"taxonomy":"post_tag","embeddable":true,"href":"https:\/\/tuxproject.de\/blog\/wp-json\/wp\/v2\/tags?post=19843"},{"taxonomy":"series","embeddable":true,"href":"https:\/\/tuxproject.de\/blog\/wp-json\/wp\/v2\/series?post=19843"}],"curies":[{"name":"wp","href":"https:\/\/api.w.org\/{rel}","templated":true}]}}