{"id":19682,"date":"2022-05-15T18:53:04","date_gmt":"2022-05-15T16:53:04","guid":{"rendered":"https:\/\/tuxproject.de\/blog\/?p=19682"},"modified":"2022-05-15T18:53:04","modified_gmt":"2022-05-15T16:53:04","slug":"punk-zieht-in-den-krieg","status":"publish","type":"post","link":"https:\/\/tuxproject.de\/blog\/2022\/05\/punk-zieht-in-den-krieg\/","title":{"rendered":"Punk zieht in den Krieg."},"content":{"rendered":"<p>In Nor\u00addrhein-West\u00adfalen wurde heute gew\u00e4hlt. Linke (wegen der AfD) wie Rechte (wegen der Linken) eint die Freude dar\u00fcber, dass es eine F\u00fcnf-Prozent-H\u00fcrde f\u00fcr Land\u00adtagswahlen gibt. <em>Ist das Punk?<\/em><\/p>\n<p>Ach, die Frage kommt zu sp\u00e4t; was Punk ist und was nicht, ist 44 Jahre nach Sid Vicious und seinem Hak\u00adenkreuz-T-Shirt \u2014 Punk ist vor allem <em>gegen die Norm<\/em> \u2014 und damit in ein\u00ader Zeit, in der es <em>Linken<\/em> <a href=\"https:\/\/oliverdriesen.de\/dieses-seltsame-land\/in-hashtaggewittern\/\">gar nicht schnell genug<\/a> gehen kann mit Nation\u00adal\u00adis\u00admus und Krieg (allein heute haben zwei weit\u00adere Staat\u00aden ihre Absicht zum Beitritt der NATO eil\u00adgemeldet verk\u00fcn\u00addet), ja eine nur mehr akademis\u00adche Diskus\u00adsion. Punk schwingt heute Nation\u00adalflaggen und demon\u00adstri\u00adert f\u00fcr den starken Staat.<\/p>\n<p>So passend wie putzig ist <a href=\"https:\/\/www.rnd.de\/promis\/campino-wuerde-heute-kriegsdienst-wohl-nicht-mehr-verweigern-NDIHDEPGCN6YNPK6NJUQCT4ZHQ.html\">diese<\/a> \u201cNachricht\u201d:<\/p>\n<blockquote><p>In einem Inter\u00adview erz\u00e4hlt Rock\u00ads\u00e4nger Campino wegen des Ukraine-Kriegs viele alte Grund\u00ads\u00e4tze auf den Pr\u00fcf\u00ads\u00adtand stellt. So w\u00fcrde er wohl auch heute nicht mehr den Wehr\u00addi\u00adenst ver\u00adweigern, wie er es 1983 getan hat\u00adte.<\/p><\/blockquote>\n<p>Warum Kriege nur noch sel\u00adten von denen aus\u00adge\u00adfocht\u00aden wer\u00adden m\u00fcssen, die deren bru\u00adtale Effizienz ins\u00adbeson\u00addere f\u00fcr das Wirtschaftswach\u00ads\u00adtum zu sch\u00e4tzen wis\u00adsen, haben Bertolt Brecht und (sp\u00e4ter) Serj Tankian gefragt und keine Antwort bekom\u00admen. In dieser Tra\u00addi\u00adtion ste\u00adhe <a href=\"https:\/\/tuxproject.de\/blog\/2022\/04\/eva-hoegl-kann-mich-mal\/\">auch ich<\/a>, aber stolz darauf bin ich nur manch\u00admal heim\u00adlich ein biss\u00adchen.<\/p>\n<p>Campino verorte sich \u201cpoli\u00adtisch links und als W\u00e4h\u00adler bei den Gr\u00fc\u00adnen\u201d, berichtet das \u201cRND\u201d und begreift den Witz nicht. Im <a href=\"https:\/\/www.argh.de\/archives\/3397\/\">\u00dcber\u00adflus\u00adsland<\/a> sind das <em>b\u00fcrg\u00ader\u00adliche Kat\u00ade\u00adgorien<\/em>, so viel ist klar, weil zu oft geh\u00f6rt. Punk ist nicht mehr gegen alles und vor allem gegen das Sys\u00adtem, Punk will das Sys\u00adtem jet\u00adzt mil\u00adit\u00e4risch vertei\u00addi\u00adgen. Die F.D.P. \u201cist Punk\u201d, wahlk\u00e4mpferte es noch 2020 in <a href=\"https:\/\/twitter.com\/PogoPartei\/status\/1338918020832497667\">Sex-Pis\u00adtols-Tra\u00addi\u00adtion<\/a> aus der F.D.P. Friedrichshain-Kreuzberg her\u00adaus. Mich \u00fcber\u00adrascht nur noch wenig.<\/p>\n","protected":false},"excerpt":{"rendered":"<p>In Nor\u00ad\u00addrhein-West\u00ad\u00ad\u00adfalen wurde heute gew\u00e4hlt. Linke (wegen der AfD) wie Rechte (wegen der Linken) eint die Freude dar\u00fcber, dass es eine F\u00fcnf-Prozent-H\u00fcrde f\u00fcr Land\u00adtagswahlen gibt. Ist das Punk? Ach, die Frage kommt zu sp\u00e4t; was Punk ist und was nicht, ist 44 Jahre nach Sid Vicious und seinem Hak\u00adenkreuz-T-Shirt \u2014 Punk ist vor allem gegen \u2026<\/p>\n<p><a href=\"https:\/\/tuxproject.de\/blog\/2022\/05\/punk-zieht-in-den-krieg\/\" class=\"more-link\">\u2018Punk zieht in den Krieg.\u2019 weit\u00ader\u00adlesen \u00bb<\/a><\/p>\n","protected":false},"author":1,"featured_media":0,"comment_status":"open","ping_status":"open","sticky":false,"template":"","format":"standard","meta":{"wp_typography_post_enhancements_disabled":false,"footnotes":""},"categories":[2,13],"tags":[],"series":[],"class_list":["post-19682","post","type-post","status-publish","format-standard","hentry","category-musikalisches","category-in-den-nachrichten"],"share_on_mastodon":{"url":"","error":""},"wp-worthy-pixel":{"ignored":false,"public":null,"server":null,"url":null},"wp-worthy-type":"normal","_links":{"self":[{"href":"https:\/\/tuxproject.de\/blog\/wp-json\/wp\/v2\/posts\/19682","targetHints":{"allow":["GET"]}}],"collection":[{"href":"https:\/\/tuxproject.de\/blog\/wp-json\/wp\/v2\/posts"}],"about":[{"href":"https:\/\/tuxproject.de\/blog\/wp-json\/wp\/v2\/types\/post"}],"author":[{"embeddable":true,"href":"https:\/\/tuxproject.de\/blog\/wp-json\/wp\/v2\/users\/1"}],"replies":[{"embeddable":true,"href":"https:\/\/tuxproject.de\/blog\/wp-json\/wp\/v2\/comments?post=19682"}],"version-history":[{"count":0,"href":"https:\/\/tuxproject.de\/blog\/wp-json\/wp\/v2\/posts\/19682\/revisions"}],"wp:attachment":[{"href":"https:\/\/tuxproject.de\/blog\/wp-json\/wp\/v2\/media?parent=19682"}],"wp:term":[{"taxonomy":"category","embeddable":true,"href":"https:\/\/tuxproject.de\/blog\/wp-json\/wp\/v2\/categories?post=19682"},{"taxonomy":"post_tag","embeddable":true,"href":"https:\/\/tuxproject.de\/blog\/wp-json\/wp\/v2\/tags?post=19682"},{"taxonomy":"series","embeddable":true,"href":"https:\/\/tuxproject.de\/blog\/wp-json\/wp\/v2\/series?post=19682"}],"curies":[{"name":"wp","href":"https:\/\/api.w.org\/{rel}","templated":true}]}}