{"id":19340,"date":"2022-02-24T18:57:38","date_gmt":"2022-02-24T17:57:38","guid":{"rendered":"https:\/\/tuxproject.de\/blog\/?p=19340"},"modified":"2024-05-20T03:46:38","modified_gmt":"2024-05-20T01:46:38","slug":"lass-mich-dein-slawe-sein-moderne-wikingerkriege-im-donbass","status":"publish","type":"post","link":"https:\/\/tuxproject.de\/blog\/2022\/02\/lass-mich-dein-slawe-sein-moderne-wikingerkriege-im-donbass\/","title":{"rendered":"Lass mich dein Slawe sein: Moderne Wikingerkriege im Donbass."},"content":{"rendered":"<p>\u00dcber die derzeit\u00adi\u00adgen mil\u00adit\u00e4rischen Vorg\u00e4nge in <a href=\"https:\/\/www.bbc.com\/news\/magazine-18233844\">\u201cder\u201d<\/a> Ukraine wird dieser Tage vieles geschrieben. Einiges davon ist weniger bl\u00f6d als anderes.<\/p>\n<p>Ein bish\u00ader kaum beachteter Aspekt ist der religi\u00f6se, und weil ich ja viele (aus Verse\u00adhen) merk\u00adw\u00fcrdi\u00adge und (absichtlich) eher unge\u00adsel\u00adlige Hob\u00adbys habe, zu denen Kul\u00adturgeschichte z\u00e4hlt, f\u00e4llt mir dazu ger\u00adade etwas ein. Das Hei\u00adden\u00adtum, die Wurzel \u201cdes West\u00adens\u201d, das vor etwa 1.100 Jahren (plus\/minus 100 Jahre) von ein paar egozen\u00adtrischen Gewalt\u00adt\u00e4tern zugun\u00adsten des Glaubens an die jen\u00adseit\u00adige Heilkraft eines j\u00fcdis\u00adchen Wan\u00adder\u00adpredi\u00adgers ver\u00admeintlich \u201cbesiegt\u201d wor\u00adden war, hat\u00adte, wie sp\u00e4testens seit der (his\u00adtorisch inakku\u00adrat\u00aden) Serie \u201cVikings\u201d all\u00adge\u00admein bekan\u00adnt sein d\u00fcrfte, auch bei den Rus (im heuti\u00adgen <em>Kriegs\u00adge\u00adbi\u00adet<\/em>) seine Anh\u00e4nger; erst <a href=\"https:\/\/unesdoc.unesco.org\/ark:\/48223\/pf0000079702\">im Jahr 988<\/a> wurde das Chris\u00adten\u00adtum zur Kiew\u00ader Staat\u00adsre\u00adli\u00adgion. Wie das mit dem Glauben aber so ist, kriegt man ihn zwar aus dem Mund, jedoch nicht aus dem Kopf her\u00adaus\u00adgepr\u00fcgelt.<\/p>\n<p>In der Volk\u00adsz\u00e4h\u00adlung (<a href=\"https:\/\/docviewer.yandex.com\/view\/0\/?*=rvAv5PGTc%2Fw%2BBFV6QOUZtaf5gYF7InVybCI6InlhLWRpc2stcHVibGljOi8vMWV1aDl5RDFpcnZKeVZNNSswWWFaZktqRFhoOXZDNWhldUlGTU5uQU4zQT0iLCJ0aXRsZSI6IlNyZWRhX2Jsb2tfcHJlc3Nfc20yLnBkZiIsInVpZCI6IjAiLCJub2lmcmFtZSI6ZmFsc2UsInRzIjoxNTI0NDg3NTUzMTcwfQ%3D%3D&amp;page=1\">PDF, rus\u00adsisch<\/a>) f\u00fcr das Jahr 2010 \u2014 seit\u00addem sind es ver\u00admut\u00adlich nicht deut\u00adlich weniger gewor\u00adden \u2014 haben sich etwa 1,7 Mil\u00adlio\u00adnen Russen als Hei\u00adden aus\u00adgewiesen, davon etwa 44 Prozent slaw\u00adis\u00adche Hei\u00adden, zum Rest z\u00e4hlten auch ger\u00adman\u00adis\u00adche Hei\u00adden und Druiden. In \u201cder\u201d Ukraine, einem deut\u00adlich kleineren Land, wur\u00adden vor eini\u00adgen Jahren etwa 0,2 Prozent slaw\u00adis\u00adche Hei\u00adden gez\u00e4hlt, was immer noch <em>ein paar Tausend<\/em> sind.<\/p>\n<p>Ihnen gemein ist, dass sie sich im Kampf um den Don\u00adbass jew\u00adeils auf eine der bei\u00adden Seit\u00aden <a href=\"https:\/\/en.wikipedia.org\/w\/index.php?title=Slavic_Native_Faith_in_Russia&amp;oldid=1073185386#Russian_Rodnovers_and_the_War_in_Donbass\">geschla\u00adgen haben.<\/a> Dies d\u00fcrfte das erste Mal seit <em>einiger Zeit<\/em> sein, dass Anh\u00e4nger von \u00de\u00f3rr (slaw\u00adisch \u041f\u0435\u0440\u00fd\u043d, <em>Perun<\/em>) einan\u00adder die K\u00f6pfe ein\u00adschla\u00adgen bzw. \u2011schie\u00dfen, weil sie der Ansicht sind, die G\u00f6t\u00adter seien auf ihrer Seite und nicht auf der des Geg\u00adn\u00aders. \u201cOdin\u201d, \u00fcber\u00adset\u00adzte Karl Sim\u00adrock aus der <em>V\u00f6lus\u00adp\u00e1<\/em>, schleud\u00adere \u201cdas Geschoss in das Heer: da wurde Kampf in der Welt zuerst\u201d. Es erstaunte mich kaum, fiele in der innerukrainis\u00adchen Diskus\u00adsion \u00fcber die derzeit\u00adige mil\u00adit\u00e4rische Sit\u00adu\u00ada\u00adtion kein Syn\u00adonym f\u00fcr die <em>G\u00f6t\u00adter\u00add\u00e4m\u00admerung<\/em>. Dass ich mal <em>Zeitzeuge ein\u00ader Wikinger\u00adschlacht<\/em> sein w\u00fcrde, hat\u00adte ich jeden\u00adfalls so nicht erwartet.<\/p>\n<blockquote><p>Diese Fahrt ist sehr \u00fcbel und gar nicht wik\u00adinggem\u00e4\u00df.<br>\n<cite>Egils saga, Kap. 46; \u00fcber\u00adset\u00adzt von Felix Nied\u00adner<\/cite><\/p><\/blockquote>\n","protected":false},"excerpt":{"rendered":"<p>\u00dcber die derzeit\u00adi\u00adgen mil\u00adit\u00e4rischen Vorg\u00e4nge in \u201cder\u201d Ukraine wird dieser Tage vieles geschrieben. Einiges davon ist weniger bl\u00f6d als anderes. Ein bish\u00ader kaum beachteter Aspekt ist der religi\u00f6se, und weil ich ja viele (aus Verse\u00adhen) merk\u00adw\u00fcrdi\u00adge und (absichtlich) eher unge\u00adsel\u00adlige Hob\u00adbys habe, zu denen Kul\u00adturgeschichte z\u00e4hlt, f\u00e4llt mir dazu ger\u00adade etwas ein. Das Hei\u00adden\u00adtum, die \u2026<\/p>\n<p><a href=\"https:\/\/tuxproject.de\/blog\/2022\/02\/lass-mich-dein-slawe-sein-moderne-wikingerkriege-im-donbass\/\" class=\"more-link\">\u2018Lass mich dein Slawe sein: Mod\u00aderne Wikingerkriege im Don\u00adbass.\u2019 weit\u00ader\u00adlesen \u00bb<\/a><\/p>\n","protected":false},"author":1,"featured_media":0,"comment_status":"open","ping_status":"open","sticky":false,"template":"","format":"standard","meta":{"wp_typography_post_enhancements_disabled":false,"footnotes":""},"categories":[4,13],"tags":[],"series":[],"class_list":["post-19340","post","type-post","status-publish","format-standard","hentry","category-politik","category-in-den-nachrichten"],"share_on_mastodon":{"url":"","error":""},"wp-worthy-pixel":{"ignored":false,"public":"eefc388f4d19489ca1c6affa8d01d2d6","server":"vg02.met.vgwort.de","url":"https:\/\/vg02.met.vgwort.de\/na\/eefc388f4d19489ca1c6affa8d01d2d6"},"wp-worthy-type":"normal","_links":{"self":[{"href":"https:\/\/tuxproject.de\/blog\/wp-json\/wp\/v2\/posts\/19340","targetHints":{"allow":["GET"]}}],"collection":[{"href":"https:\/\/tuxproject.de\/blog\/wp-json\/wp\/v2\/posts"}],"about":[{"href":"https:\/\/tuxproject.de\/blog\/wp-json\/wp\/v2\/types\/post"}],"author":[{"embeddable":true,"href":"https:\/\/tuxproject.de\/blog\/wp-json\/wp\/v2\/users\/1"}],"replies":[{"embeddable":true,"href":"https:\/\/tuxproject.de\/blog\/wp-json\/wp\/v2\/comments?post=19340"}],"version-history":[{"count":0,"href":"https:\/\/tuxproject.de\/blog\/wp-json\/wp\/v2\/posts\/19340\/revisions"}],"wp:attachment":[{"href":"https:\/\/tuxproject.de\/blog\/wp-json\/wp\/v2\/media?parent=19340"}],"wp:term":[{"taxonomy":"category","embeddable":true,"href":"https:\/\/tuxproject.de\/blog\/wp-json\/wp\/v2\/categories?post=19340"},{"taxonomy":"post_tag","embeddable":true,"href":"https:\/\/tuxproject.de\/blog\/wp-json\/wp\/v2\/tags?post=19340"},{"taxonomy":"series","embeddable":true,"href":"https:\/\/tuxproject.de\/blog\/wp-json\/wp\/v2\/series?post=19340"}],"curies":[{"name":"wp","href":"https:\/\/api.w.org\/{rel}","templated":true}]}}