{"id":19336,"date":"2022-02-24T02:32:34","date_gmt":"2022-02-24T01:32:34","guid":{"rendered":"https:\/\/tuxproject.de\/blog\/?p=19336"},"modified":"2022-02-24T02:32:34","modified_gmt":"2022-02-24T01:32:34","slug":"der-vorteil-der-applelehrer-in-einer-zeit-des-pflichtfachs-informatik","status":"publish","type":"post","link":"https:\/\/tuxproject.de\/blog\/2022\/02\/der-vorteil-der-applelehrer-in-einer-zeit-des-pflichtfachs-informatik\/","title":{"rendered":"Der Vorteil der Applelehrer in einer Zeit des Pflichtfachs \u201cInformatik\u201d"},"content":{"rendered":"<p>\u201cCor\u00adrec\u00adtiv\u201d, das nur die Exis\u00adtenz des \u201cFak\u00adtencheck\u00aders\u201d davor bewahrt, den irref\u00fchrend\u00adsten Namen in der gegen\u00adw\u00e4r\u00adti\u00adgen Medi\u00aden\u00adland\u00adschaft zu tra\u00adgen, <a href=\"https:\/\/correctiv.org\/aktuelles\/bildung\/2022\/02\/16\/die-apple-lehrer\/\">warnt<\/a> grif\u00adfig vor \u201cApple-Lehrern\u201d. \u201cApple-Lehrer\u201d, schreibt Christoph Pen\u00adgel dort, seien diejeni\u00adgen Lahrkr\u00e4fte, die auch jen\u00adseits des Cur\u00adricu\u00adlums eine Ver\u00adbun\u00adden\u00adheit mit dem Konz\u00adern Apple zeigen. Aufgezeigt wer\u00adden soll mit dem Artikel anscheinend, dass Sch\u00fcler auf diese Weise sozusagen kosten\u00adlose Wer\u00adbung f\u00fcr Apple als Inhalt des Stun\u00adden\u00adplans bekom\u00admen.<\/p>\n<p>Damit ignori\u00adert \u201cCor\u00adrec\u00adtiv\u201d allerd\u00adings den gle\u00adichen Aspekt, den auch seit Jahren irgendwelche <em>Ver\u00adbrauch\u00ader\u00adsch\u00fctzer<\/em> ignori\u00aderen, wenn sie <a href=\"https:\/\/www.tagesspiegel.de\/wissen\/digitalisierung-des-lernens-verbraucherschuetzer-warnen-vor-werbung-in-der-schule\/26228274.html\">behaupten<\/a>, Schulen \u201cd\u00fcrften\u201d nicht von einzel\u00adnen Tech\u00adnikkonz\u00ader\u00adnen \u201cabh\u00e4ngig\u201d wer\u00adden. Dabei <em>m\u00fcssen<\/em> sie das sog\u00adar.<\/p>\n<p><!--more-->Sich\u00ader: Briefeschreiben und YouTube-Guck\u00aden geht auf nahezu allen mod\u00ader\u00adnen Sys\u00adte\u00admen auf eine ver\u00adgle\u00adich\u00adbare Weise, es ist hier\u00adf\u00fcr nahezu v\u00f6l\u00adlig egal, ob man Word\u00adPer\u00adfect und Fire\u00adfox oder Libre\u00adOf\u00adfice Writer und Safari ein\u00adset\u00adzt. Die Bedi\u00adenung der Soft\u00adware ist weit\u00adge\u00adhend zu ver\u00adnach\u00adl\u00e4s\u00adsi\u00adgen. (Ander\u00ader\u00adseits begin\u00adnt die Argu\u00admen\u00adta\u00adtion auch hier zu schw\u00e4cheln: Ein\u00ader Lern\u00adgruppe, die sich nicht auf ein Offi\u00adcepaket eini\u00adgen kann, kann man zwar die Bedi\u00adenung \u201cein\u00ader Textver\u00adar\u00adbeitung\u201d beib\u00adrin\u00adgen \u2014 zwei iden\u00adtis\u00adche Doku\u00admente sind in unter\u00adschiedlich\u00ader Soft\u00adware auf unter\u00adschiedlichen Sys\u00adte\u00admen aber nicht immer ganz leicht zu erzeu\u00adgen.)<\/p>\n<p>Nun leben wir aber in ein\u00ader Zeit, in der kurz\u00addenk\u00adende Schrei\u00adh\u00e4lse das \u201cPflicht\u00adfach Infor\u00admatik\u201d in Teilen Deutsch\u00adlands her\u00adbeigetwit\u00adtert haben, was weniger aufre\u00adgenswert w\u00e4re, lern\u00adten die Sch\u00fcler darin tat\u00ads\u00e4ch\u00adlich vor\u00adrangig etwas \u00fcber das Wesen der Infor\u00admatik (viel Math\u00ade\u00admatik, viel Auto\u00adma\u00adten\u00adthe\u00ado\u00adrie) und neben\u00adbei vielle\u00adicht ein wenig Medi\u00adenkom\u00adpe\u00adtenz, was den Daten\u00adschutz im Inter\u00adnet ange\u00adht. Stattdessen <a href=\"https:\/\/www.bitkom.org\/Presse\/Presseinformation\/Drei-Viertel-der-Bevoelkerung-fordern-Informatik-als-Schul-Pflichtfach\">geht es<\/a> um \u201cPro\u00adgram\u00admieren ler\u00adnen, Tech\u00adnolo\u00adgien ver\u00adste\u00adhen, Apps entwick\u00adeln\u201d. <em>(Am\u00fcsierte Frage aus dem Beruf\u00adsleben: worin beste\u00adht eigentlich der Unter\u00adschied zwis\u00adchen \u201cpro\u00adgram\u00admieren\u201d und \u201cApps entwick\u00adeln\u201d?)<\/em> Dem Branchen\u00adver\u00adband \u201cBitkom\u201d, der es anscheinend auch son\u00adst gern sehen w\u00fcrde, wenn junge Men\u00adschen mit dem Abschluss ihrer Aus\u00adbil\u00addung darauf opti\u00admiert wor\u00adden sind, f\u00e4hige (aber bil\u00adlige) Arbeits\u00addrohnen zu sein, gef\u00e4llt das.<\/p>\n<p>Und jet\u00adzt nehmen wir ein\u00adfach mal an, der Schwarm der sp\u00e4teren Arbeits\u00addrohnen lernte Pro\u00adgram\u00admieren <em>nicht<\/em> mit einem <em>von oben<\/em> vorgegebe\u00adnen ein\u00adheitlichen Sys\u00adtem, son\u00addern lie\u00dfe die Lehrkr\u00e4fte (<em>viel Spa\u00df<\/em>, Vertre\u00adtungslehrer!) oder gar die Sch\u00fcler selb\u00adst entschei\u00adden, welch\u00ades Betrieb\u00adssys\u00adtem sie gern ein\u00adset\u00adzen w\u00fcr\u00adden. Es d\u00fcrfte mitunter schw\u00ader wer\u00adden, \u00fcber\u00adhaupt eine geeignete <em>Pro\u00adgram\u00admier\u00adsprache<\/em> zu find\u00aden, die auf allen genutzten Sys\u00adte\u00admen auf dem gle\u00adichen Entwick\u00adlungs\u00adstand ist und die gle\u00adiche Stan\u00addard\u00adbib\u00adlio\u00adthek hat (ger\u00adade Win\u00addows ist oft etwas <em>eigen<\/em>, was let\u00adzteren Aspekt ange\u00adht); hin\u00adsichtlich der hier\u00adf\u00fcr einge\u00adset\u00adzten Pro\u00adgram\u00admier\u00adw\u00aderkzeuge ist der Wild\u00adwuchs gar nicht auszu\u00admalen. Es wird auch immer irgen\u00addeinen Schelm \u2014 fr\u00fcher w\u00e4re ich das gewe\u00adsen \u2014 geben, der im Unter\u00adricht dann mit Plan 9 oder son\u00adsti\u00adgen obskuren Sys\u00adte\u00admen auf\u00adtaucht, auf denen <em>selb\u00adst C<\/em> v\u00f6l\u00adlig anders funk\u00adtion\u00adiert. Ein\u00adfach, um dann <em>lei\u00adder<\/em> nicht mit\u00admachen zu k\u00f6n\u00adnen.<\/p>\n<p>Obwohl es also sicher\u00adlich manch\u00ades gibt, was man \u201cApple-Schulen\u201d vor\u00adw\u00ader\u00adfen kann (etwa, dass mitunter die <em>schiere Frech\u00adheit<\/em> aus\u00adgelebt wird, dass auch arme Fam\u00adi\u00adlien den Kram <em>selb\u00adst bezahlen<\/em> m\u00fcssen oder andern\u00adfalls schlicht <em>ein Prob\u00adlem<\/em> haben): Die vorgeschriebene Nutzung ein\u00ader ein\u00adheitlichen Umge\u00adbung jen\u00adseits des Film- und Face\u00adbookguck\u00adens z\u00e4hlt mein\u00ader Ansicht nach aus\u00addr\u00fcck\u00adlich <em>nicht<\/em> dazu.<\/p>\n","protected":false},"excerpt":{"rendered":"<p>\u201cCor\u00adrec\u00adtiv\u201d, das nur die Exis\u00adtenz des \u201cFak\u00adtencheck\u00aders\u201d davor bewahrt, den irref\u00fchrend\u00adsten Namen in der gegen\u00adw\u00e4r\u00adti\u00adgen Medi\u00aden\u00adland\u00adschaft zu tra\u00adgen, warnt grif\u00adfig vor \u201cApple-Lehrern\u201d. \u201cApple-Lehrer\u201d, schreibt Christoph Pen\u00adgel dort, seien diejeni\u00adgen Lahrkr\u00e4fte, die auch jen\u00adseits des Cur\u00adricu\u00adlums eine Ver\u00adbun\u00adden\u00adheit mit dem Konz\u00adern Apple zeigen. Aufgezeigt wer\u00adden soll mit dem Artikel anscheinend, dass Sch\u00fcler auf diese Weise sozusagen \u2026<\/p>\n<p><a href=\"https:\/\/tuxproject.de\/blog\/2022\/02\/der-vorteil-der-applelehrer-in-einer-zeit-des-pflichtfachs-informatik\/\" class=\"more-link\">\u2018Der Vorteil der Applelehrer in ein\u00ader Zeit des Pflicht\u00adfachs \u201cInfor\u00admatik\u201d\u2019 weit\u00ader\u00adlesen \u00bb<\/a><\/p>\n","protected":false},"author":1,"featured_media":0,"comment_status":"open","ping_status":"open","sticky":false,"template":"","format":"standard","meta":{"wp_typography_post_enhancements_disabled":false,"footnotes":""},"categories":[13,19],"tags":[],"series":[],"class_list":["post-19336","post","type-post","status-publish","format-standard","hentry","category-in-den-nachrichten","category-nerdkrams"],"share_on_mastodon":{"url":"","error":""},"wp-worthy-pixel":{"ignored":false,"public":"2e78da6911a741eba7446e4ec389328c","server":"vg02.met.vgwort.de","url":"https:\/\/vg02.met.vgwort.de\/na\/2e78da6911a741eba7446e4ec389328c"},"wp-worthy-type":"normal","_links":{"self":[{"href":"https:\/\/tuxproject.de\/blog\/wp-json\/wp\/v2\/posts\/19336","targetHints":{"allow":["GET"]}}],"collection":[{"href":"https:\/\/tuxproject.de\/blog\/wp-json\/wp\/v2\/posts"}],"about":[{"href":"https:\/\/tuxproject.de\/blog\/wp-json\/wp\/v2\/types\/post"}],"author":[{"embeddable":true,"href":"https:\/\/tuxproject.de\/blog\/wp-json\/wp\/v2\/users\/1"}],"replies":[{"embeddable":true,"href":"https:\/\/tuxproject.de\/blog\/wp-json\/wp\/v2\/comments?post=19336"}],"version-history":[{"count":0,"href":"https:\/\/tuxproject.de\/blog\/wp-json\/wp\/v2\/posts\/19336\/revisions"}],"wp:attachment":[{"href":"https:\/\/tuxproject.de\/blog\/wp-json\/wp\/v2\/media?parent=19336"}],"wp:term":[{"taxonomy":"category","embeddable":true,"href":"https:\/\/tuxproject.de\/blog\/wp-json\/wp\/v2\/categories?post=19336"},{"taxonomy":"post_tag","embeddable":true,"href":"https:\/\/tuxproject.de\/blog\/wp-json\/wp\/v2\/tags?post=19336"},{"taxonomy":"series","embeddable":true,"href":"https:\/\/tuxproject.de\/blog\/wp-json\/wp\/v2\/series?post=19336"}],"curies":[{"name":"wp","href":"https:\/\/api.w.org\/{rel}","templated":true}]}}