{"id":19260,"date":"2022-02-07T08:30:44","date_gmt":"2022-02-07T07:30:44","guid":{"rendered":"https:\/\/tuxproject.de\/blog\/?p=19260"},"modified":"2022-02-06T19:47:02","modified_gmt":"2022-02-06T18:47:02","slug":"venom-prison-judges-of-the-underworld-bankraeuber-droht-mit-freiwilligem-abzug","status":"publish","type":"post","link":"https:\/\/tuxproject.de\/blog\/2022\/02\/venom-prison-judges-of-the-underworld-bankraeuber-droht-mit-freiwilligem-abzug\/","title":{"rendered":"Venom Pri\u00adson \u2013 Jud\u00adges of the Under\u00adworld \/\/ Bank\u00adr\u00e4u\u00adber droht mit frei\u00adwil\u00adli\u00adgem Abzug"},"content":{"rendered":"<p><a href=\"https:\/\/tuxproject.de\/blog\/wp-content\/uploads\/2022\/02\/Montagslaecheln.png\"><img loading=\"lazy\" decoding=\"async\" src=\"https:\/\/tuxproject.de\/blog\/wp-content\/uploads\/2022\/02\/Montagslaecheln-120x105.png\" alt=\"Montagsl\u00e4cheln\" width=\"120\" height=\"105\" class=\"alignright size-thumbnail wp-image-19264\" srcset=\"https:\/\/tuxproject.de\/blog\/wp-content\/uploads\/2022\/02\/Montagslaecheln-120x105.png 120w, https:\/\/tuxproject.de\/blog\/wp-content\/uploads\/2022\/02\/Montagslaecheln-300x263.png 300w, https:\/\/tuxproject.de\/blog\/wp-content\/uploads\/2022\/02\/Montagslaecheln.png 700w\" sizes=\"auto, (max-width: 120px) 100vw, 120px\"><\/a>Es ist Mon\u00adtag. Jeff Bezos will unter eine Br\u00fccke <a href=\"https:\/\/www.derstandard.de\/story\/2000133099527\/bruecken-abbau-fuer-bezos-jacht-rotterdam-kriegt-kalte-fuesse\">oder so<\/a>; auch mal sch\u00f6n.<\/p>\n<p>Die \u201etages\u00adschau\u201c <a href=\"https:\/\/www.tagesschau.de\/investigativ\/online-umfragen-beeinflussung-101.html\">quatscht<\/a> (<a href=\"https:\/\/web.archive.org\/web\/20220204120826\/https:\/\/www.tagesschau.de\/investigativ\/online-umfragen-beeinflussung-101.html\">Archiv\u00adlink<\/a>), dass Men\u00adschen mit \u201eextre\u00admen Mei\u00adnun\u00adgen\u201c in gro\u00ad\u00dfem Stil \u00f6ffent\u00adli\u00adche Umfra\u00adgen \u201emani\u00adpu\u00adlie\u00adren\u201c, indem sie in ihren jewei\u00adli\u00adgen sozia\u00adlen Krei\u00adsen dazu auf\u00adru\u00adfen, an ihnen teil\u00adzu\u00adneh\u00admen. Offen bleibt sei\u00adtens der \u201etages\u00adschau\u201c die Fra\u00adge, wie vie\u00adle Teil\u00adneh\u00admer eine Umfra\u00adge h\u00f6ch\u00adstens haben darf, bevor sie lei\u00adder als ung\u00fcl\u00adtig gewer\u00adtet wer\u00adden muss.<\/p>\n<p>Wenn der Stal\u00adker mit sei\u00adnem Ruhe\u00adstand \u201edroht\u201c und kaum jemand sich f\u00fcrch\u00adtet: Meta, das Unter\u00adneh\u00admen hin\u00adter der Web\u00adver\u00adfol\u00adgungs\u00adwan\u00adze Face\u00adbook, <a href=\"https:\/\/www.side-line.com\/meta-threatens-to-pull-facebook-and-instagram-from-the-european-market-what-does-this-mean-for-the-music-industry\/\">\u201edroht\u201c damit<\/a>, im \u201eeuro\u00adp\u00e4i\u00adschen Markt\u201c sei\u00adne \u201eDien\u00adste\u201c nicht mehr anzu\u00adbie\u00adten, wenn \u201eEuro\u00adpa\u201c ihm wei\u00adter\u00adhin ver\u00adbie\u00adte, die hal\u00adbe Mensch\u00adheit durch\u2019s Inter\u00adnet zu ver\u00adfol\u00adgen. Ich sag\u2018 Tsch\u00fcss mit \u00dcss, Tsch\u00f6 mit \u00d6 und Tschau mit Au, erwar\u00adte aber trotz\u00addem nicht, dass Meta, das Unter\u00adneh\u00admen hin\u00adter dem Daten\u00adschutz\u00adun\u00adfall Whats\u00adApp, aus\u00adnahms\u00adwei\u00adse mal nicht die gro\u00adbe Unwahr\u00adheit \u00fcber sei\u00adne Pl\u00e4\u00adne erz\u00e4hlt. \u2013 Apro\u00adpos: Eine dra\u00adma\u00adti\u00adsier\u00adte Dar\u00adstel\u00adlung eines der <em>inter\u00ades\u00adsan\u00adte\u00adren<\/em> Ideen\u00adge\u00adber eines \u201egeein\u00adten Euro\u00adpas\u201c nach 1945, der <a href=\"http:\/\/www.caef.org.uk\/d106msly.html\">Faschist Oswald Mos\u00adley<\/a>, wird in der letz\u00adten und vor\u00adaus\u00adsicht\u00adlich der fol\u00adgen\u00adden Staf\u00adfel der Serie \u201ePeaky Blin\u00adders\u201c als Ant\u00adago\u00adnist pr\u00e4\u00adsen\u00adtiert. Ich bedau\u00adre, dass das so sel\u00adten zum Anlass genom\u00admen wird, sich mit der Fra\u00adge zu besch\u00e4f\u00adti\u00adgen, war\u00adum die schreck\u00adli\u00adche EU <em>gera\u00adde<\/em> Faschi\u00adsten und Natio\u00adna\u00adli\u00adsten n\u00fctz\u00adlich sein kann.<\/p>\n<p>Dabei w\u00e4re gera\u00adde jetzt, da zula\u00adsten <em>des Iwans<\/em> um Sym\u00adpa\u00adthie f\u00fcr <a href=\"https:\/\/www.timesofisrael.com\/hundreds-of-ukrainian-nationalists-march-in-in-honor-of-nazi-collaborator\/\">ukrai\u00adni\u00adsche Neo\u00adna\u00adzis<\/a> gewor\u00adben wird, ein guter Zeit\u00adpunkt daf\u00fcr. <a href=\"https:\/\/twitter.com\/nouripour\/status\/2696402561\">Omid Nou\u00adri\u00adpour<\/a>, neu\u00ader\u00addings Vor\u00adsit\u00adzen\u00adder der <a href=\"https:\/\/twitter.com\/Watch_Greens\/status\/1490005453107089413\">digi\u00adtal black\u00adfa\u00adcen\u00adden<\/a> Gr\u00fc\u00adnen, gef\u00e4llt das m\u00f6g\u00adli\u00adcher\u00adwei\u00adse. Aus dem Westen: Schwe\u00adrer Regen <a href=\"https:\/\/twitter.com\/nocontextbrits\/status\/1489379525322551298\">und Nazi\u00adgei\u00adster.<\/a> (Was hat die Stadt Darm\u00adstadt eigent\u00adlich <a href=\"https:\/\/twitter.com\/civan_akbu\/status\/1488933070615064586\">gegen Kur\u00adden?<\/a>)<\/p>\n<p>Die Deut\u00adsche Bahn lei\u00adstet sich unter\u00addes\u00adsen ein wag\u00adhal\u00adsi\u00adges Ver\u00adspre\u00adchen: Noch in die\u00adsem Jahr \u2013 2022 \u2013 soll die P\u00fcnkt\u00adlich\u00adkeit (wir erin\u00adnern uns: das sind Z\u00fcge, die h\u00f6ch\u00adstens eine Vier\u00adtel\u00adstun\u00adde Ver\u00adsp\u00e4\u00adtung haben) ihrer Fern\u00adz\u00fc\u00adge unglaub\u00adlich schei\u00adnen\u00adde <a href=\"https:\/\/www.rnd.de\/wirtschaft\/deutschen-bahn-will-2022-wieder-puenktlicher-werden-QXPL6WAPXUULTVASTRXUNQ3UXQ.html\">80 Pro\u00adzent<\/a> errei\u00adchen. Das ist erfreu\u00adlich, denn so kann man nun, da die <a href=\"https:\/\/unherd.com\/2022\/01\/how-covid-stole-our-privacy\/\">pri\u00advat\u00adsph\u00e4\u00adren\u00adkri\u00adti\u00adsche<\/a> Coro\u00adna\u00adpan\u00adde\u00admie anschei\u00adnend <em>end\u00adlich vor\u00adbei<\/em> ist, Gro\u00df\u00adver\u00adan\u00adstal\u00adtun\u00adgen mit <a href=\"https:\/\/www.tagesschau.de\/inland\/corona-grossveranstaltungen-101.html\">bis zu 10.000 Zuschau\u00adern<\/a> (<a href=\"https:\/\/web.archive.org\/web\/20220203085326\/https:\/\/www.tagesschau.de\/inland\/corona-grossveranstaltungen-101.html\">Archiv\u00adlink<\/a>) end\u00adlich zu vier F\u00fcnf\u00adteln noch recht\u00adzei\u00adtig errei\u00adchen. Mei\u00adne n\u00e4ch\u00adste Knei\u00adpen\u00adtour mel\u00adde ich jeden\u00adfalls als Fu\u00df\u00adball\u00adspiel an. Dann darf ich wie\u00adder fast alles.<\/p>\n<p>Bei tan\u00adte gibt\u2019s einen <a href=\"https:\/\/tante.cc\/2022\/02\/04\/das-dritte-web\/\">lesens\u00adwer\u00adten Text<\/a> \u00fcber das neu\u00adar\u00adti\u00adge Ph\u00e4\u00adno\u00admen der \u201eNFTs\u201c und des\u00adsen Irra\u00adtio\u00adna\u00adli\u00adt\u00e4t. Bei mir gibt\u2019s jetzt statt\u00addes\u00adsen: <del>Pan\u00adda\u00adb\u00e4\u00adren<\/del> Musik.<\/p>\n<div class=\"lyte-wrapper\" title=\"VENOM PRISON - Judges Of The Underworld (OFFICIAL VIDEO)\" style=\"width:1280px;max-width:100%;margin:5px;\"><div class=\"lyMe\" id=\"WYL_xFGB7x-TZHk\"><div id=\"lyte_xFGB7x-TZHk\" data-src=\"https:\/\/tuxproject.de\/blog\/wp-content\/plugins\/wp-youtube-lyte\/lyteCache.php?origThumbUrl=https%3A%2F%2Fi.ytimg.com%2Fvi%2FxFGB7x-TZHk%2Fhqdefault.jpg\" class=\"pL\"><div class=\"tC\"><div class=\"tT\">VENOM PRISON \u2013 Jud\u00adges Of The Under\u00adworld (OFFICIAL VIDEO)<\/div><\/div><div class=\"play\"><\/div><div class=\"ctrl\"><div class=\"Lctrl\"><\/div><div class=\"Rctrl\"><\/div><\/div><\/div><noscript><a href=\"https:\/\/youtu.be\/xFGB7x-TZHk\" rel=\"nofollow\"><img loading=\"lazy\" decoding=\"async\" src=\"https:\/\/tuxproject.de\/blog\/wp-content\/plugins\/wp-youtube-lyte\/lyteCache.php?origThumbUrl=https%3A%2F%2Fi.ytimg.com%2Fvi%2FxFGB7x-TZHk%2F0.jpg\" alt=\"VENOM PRISON - Judges Of The Underworld (OFFICIAL VIDEO)\" width=\"1280\" height=\"700\"><\/a><\/noscript><\/div><\/div><div class=\"lL\" style=\"max-width:100%;width:1280px;margin:5px;\"> <a href=\"https:\/\/youtu.be\/xFGB7x-TZHk\" target=\"_blank\">Die\u00adses Video auf You\u00adTube anse\u00adhen<\/a>.<\/div>\n<p>Guten Mor\u00adgen.<\/p>\n","protected":false},"excerpt":{"rendered":"<p>Es ist Mon\u00adtag. Jeff Bezos will unter eine Br\u00fccke oder so; auch mal sch\u00f6n. Die \u201etages\u00adschau\u201c quatscht (Archiv\u00adlink), dass Men\u00adschen mit \u201eextre\u00admen Mei\u00adnun\u00adgen\u201c in gro\u00ad\u00dfem Stil \u00f6ffent\u00adli\u00adche Umfra\u00adgen \u201emani\u00adpu\u00adlie\u00adren\u201c, indem sie in ihren jewei\u00adli\u00adgen sozia\u00adlen Krei\u00adsen dazu auf\u00adru\u00adfen, an ihnen teil\u00adzu\u00adneh\u00admen. Offen bleibt sei\u00adtens der \u201etages\u00adschau\u201c die Fra\u00adge, wie vie\u00adle Teil\u00adneh\u00admer eine Umfra\u00adge h\u00f6ch\u00adstens haben \u2026<\/p>\n<p><a href=\"https:\/\/tuxproject.de\/blog\/2022\/02\/venom-prison-judges-of-the-underworld-bankraeuber-droht-mit-freiwilligem-abzug\/\" class=\"more-link\">\u2018Venom Pri\u00adson \u2013 Jud\u00adges of the Under\u00adworld \/\/ Bank\u00adr\u00e4u\u00adber droht mit frei\u00adwil\u00adli\u00adgem Abzug\u2019 wei\u00adter\u00adle\u00adsen \u00bb<\/a><\/p>\n","protected":false},"author":1,"featured_media":0,"comment_status":"open","ping_status":"open","sticky":false,"template":"","format":"standard","meta":{"wp_typography_post_enhancements_disabled":false,"footnotes":""},"categories":[13,32],"tags":[],"series":[],"class_list":["post-19260","post","type-post","status-publish","format-standard","hentry","category-in-den-nachrichten","category-montagsmusik"],"share_on_mastodon":{"url":"","error":""},"wp-worthy-pixel":{"ignored":false,"public":"b77f06a5e0114251bca588381fbacd42","server":"vg02.met.vgwort.de","url":"https:\/\/vg02.met.vgwort.de\/na\/b77f06a5e0114251bca588381fbacd42"},"wp-worthy-type":"normal","_links":{"self":[{"href":"https:\/\/tuxproject.de\/blog\/wp-json\/wp\/v2\/posts\/19260","targetHints":{"allow":["GET"]}}],"collection":[{"href":"https:\/\/tuxproject.de\/blog\/wp-json\/wp\/v2\/posts"}],"about":[{"href":"https:\/\/tuxproject.de\/blog\/wp-json\/wp\/v2\/types\/post"}],"author":[{"embeddable":true,"href":"https:\/\/tuxproject.de\/blog\/wp-json\/wp\/v2\/users\/1"}],"replies":[{"embeddable":true,"href":"https:\/\/tuxproject.de\/blog\/wp-json\/wp\/v2\/comments?post=19260"}],"version-history":[{"count":0,"href":"https:\/\/tuxproject.de\/blog\/wp-json\/wp\/v2\/posts\/19260\/revisions"}],"wp:attachment":[{"href":"https:\/\/tuxproject.de\/blog\/wp-json\/wp\/v2\/media?parent=19260"}],"wp:term":[{"taxonomy":"category","embeddable":true,"href":"https:\/\/tuxproject.de\/blog\/wp-json\/wp\/v2\/categories?post=19260"},{"taxonomy":"post_tag","embeddable":true,"href":"https:\/\/tuxproject.de\/blog\/wp-json\/wp\/v2\/tags?post=19260"},{"taxonomy":"series","embeddable":true,"href":"https:\/\/tuxproject.de\/blog\/wp-json\/wp\/v2\/series?post=19260"}],"curies":[{"name":"wp","href":"https:\/\/api.w.org\/{rel}","templated":true}]}}