{"id":19207,"date":"2022-01-30T20:37:35","date_gmt":"2022-01-30T19:37:35","guid":{"rendered":"https:\/\/tuxproject.de\/blog\/?p=19207"},"modified":"2022-01-30T20:37:35","modified_gmt":"2022-01-30T19:37:35","slug":"die-christchenfrage-der-linken","status":"publish","type":"post","link":"https:\/\/tuxproject.de\/blog\/2022\/01\/die-christchenfrage-der-linken\/","title":{"rendered":"Die Christchenfrage der Linken"},"content":{"rendered":"<p>W\u00e4hrend die <em>Qual\u00adit\u00e4t\u00ads\u00adpresse<\/em> noch damit besch\u00e4ftigt ist, die neue Vor\u00adsitzende der Gr\u00fc\u00adnen (ohne Gegenkan\u00addi\u00addat\u00aden von einem Vier\u00adtel der Delegierten trotz\u00addem abgelehnt, das muss man ja auch erst mal schaf\u00adfen) als <em>Gesicht der Erneuerung<\/em> (weil ver\u00adgle\u00adich\u00adsweise jung; als w\u00e4re <em>das<\/em> ein rel\u00ade\u00advantes Kri\u00adteri\u00adum!) zu belob\u00adhudeln, ist links davon <a href=\"https:\/\/taz.de\/Erneuerung-der-Linkspartei\/!5832359\/\">Trauer\u00adstim\u00admung<\/a> eingekehrt. Unter der bescheuerten Zwis\u00adchen\u00fcber\u00adschrift \u201cDie Gretchen\u00adfrage der Linken\u201d fasst Anna Lehmann in der Online-\u201ctaz\u201d mit <em>orig\u00adineller<\/em> Zeichenset\u00adzung zusam\u00admen:<\/p>\n<blockquote><p>Will man regieren und Kom\u00adpro\u00admisse machen oder kom\u00adpro\u00admiss\u00adlos in der Oppo\u00adsi\u00adtion bleiben.<\/p><\/blockquote>\n<p>Das sei aber eher als rhetorische Frage \u2014 ach, <em>deshalb<\/em> der Punkt am Ende! \u2014 gemeint:<\/p>\n<blockquote><p>In partei\u00adin\u00adter\u00adnen Umfra\u00adgen haben Regierungs\u00adbeteili\u00adgun\u00adgen sat\u00adte Mehrheit\u00aden. Auch die Berlin\u00ader Linkspartei hat\u00adte sich im Dezem\u00adber mit Dreivier\u00adtel-Mehrheit f\u00fcr die Zusam\u00adme\u00adnar\u00adbeit mit SPD und Gr\u00fc\u00adnen im Land aus\u00adge\u00adsprochen.<\/p><\/blockquote>\n<p>Der Aus\u00adl\u00f6s\u00ader f\u00fcr den Artikel ist, dass die Aktivis\u00adten von \u201cFri\u00addays for Future\u201d anscheinend inzwis\u00adchen erkan\u00adnt haben, dass die Gr\u00fc\u00adnen ein sehr undankbar\u00ader Part\u00adner f\u00fcr ver\u00admeintlich Nichtkon\u00adser\u00adv\u00ada\u00adtive sind, und sich darum <a href=\"https:\/\/linke-erneuern.de\">der \u201cLinken\u201d zuwen\u00adden<\/a>, als w\u00e4re diese eher inter\u00adessiert an Ide\u00adal\u00adis\u00admus statt Posten.<\/p>\n<p>Christa Luft, seit unge\u00adf\u00e4hr 1893 Mit\u00adglied der heuti\u00adgen \u201cLinken\u201d, hat\u00adte Ende 2021 <a href=\"https:\/\/tuxproject.de\/blog\/wp-content\/uploads\/2022\/01\/Austrittserklaerung-von-Christa-Luft.pdf\">ihren Aus\u00adtritt bekan\u00adnt\u00adgegeben<\/a> und dabei die einzig rel\u00ade\u00advante Frage gestellt:<\/p>\n<blockquote><p>Warum f\u00fchrt man sich gegen\u00fcber Bef\u00fcr\u00adwortern von Angriff\u00adskriegen und gewalt\u00adsamen Ein\u00admis\u00adchun\u00adgen in die Angele\u00adgen\u00adheit\u00aden ander\u00ader Staat\u00aden und V\u00f6lk\u00ader immer wieder untert\u00e4nig auf, anstatt die eige\u00adnen au\u00dfen\u00adpoli\u00adtis\u00adchen Wertvorstel\u00adlun\u00adgen kraftvoll zu bekun\u00adden und sich zu bem\u00fchen, diese durch den Lauf der j\u00fcng\u00adsten Zeit\u00adgeschichte best\u00e4tigten Vorstel\u00adlun\u00adgen zum Ma\u00dfstab ein\u00ader k\u00fcn\u00adfti\u00adgen Zusam\u00adme\u00adnar\u00adbeit zu machen?<\/p><\/blockquote>\n<p>Wen muss man eigentlich w\u00e4hlen, wenn man Krieg <em>kon\u00adse\u00adquent ablehnt<\/em>?<\/p>\n","protected":false},"excerpt":{"rendered":"<p>W\u00e4hrend die Qual\u00adit\u00e4t\u00ads\u00adpresse noch damit besch\u00e4ftigt ist, die neue Vor\u00adsitzende der Gr\u00fc\u00adnen (ohne Gegenkan\u00addi\u00addat\u00aden von einem Vier\u00adtel der Delegierten trotz\u00addem abgelehnt, das muss man ja auch erst mal schaf\u00adfen) als Gesicht der Erneuerung (weil ver\u00adgle\u00adich\u00adsweise jung; als w\u00e4re das ein rel\u00ade\u00advantes Kri\u00adteri\u00adum!) zu belob\u00adhudeln, ist links davon Trauer\u00adstim\u00admung eingekehrt. Unter der bescheuerten Zwis\u00adchen\u00fcber\u00adschrift \u201cDie Gretchen\u00adfrage \u2026<\/p>\n<p><a href=\"https:\/\/tuxproject.de\/blog\/2022\/01\/die-christchenfrage-der-linken\/\" class=\"more-link\">\u2018Die Christchen\u00adfrage der Linken\u2019 weit\u00ader\u00adlesen \u00bb<\/a><\/p>\n","protected":false},"author":1,"featured_media":0,"comment_status":"open","ping_status":"open","sticky":false,"template":"","format":"standard","meta":{"wp_typography_post_enhancements_disabled":false,"footnotes":""},"categories":[4],"tags":[],"series":[],"class_list":["post-19207","post","type-post","status-publish","format-standard","hentry","category-politik"],"share_on_mastodon":{"url":"","error":""},"wp-worthy-pixel":{"ignored":true,"public":null,"server":null,"url":null},"wp-worthy-type":"normal","_links":{"self":[{"href":"https:\/\/tuxproject.de\/blog\/wp-json\/wp\/v2\/posts\/19207","targetHints":{"allow":["GET"]}}],"collection":[{"href":"https:\/\/tuxproject.de\/blog\/wp-json\/wp\/v2\/posts"}],"about":[{"href":"https:\/\/tuxproject.de\/blog\/wp-json\/wp\/v2\/types\/post"}],"author":[{"embeddable":true,"href":"https:\/\/tuxproject.de\/blog\/wp-json\/wp\/v2\/users\/1"}],"replies":[{"embeddable":true,"href":"https:\/\/tuxproject.de\/blog\/wp-json\/wp\/v2\/comments?post=19207"}],"version-history":[{"count":0,"href":"https:\/\/tuxproject.de\/blog\/wp-json\/wp\/v2\/posts\/19207\/revisions"}],"wp:attachment":[{"href":"https:\/\/tuxproject.de\/blog\/wp-json\/wp\/v2\/media?parent=19207"}],"wp:term":[{"taxonomy":"category","embeddable":true,"href":"https:\/\/tuxproject.de\/blog\/wp-json\/wp\/v2\/categories?post=19207"},{"taxonomy":"post_tag","embeddable":true,"href":"https:\/\/tuxproject.de\/blog\/wp-json\/wp\/v2\/tags?post=19207"},{"taxonomy":"series","embeddable":true,"href":"https:\/\/tuxproject.de\/blog\/wp-json\/wp\/v2\/series?post=19207"}],"curies":[{"name":"wp","href":"https:\/\/api.w.org\/{rel}","templated":true}]}}