{"id":17908,"date":"2021-05-29T12:44:45","date_gmt":"2021-05-29T10:44:45","guid":{"rendered":"https:\/\/tuxproject.de\/blog\/?p=17908"},"modified":"2021-05-29T12:46:33","modified_gmt":"2021-05-29T10:46:33","slug":"si-vis-pacem-para-bellum-16","status":"publish","type":"post","link":"https:\/\/tuxproject.de\/blog\/2021\/05\/si-vis-pacem-para-bellum-16\/","title":{"rendered":"Si vis pacem, para bellum. (16)"},"content":{"rendered":"<p>Dass deutsche Sol\u00addat\u00aden, die im Namen des mir, wen\u00adngle\u00adich sowieso <em>eher mis\u00adan\u00adthrop<\/em>, noch weniger sym\u00adpa\u00adthis\u00adchen Teils des deutschen Volkes \u2014 NATO-Ver\u00adste\u00adher, Kosovoapolo\u00adgeten und son\u00adstige <a href=\"https:\/\/www.zeit.de\/politik\/deutschland\/2021-05\/bundestagswahl-gruene-robert-habeck-linkspartei\">Wun\u00adschw\u00e4h\u00adler der Gr\u00fc\u00adnen<\/a> (Allergik\u00ader\u00adwar\u00adnung: \u201cZEIT Online\u201d) \u2014 bl\u00f6de im Aus\u00adland auf andere Men\u00adschen schie\u00dfen wollen, denn son\u00adst w\u00e4ren sie ja beim THW und nicht bei der Bun\u00addeswehr, mit hoher Pri\u00ador\u00adit\u00e4t gegen Coro\u00adna <a href=\"https:\/\/augengeradeaus.net\/2021\/03\/soldaten-muessen-coronavirus-impfung-dulden-vorerst-nur-fuer-den-einsatz\/\">geimpft wer\u00adden m\u00fcssen<\/a>, am\u00fcsiert mich: Meine gr\u00f6\u00dfte Sorge, w\u00e4re ich aus freien St\u00fcck\u00aden (die Pflichtarmee ist abgeschafft) bewaffnet in ein Kriegs\u00adge\u00adbi\u00adet gezo\u00adgen, w\u00e4re ja <em>nicht<\/em>, dass mich ein Infiziert\u00ader anhus\u00adten k\u00f6n\u00adnte.<\/p>\n<p>Gle\u00adich\u00adwohl ent\u00adnahm ich <a href=\"https:\/\/www.nokzeit.de\/2021\/05\/25\/corona-soldaten-retten-menschenleben\/\">der \u201cNOKZEIT\u201d<\/a> die Mel\u00addung, die Sol\u00addat\u00aden \u201cdes Logis\u00adtik\u00adbatail\u00adlons 461 aus Walld\u00fcrn\u201d \u2014 ich m\u00fcsste (will aber nicht) nachguck\u00aden, wo <em>das<\/em> schon wieder ist \u2014 haben ihren Dienst im Gesund\u00adheit\u00adsamt zu jed\u00ader\u00admanns Erbau\u00adung abgeschlossen, indem sie n\u00e4m\u00adlich \u201cMen\u00adschen\u00adleben gerettet\u201d haben. Ich m\u00f6chte dem inhaltlich ja auch gar nicht wider\u00adsprechen, aber mir sei zumin\u00add\u00adest die Frage unbenom\u00admen: Hat schon mal jemand aus\u00adgerech\u00adnet, wie viele Sol\u00addat\u00aden in Gesund\u00adheit\u00ads\u00e4mtern einge\u00adset\u00adzt wer\u00adden m\u00fcssten, um die Zahl der <em>von deutschen Sol\u00addat\u00aden umge\u00adbracht\u00aden<\/em> Men\u00adschen wenig\u00adstens ann\u00e4h\u00adernd auszu\u00adgle\u00adichen?<\/p>\n<p>Im \u00dcbri\u00adgen bin ich der Mei\u00adn\u00adung, dass die Bun\u00addeswehr abgeschafft geh\u00f6rt.<\/p>\n","protected":false},"excerpt":{"rendered":"<p>Dass deutsche Sol\u00addat\u00aden, die im Namen des mir, wen\u00adngle\u00adich sowieso eher mis\u00adan\u00adthrop, noch weniger sym\u00adpa\u00adthis\u00adchen Teils des deutschen Volkes \u2014 NATO-Ver\u00adste\u00adher, Kosovoapolo\u00adgeten und son\u00adstige Wun\u00adschw\u00e4h\u00adler der Gr\u00fc\u00adnen (Allergik\u00ader\u00adwar\u00adnung: \u201cZEIT Online\u201d) \u2014 bl\u00f6de im Aus\u00adland auf andere Men\u00adschen schie\u00dfen wollen, denn son\u00adst w\u00e4ren sie ja beim THW und nicht bei der Bun\u00addeswehr, mit hoher Pri\u00ador\u00adit\u00e4t gegen \u2026<\/p>\n<p><a href=\"https:\/\/tuxproject.de\/blog\/2021\/05\/si-vis-pacem-para-bellum-16\/\" class=\"more-link\">\u2018Si vis pacem, para bel\u00adlum. (16)\u2019 weit\u00ader\u00adlesen \u00bb<\/a><\/p>\n","protected":false},"author":1,"featured_media":0,"comment_status":"open","ping_status":"open","sticky":false,"template":"","format":"standard","meta":{"wp_typography_post_enhancements_disabled":false,"footnotes":""},"categories":[13],"tags":[],"series":[],"class_list":["post-17908","post","type-post","status-publish","format-standard","hentry","category-in-den-nachrichten"],"share_on_mastodon":{"url":"","error":""},"wp-worthy-pixel":{"ignored":false,"public":null,"server":null,"url":null},"wp-worthy-type":"normal","_links":{"self":[{"href":"https:\/\/tuxproject.de\/blog\/wp-json\/wp\/v2\/posts\/17908","targetHints":{"allow":["GET"]}}],"collection":[{"href":"https:\/\/tuxproject.de\/blog\/wp-json\/wp\/v2\/posts"}],"about":[{"href":"https:\/\/tuxproject.de\/blog\/wp-json\/wp\/v2\/types\/post"}],"author":[{"embeddable":true,"href":"https:\/\/tuxproject.de\/blog\/wp-json\/wp\/v2\/users\/1"}],"replies":[{"embeddable":true,"href":"https:\/\/tuxproject.de\/blog\/wp-json\/wp\/v2\/comments?post=17908"}],"version-history":[{"count":0,"href":"https:\/\/tuxproject.de\/blog\/wp-json\/wp\/v2\/posts\/17908\/revisions"}],"wp:attachment":[{"href":"https:\/\/tuxproject.de\/blog\/wp-json\/wp\/v2\/media?parent=17908"}],"wp:term":[{"taxonomy":"category","embeddable":true,"href":"https:\/\/tuxproject.de\/blog\/wp-json\/wp\/v2\/categories?post=17908"},{"taxonomy":"post_tag","embeddable":true,"href":"https:\/\/tuxproject.de\/blog\/wp-json\/wp\/v2\/tags?post=17908"},{"taxonomy":"series","embeddable":true,"href":"https:\/\/tuxproject.de\/blog\/wp-json\/wp\/v2\/series?post=17908"}],"curies":[{"name":"wp","href":"https:\/\/api.w.org\/{rel}","templated":true}]}}