{"id":17630,"date":"2021-01-18T08:30:47","date_gmt":"2021-01-18T07:30:47","guid":{"rendered":"https:\/\/tuxproject.de\/blog\/?p=17630"},"modified":"2022-10-18T21:14:01","modified_gmt":"2022-10-18T19:14:01","slug":"nine-inch-nails-down-in-it-antiheiko-antimaas","status":"publish","type":"post","link":"https:\/\/tuxproject.de\/blog\/2021\/01\/nine-inch-nails-down-in-it-antiheiko-antimaas\/","title":{"rendered":"Nine Inch Nails \u2013 Down In It \/\/ Anti\u00adhei\u00adko Anti\u00admaas"},"content":{"rendered":"<p><a href=\"https:\/\/tuxproject.de\/blog\/wp-content\/uploads\/2021\/01\/ImEasy.jpg\"><img loading=\"lazy\" decoding=\"async\" src=\"https:\/\/tuxproject.de\/blog\/wp-content\/uploads\/2021\/01\/ImEasy-120x100.jpg\" alt=\"I\u2019m easyyyyy...\" width=\"120\" height=\"100\" class=\"alignright size-thumbnail wp-image-17631\" srcset=\"https:\/\/tuxproject.de\/blog\/wp-content\/uploads\/2021\/01\/ImEasy-120x100.jpg 120w, https:\/\/tuxproject.de\/blog\/wp-content\/uploads\/2021\/01\/ImEasy-300x250.jpg 300w, https:\/\/tuxproject.de\/blog\/wp-content\/uploads\/2021\/01\/ImEasy.jpg 500w\" sizes=\"auto, (max-width: 120px) 100vw, 120px\"><\/a>Es ist Mon\u00adtag. Ein w\u00fcten\u00adder Erst\u00fcr\u00admer des US-Kapi\u00adtols wol\u00adle sich <a href=\"https:\/\/www.t-online.de\/nachrichten\/ausland\/usa\/id_89265078\/sturm-auf-us-kapitol-kein-bio-essen-in-haft-qanon-schamane-hungert-.html\">nur <em>bio<\/em> ern\u00e4h\u00adren<\/a>, hei\u00dft es. Ich wei\u00df noch nicht, war\u00adum mich das am\u00fc\u00adsiert, aber die Gr\u00fc\u00adnen k\u00fcm\u00admern sich sicher\u00adheits\u00adhal\u00adber schon mal um das Pro\u00adblem: Es sei <a href=\"https:\/\/twitter.com\/GrueneBundestag\/status\/1349682064606564354\">genug der Frei\u00adwil\u00adlig\u00adkeit<\/a> in der Ern\u00e4h\u00adrung. Pan\u00adda\u00adb\u00e4r m\u00fcss\u00adte man sein. Da gibt es den gan\u00adzen Tag Bio\u00adbam\u00adbus. Frei\u00adwil\u00adlig.<\/p>\n<p><a href=\"https:\/\/pestarzt.blog\/2021\/01\/13\/lu-li-launedemo\/\">Zitat der Woche:<\/a> \u201eIch f\u00fch\u00adle mich so toll, ich k\u00f6nn\u00adte mich glatt bei Twit\u00adter regi\u00adstrie\u00adren. Nur um jeman\u00adden zu mel\u00adden.\u201c Dort, bei Twit\u00adter, geht der Vor\u00adwahl\u00adkampf schon mal in die Haupt\u00adrun\u00adde; so teilt etwa Caro\u00adla \u201eCaro\u201c Racke\u00adte, bekannt aus der Schiff\u00adfahrt, <a href=\"https:\/\/twitter.com\/CaroRackete\/status\/1350459501086973952?s=20\">ener\u00adgisch mit<\/a>, dass man, sofern man die \u201eMen\u00adschen\u00adrech\u00adte\u201c erhal\u00adten wol\u00adle, sich im Sep\u00adtem\u00adber in \u201eirgend\u00adei\u00adner Kombi[nation]\u201c \u2013 so vie\u00adle gibt es ja nun nicht \u2013 f\u00fcr eine Regie\u00adrung aus SPD, Gr\u00fc\u00adnen und Lin\u00adken ein\u00adset\u00adzen soll\u00adte. Scha\u00adde, dass <a href=\"https:\/\/de.wikipedia.org\/wiki\/Murat_Kurnaz\">Murat Kur\u00adnaz<\/a> mei\u00adnes Wis\u00adsens nicht auf Twit\u00adter aktiv ist. Sei\u00adne Ein\u00adsch\u00e4t\u00adzung zur Ein\u00adhal\u00adtung der Men\u00adschen\u00adrech\u00adte unter einer Regie\u00adrung mit SPD und Gr\u00fc\u00adnen tr\u00fc\u00adge sicher\u00adlich zu mei\u00adnem Amu\u00adse\u00adment bei; das\u00adsel\u00adbe Twit\u00adter aller\u00addings, von dem SPD-Au\u00dfen\u00admi\u00adni\u00adster Hei\u00adko Maas gegen\u00ad\u00fcber einem Blatt, das nicht ver\u00adlinkt wer\u00adden m\u00f6ch\u00adte (LSR), f\u00fcr die gest\u00adri\u00adge Aus\u00adga\u00adbe <a href=\"https:\/\/twitter.com\/tknuewer\/status\/1350728130428891136\">in die Auf\u00adnah\u00adme sprach<\/a>, dass es gar kei\u00adne so gute Idee sei, dass Tech\u00adnik\u00adkon\u00adzer\u00adne (\u201eTech-Rie\u00adsen\u201c, ebd.) aut\u00adark ent\u00adschei\u00adden d\u00fcr\u00adfen, wes\u00adsen Stim\u00adme auf ihren <em>Platt\u00adfor\u00admen<\/em> geh\u00f6rt wer\u00adden soll und wes\u00adsen Stim\u00adme nicht, obwohl das doch genau das ist, wof\u00fcr sich Justiz\u00admi\u00adni\u00adster Hei\u00adko Maas (SPD) vor drei Jah\u00adren <a href=\"https:\/\/meedia.de\/2018\/01\/04\/meinungsfreiheit-schuetzt-auch-abstossende-und-haessliche-aeusserungen-heiko-maas-verteidigt-netzdg\/\">ein\u00adge\u00adsetzt hat.<\/a> Ich fin\u00adde Oppo\u00adsi\u00adti\u00adon gegen die Poli\u00adtik von Hei\u00adko Maas ja oft gut, aber muss der Oppo\u00adnent sich aus\u00adge\u00adrech\u00adnet als Hei\u00adko Maas her\u00adaus\u00adstel\u00adlen?<\/p>\n<p>Gute Nach\u00adricht f\u00fcr die\u00adje\u00adni\u00adgen, die den Ein\u00adheits\u00adlook von Deut\u00adschen in ihren fr\u00fc\u00adhen Zwan\u00adzi\u00adgern l\u00e4ngst nicht mehr sehen m\u00f6gen: Das ZDF l\u00e4sst einen Voll\u00adbart\u00adlo\u00adsen <em>von mei\u00adnen Geb\u00fch\u00adren!<\/em> <a href=\"https:\/\/web.archive.org\/web\/20210114183407\/https:\/\/www.zdf.de\/nachrichten\/panorama\/corona-ffp2-maske-schutz-asbach-100.html\">dahin\u00adsa\u00adgen<\/a>, Voll\u00adbart\u00adtr\u00e4\u00adger soll\u00adten dort, wo FFP2-Mas\u00adken ver\u00adpflich\u00adtend zu tra\u00adgen sind, gef\u00e4l\u00adligst ihren Bart abra\u00adsie\u00adren. Alter Neid\u00adham\u00admel. Aber noch mal zur\u00fcck zu dem Blatt, das nicht ver\u00adlinkt wer\u00adden m\u00f6ch\u00adte: Ein ande\u00adres Blatt (LSR) vom sel\u00adben Ver\u00adlag berich\u00adtet, das Wirt\u00adschafts\u00admi\u00adni\u00adste\u00adri\u00adum (CDU) erw\u00e4\u00adge k\u00fcnf\u00adti\u00adge Zwangs\u00adpau\u00adsen beim Laden von Elek\u00adtro\u00adau\u00adtos. Die Bie\u00adster fres\u00adsen ein\u00adfach zu viel. Ja, ist wirk\u00adlich viel bes\u00adser als Die\u00adsel. Man las\u00adse sich da nichts ein\u00adre\u00adden.<\/p>\n<p>Apro\u00adpos CDU: Neben dem Par\u00adtei\u00adgro\u00df\u00adwe\u00adsir, f\u00fcr den <em>im Inter\u00adnet<\/em> schon <a href=\"https:\/\/twitter.com\/tux0r\/status\/1350869433946923008\">put\u00adzi\u00adge Kose\u00adna\u00admen<\/a> gesucht wer\u00adden, wur\u00adde neu\u00adlich auch ein neu\u00ades Par\u00adtei\u00adpr\u00e4\u00adsi\u00addi\u00adum gew\u00e4hlt, und dort spru\u00addelt man nur so vor Ideen. \u201eSach\u00adsen-Anhalts Mini\u00adster\u00adpr\u00e4\u00adsi\u00addent Hasel\u00adoff k\u00fcn\u00addig\u00adte an, sei\u00adnen bei der Wahl erwor\u00adbe\u00adnen Pr\u00e4\u00adsi\u00addi\u00adums\u00adpo\u00adsten zu nut\u00adzen, um die Voll\u00adendung der deut\u00adschen Ein\u00adheit vor\u00adan\u00adzu\u00adtrei\u00adben\u201c (\u201eDeutsch\u00adland\u00adfunk\u201c) \u2013 kam das mit dem Mau\u00ader\u00adfall noch nicht im Ost\u00adfern\u00adse\u00adhen?<\/p>\n<p>Aber 1989 war anson\u00adsten gar kein so \u00fcbles Jahr.<\/p>\n<div class=\"lyte-wrapper\" title=\"Nine Inch Nails - Down In It\" style=\"width:1280px;max-width:100%;margin:5px;\"><div class=\"lyMe\" id=\"WYL_QrrEo3hZABU\"><div id=\"lyte_QrrEo3hZABU\" data-src=\"https:\/\/tuxproject.de\/blog\/wp-content\/plugins\/wp-youtube-lyte\/lyteCache.php?origThumbUrl=https%3A%2F%2Fi.ytimg.com%2Fvi%2FQrrEo3hZABU%2Fhqdefault.jpg\" class=\"pL\"><div class=\"tC\"><div class=\"tT\">Nine Inch Nails \u2013 Down In It<\/div><\/div><div class=\"play\"><\/div><div class=\"ctrl\"><div class=\"Lctrl\"><\/div><div class=\"Rctrl\"><\/div><\/div><\/div><noscript><a href=\"https:\/\/youtu.be\/QrrEo3hZABU\" rel=\"nofollow\"><img loading=\"lazy\" decoding=\"async\" src=\"https:\/\/tuxproject.de\/blog\/wp-content\/plugins\/wp-youtube-lyte\/lyteCache.php?origThumbUrl=https%3A%2F%2Fi.ytimg.com%2Fvi%2FQrrEo3hZABU%2F0.jpg\" alt=\"Nine Inch Nails - Down In It\" width=\"1280\" height=\"700\"><\/a><\/noscript><\/div><\/div><div class=\"lL\" style=\"max-width:100%;width:1280px;margin:5px;\"> <a href=\"https:\/\/youtu.be\/QrrEo3hZABU\" target=\"_blank\">Die\u00adses Video auf You\u00adTube anse\u00adhen<\/a>.<\/div>\n<p>Guten Mor\u00adgen.<\/p>\n","protected":false},"excerpt":{"rendered":"<p>Es ist Mon\u00adtag. Ein w\u00fcten\u00adder Erst\u00fcr\u00admer des US-Kapi\u00adtols wol\u00adle sich nur bio ern\u00e4h\u00adren, hei\u00dft es. Ich wei\u00df noch nicht, war\u00adum mich das am\u00fc\u00adsiert, aber die Gr\u00fc\u00adnen k\u00fcm\u00admern sich sicher\u00adheits\u00adhal\u00adber schon mal um das Pro\u00adblem: Es sei genug der Frei\u00adwil\u00adlig\u00adkeit in der Ern\u00e4h\u00adrung. Pan\u00adda\u00adb\u00e4r m\u00fcss\u00adte man sein. Da gibt es den gan\u00adzen Tag Bio\u00adbam\u00adbus. Frei\u00adwil\u00adlig. Zitat \u2026<\/p>\n<p><a href=\"https:\/\/tuxproject.de\/blog\/2021\/01\/nine-inch-nails-down-in-it-antiheiko-antimaas\/\" class=\"more-link\">\u2018Nine Inch Nails \u2013 Down In It \/\/ Anti\u00adhei\u00adko Anti\u00admaas\u2019 wei\u00adter\u00adle\u00adsen \u00bb<\/a><\/p>\n","protected":false},"author":1,"featured_media":0,"comment_status":"open","ping_status":"open","sticky":false,"template":"","format":"standard","meta":{"wp_typography_post_enhancements_disabled":false,"footnotes":""},"categories":[32,8,4],"tags":[],"series":[],"class_list":["post-17630","post","type-post","status-publish","format-standard","hentry","category-montagsmusik","category-netzfundstucke","category-politik"],"share_on_mastodon":{"url":"","error":""},"wp-worthy-pixel":{"ignored":false,"public":null,"server":null,"url":null},"wp-worthy-type":"normal","_links":{"self":[{"href":"https:\/\/tuxproject.de\/blog\/wp-json\/wp\/v2\/posts\/17630","targetHints":{"allow":["GET"]}}],"collection":[{"href":"https:\/\/tuxproject.de\/blog\/wp-json\/wp\/v2\/posts"}],"about":[{"href":"https:\/\/tuxproject.de\/blog\/wp-json\/wp\/v2\/types\/post"}],"author":[{"embeddable":true,"href":"https:\/\/tuxproject.de\/blog\/wp-json\/wp\/v2\/users\/1"}],"replies":[{"embeddable":true,"href":"https:\/\/tuxproject.de\/blog\/wp-json\/wp\/v2\/comments?post=17630"}],"version-history":[{"count":0,"href":"https:\/\/tuxproject.de\/blog\/wp-json\/wp\/v2\/posts\/17630\/revisions"}],"wp:attachment":[{"href":"https:\/\/tuxproject.de\/blog\/wp-json\/wp\/v2\/media?parent=17630"}],"wp:term":[{"taxonomy":"category","embeddable":true,"href":"https:\/\/tuxproject.de\/blog\/wp-json\/wp\/v2\/categories?post=17630"},{"taxonomy":"post_tag","embeddable":true,"href":"https:\/\/tuxproject.de\/blog\/wp-json\/wp\/v2\/tags?post=17630"},{"taxonomy":"series","embeddable":true,"href":"https:\/\/tuxproject.de\/blog\/wp-json\/wp\/v2\/series?post=17630"}],"curies":[{"name":"wp","href":"https:\/\/api.w.org\/{rel}","templated":true}]}}