{"id":17556,"date":"2020-12-13T14:22:09","date_gmt":"2020-12-13T13:22:09","guid":{"rendered":"https:\/\/tuxproject.de\/blog\/?p=17556"},"modified":"2020-12-13T17:30:23","modified_gmt":"2020-12-13T16:30:23","slug":"zuversicht-eines-coronaleugners","status":"publish","type":"post","link":"https:\/\/tuxproject.de\/blog\/2020\/12\/zuversicht-eines-coronaleugners\/","title":{"rendered":"Zuversicht eines Coronaleugners"},"content":{"rendered":"<p>Als Coro\u00adnaleugn\u00ader, wie ich es <a href=\"https:\/\/tuxproject.de\/blog\/2020\/10\/gestaendnis-eines-coronaleugners\/\">nun mal bin<\/a>, hat man, wie ich heute in den Nachricht\u00aden lese, viel weniger Ver\u00adst\u00e4nd\u00adnis\u00adprob\u00adleme als andere, denn es gibt neue Regeln und sie sind ger\u00adadezu grotesk.<\/p>\n<p>In Baden-W\u00fcrt\u00adtem\u00adberg d\u00fcr\u00adfen Restau\u00adrants nach 20 Uhr zwar Essen zum Mit\u00adnehmen anbi\u00adeten, aber man darf es <a href=\"https:\/\/www.baden-wuerttemberg.de\/de\/service\/alle-meldungen\/meldung\/pid\/baden-wuerttemberg-erlaesst-landesweite-ausgangsbeschraenkungen\/\">nicht mehr mit\u00adnehmen.<\/a> Um genau 19:59 Uhr n\u00e4m\u00adlich hat Coro\u00adna seinen Weck\u00ader gestellt \u2014 dann geht\u2019s rund. Au\u00dfer\u00adhalb Baden-W\u00fcrt\u00adtem\u00adbergs ist die Welt aber auch nicht von <em>ratio<\/em> gepr\u00e4gt: In Grup\u00adpen getrof\u00adfen wird sich nicht \u2014 au\u00dfer, man ist <a href=\"https:\/\/web.archive.org\/web\/20201213130107\/https:\/\/www.rnd.de\/politik\/harter-lockdown-ab-16-dezember-was-andert-sich-welche-corona-regeln-gelten-uber-weihnachten-und-silvester-GMEUPN2DHFA7HDTD4XCTKYPC24.html\">religi\u00f6s beisam\u00admen<\/a>, dann scheint es keine Gr\u00f6\u00dfenbeschr\u00e4nkun\u00adgen zu geben, so lange man nicht singt. Es sollte mich insofern nicht erstaunen, wenn das Hei\u00adden\u00adtum \u2014 Grundgedanke: Tre\u00adf\u00adfen im Freien \u2014 im Jan\u00adu\u00adar Deutsch\u00adlands gr\u00f6\u00dfte Reli\u00adgion\u00ads\u00adge\u00admein\u00adschaft sein wird.\u201c<\/p>\n<p>Die deutsch\u00adlandweit\u00aden Regeln \u2014 ein\u00adschlie\u00dflich der erneuten Erdolchung des ger\u00adade lei\u00addlich gene\u00adse\u00adnen Einzel\u00adhan\u00addels \u2014 find\u00aden ab kom\u00admenden Mittwoch Anwen\u00addung. Es ist undenkbar, dass das die Infek\u00adtion\u00ads\u00adge\u00adfahr vielle\u00adicht <em>steigern<\/em> statt senken k\u00f6n\u00adnte, indem sich mor\u00adgen und \u00fcber\u00admor\u00adgen Men\u00adschen in den Gesch\u00e4ften trauben\u00adweise um die ver\u00admeintlich weltweit aller\u00adlet\u00adzte Rolle Klopa\u00adpi\u00ader pr\u00fcgeln. Logik? Wer redet hier von Logik?<\/p>\n<p>Immer noch d\u00fcr\u00adfen Rauch\u00ader nach 20 Uhr ihrer Sucht nachge\u00adhen, Trinker hinge\u00adgen nicht. Die Steuern auf Alko\u00adhol sind klar zu niedrig, das ist die einzig denkbare Begr\u00fcn\u00addung.<\/p>\n<p>Welche <em>Wis\u00adsenschaft<\/em> ist das eigentlich, auf die hier <em>geh\u00f6rt<\/em> wird?<\/p>\n","protected":false},"excerpt":{"rendered":"<p>Als Coro\u00adnaleugn\u00ader, wie ich es nun mal bin, hat man, wie ich heute in den Nachricht\u00aden lese, viel weniger Ver\u00adst\u00e4nd\u00adnis\u00adprob\u00adleme als andere, denn es gibt neue Regeln und sie sind ger\u00adadezu grotesk. In Baden-W\u00fcrt\u00adtem\u00adberg d\u00fcr\u00adfen Restau\u00adrants nach 20 Uhr zwar Essen zum Mit\u00adnehmen anbi\u00adeten, aber man darf es nicht mehr mit\u00adnehmen. Um genau 19:59 Uhr \u2026<\/p>\n<p><a href=\"https:\/\/tuxproject.de\/blog\/2020\/12\/zuversicht-eines-coronaleugners\/\" class=\"more-link\">\u2018Zuver\u00adsicht eines Coro\u00adnaleugn\u00aders\u2019 weit\u00ader\u00adlesen \u00bb<\/a><\/p>\n","protected":false},"author":1,"featured_media":0,"comment_status":"open","ping_status":"open","sticky":false,"template":"","format":"standard","meta":{"wp_typography_post_enhancements_disabled":false,"footnotes":""},"categories":[4,13],"tags":[],"series":[],"class_list":["post-17556","post","type-post","status-publish","format-standard","hentry","category-politik","category-in-den-nachrichten"],"share_on_mastodon":{"url":"","error":""},"wp-worthy-pixel":{"ignored":false,"public":null,"server":null,"url":null},"wp-worthy-type":"normal","_links":{"self":[{"href":"https:\/\/tuxproject.de\/blog\/wp-json\/wp\/v2\/posts\/17556","targetHints":{"allow":["GET"]}}],"collection":[{"href":"https:\/\/tuxproject.de\/blog\/wp-json\/wp\/v2\/posts"}],"about":[{"href":"https:\/\/tuxproject.de\/blog\/wp-json\/wp\/v2\/types\/post"}],"author":[{"embeddable":true,"href":"https:\/\/tuxproject.de\/blog\/wp-json\/wp\/v2\/users\/1"}],"replies":[{"embeddable":true,"href":"https:\/\/tuxproject.de\/blog\/wp-json\/wp\/v2\/comments?post=17556"}],"version-history":[{"count":0,"href":"https:\/\/tuxproject.de\/blog\/wp-json\/wp\/v2\/posts\/17556\/revisions"}],"wp:attachment":[{"href":"https:\/\/tuxproject.de\/blog\/wp-json\/wp\/v2\/media?parent=17556"}],"wp:term":[{"taxonomy":"category","embeddable":true,"href":"https:\/\/tuxproject.de\/blog\/wp-json\/wp\/v2\/categories?post=17556"},{"taxonomy":"post_tag","embeddable":true,"href":"https:\/\/tuxproject.de\/blog\/wp-json\/wp\/v2\/tags?post=17556"},{"taxonomy":"series","embeddable":true,"href":"https:\/\/tuxproject.de\/blog\/wp-json\/wp\/v2\/series?post=17556"}],"curies":[{"name":"wp","href":"https:\/\/api.w.org\/{rel}","templated":true}]}}