{"id":17555,"date":"2020-12-11T12:07:29","date_gmt":"2020-12-11T11:07:29","guid":{"rendered":"https:\/\/tuxproject.de\/blog\/?p=17555"},"modified":"2020-12-11T12:07:29","modified_gmt":"2020-12-11T11:07:29","slug":"spaeter-nicht-warten","status":"publish","type":"post","link":"https:\/\/tuxproject.de\/blog\/2020\/12\/spaeter-nicht-warten\/","title":{"rendered":"Sp\u00e4ter nicht warten"},"content":{"rendered":"<p>Der antike Totenkult, f\u00fcr dessen Anh\u00e4nger das Lebensende das h\u00f6ch\u00adste Gl\u00fcck darstellt, l\u00e4sst es an Mis\u00adsion\u00adseifer selb\u00adst in Pan\u00addemiezeit\u00aden <a href=\"https:\/\/www.tagesspiegel.de\/politik\/hohe-infektionszahlen-in-deutschland-niedersachsen-nimmt-geplante-corona-lockerungen-zurueck\/26702872.html\">nicht man\u00adgeln:<\/a><\/p>\n<blockquote>\n<p>Schleswig-Hol\u00adsteins Min\u00adis\u00adter\u00adpr\u00e4si\u00addent Daniel G\u00fcn\u00adther (CDU) forderte am Mittwoch im Kiel\u00ader Land\u00adtag mit den Worten \u201eWir d\u00fcr\u00adfen nicht warten\u201c einen harten Lock\u00addown nach Wei\u00adh\u00adnacht\u00aden.<\/p>\n<\/blockquote>\n<p>Fro\u00adhes Fest!<\/p>\n","protected":false},"excerpt":{"rendered":"<p>Der antike Totenkult, f\u00fcr dessen Anh\u00e4nger das Lebensende das h\u00f6ch\u00adste Gl\u00fcck darstellt, l\u00e4sst es an Mis\u00adsion\u00adseifer selb\u00adst in Pan\u00addemiezeit\u00aden nicht man\u00adgeln: Schleswig-Hol\u00adsteins Min\u00adis\u00adter\u00adpr\u00e4si\u00addent Daniel G\u00fcn\u00adther (CDU) forderte am Mittwoch im Kiel\u00ader Land\u00adtag mit den Worten \u201eWir d\u00fcr\u00adfen nicht warten\u201c einen harten Lock\u00addown nach Wei\u00adh\u00adnacht\u00aden. Fro\u00adhes Fest!<\/p>\n","protected":false},"author":1,"featured_media":0,"comment_status":"open","ping_status":"open","sticky":false,"template":"","format":"standard","meta":{"wp_typography_post_enhancements_disabled":false,"footnotes":""},"categories":[4,13],"tags":[],"series":[],"class_list":["post-17555","post","type-post","status-publish","format-standard","hentry","category-politik","category-in-den-nachrichten"],"share_on_mastodon":{"url":"","error":""},"wp-worthy-pixel":{"ignored":false,"public":null,"server":null,"url":null},"wp-worthy-type":"normal","_links":{"self":[{"href":"https:\/\/tuxproject.de\/blog\/wp-json\/wp\/v2\/posts\/17555","targetHints":{"allow":["GET"]}}],"collection":[{"href":"https:\/\/tuxproject.de\/blog\/wp-json\/wp\/v2\/posts"}],"about":[{"href":"https:\/\/tuxproject.de\/blog\/wp-json\/wp\/v2\/types\/post"}],"author":[{"embeddable":true,"href":"https:\/\/tuxproject.de\/blog\/wp-json\/wp\/v2\/users\/1"}],"replies":[{"embeddable":true,"href":"https:\/\/tuxproject.de\/blog\/wp-json\/wp\/v2\/comments?post=17555"}],"version-history":[{"count":0,"href":"https:\/\/tuxproject.de\/blog\/wp-json\/wp\/v2\/posts\/17555\/revisions"}],"wp:attachment":[{"href":"https:\/\/tuxproject.de\/blog\/wp-json\/wp\/v2\/media?parent=17555"}],"wp:term":[{"taxonomy":"category","embeddable":true,"href":"https:\/\/tuxproject.de\/blog\/wp-json\/wp\/v2\/categories?post=17555"},{"taxonomy":"post_tag","embeddable":true,"href":"https:\/\/tuxproject.de\/blog\/wp-json\/wp\/v2\/tags?post=17555"},{"taxonomy":"series","embeddable":true,"href":"https:\/\/tuxproject.de\/blog\/wp-json\/wp\/v2\/series?post=17555"}],"curies":[{"name":"wp","href":"https:\/\/api.w.org\/{rel}","templated":true}]}}