{"id":17529,"date":"2020-11-26T18:10:43","date_gmt":"2020-11-26T17:10:43","guid":{"rendered":"https:\/\/tuxproject.de\/blog\/?p=17529"},"modified":"2020-11-26T18:10:43","modified_gmt":"2020-11-26T17:10:43","slug":"oder-soll-man-es-lassen","status":"publish","type":"post","link":"https:\/\/tuxproject.de\/blog\/2020\/11\/oder-soll-man-es-lassen\/","title":{"rendered":"\u2026 oder soll man es lassen?"},"content":{"rendered":"<p><a href=\"https:\/\/meedia.de\/2019\/04\/09\/oder-soll-man-es-lassen-warum-der-zeit-beitrag-zur-fluechtlingsrettung-nicht-mehr-fuer-den-wolff-preis-nominiert-ist\/\">2019:<\/a><\/p>\n<blockquote>\n<p>Denn die zum Teil h\u00f6chst emo\u00adtion\u00adal gef\u00fchrte Auseinan\u00adder\u00adset\u00adzung dar\u00fcber, ob es medi\u00adenethisch legit\u00adim ist, die Prob\u00adleme der Fl\u00fcchtlingsauf\u00adnahme von Schlep\u00adper\u00adbooten nahe der afrikanis\u00adchen K\u00fcste im Rah\u00admen eines Pro &amp; Con\u00adtras abzuhan\u00addeln, reichte bis in die Zeit-Redak\u00adtion und wurde intern kon\u00adtro\u00advers disku\u00adtiert. Auf\u00adbere\u00aditung und Artikel-\u00dcber\u00adschrift hat\u00adte die Chefredak\u00adtion als \u201eklare Fehlentschei\u00addung\u201c beze\u00adich\u00adnet und sich hier\u00adf\u00fcr \u00f6ffentlich bei den Lesern entschuldigt.<\/p>\n<\/blockquote>\n<p><a href=\"https:\/\/www.berliner-zeitung.de\/kultur-vergnuegen\/darf-man-maenner-hassen-pauline-harmange-ich-hasse-maenner-sexismus-diskriminierung-li.120488\">2020:<\/a><\/p>\n<blockquote>\n<p>Die Fem\u00adi\u00adnistin Pauline Har\u00admange pl\u00e4diert f\u00fcr M\u00e4n\u00adner\u00adhass. Denn: M\u00e4n\u00adner seien gewalt\u00adt\u00e4tige, ego\u00adis\u00adtis\u00adche, faule und feige Wesen. Hat sie recht? Ein Pro und Con\u00adtra.<\/p>\n<\/blockquote>\n<p>Ich halte Pauline Har\u00admange ja f\u00fcr ein emo\u00adtion\u00adal gewalt\u00adt\u00e4tiges, ego\u00adis\u00adtis\u00adches, faules und feiges Wesen. Ange\u00adbote f\u00fcr einen Buchver\u00adtrag bitte ich direkt in den Kom\u00admentaren zu hin\u00adter\u00adlassen.<\/p>\n","protected":false},"excerpt":{"rendered":"<p>2019: Denn die zum Teil h\u00f6chst emo\u00adtion\u00adal gef\u00fchrte Auseinan\u00adder\u00adset\u00adzung dar\u00fcber, ob es medi\u00adenethisch legit\u00adim ist, die Prob\u00adleme der Fl\u00fcchtlingsauf\u00adnahme von Schlep\u00adper\u00adbooten nahe der afrikanis\u00adchen K\u00fcste im Rah\u00admen eines Pro &amp; Con\u00adtras abzuhan\u00addeln, reichte bis in die Zeit-Redak\u00ad\u00adtion und wurde intern kon\u00adtro\u00advers disku\u00adtiert. Auf\u00adbere\u00aditung und Artikel-\u00dcber\u00adschrift hat\u00adte die Chefredak\u00adtion als \u201eklare Fehlentschei\u00addung\u201c beze\u00adich\u00adnet und sich hier\u00adf\u00fcr \u2026<\/p>\n<p><a href=\"https:\/\/tuxproject.de\/blog\/2020\/11\/oder-soll-man-es-lassen\/\" class=\"more-link\">\u2018\u2026 oder soll man es lassen?\u2019 weit\u00ader\u00adlesen \u00bb<\/a><\/p>\n","protected":false},"author":1,"featured_media":0,"comment_status":"open","ping_status":"open","sticky":false,"template":"","format":"standard","meta":{"wp_typography_post_enhancements_disabled":false,"footnotes":""},"categories":[13,37],"tags":[],"series":[],"class_list":["post-17529","post","type-post","status-publish","format-standard","hentry","category-in-den-nachrichten","category-mir-wird-geschlecht"],"share_on_mastodon":{"url":"","error":""},"wp-worthy-pixel":{"ignored":false,"public":null,"server":null,"url":null},"wp-worthy-type":"normal","_links":{"self":[{"href":"https:\/\/tuxproject.de\/blog\/wp-json\/wp\/v2\/posts\/17529","targetHints":{"allow":["GET"]}}],"collection":[{"href":"https:\/\/tuxproject.de\/blog\/wp-json\/wp\/v2\/posts"}],"about":[{"href":"https:\/\/tuxproject.de\/blog\/wp-json\/wp\/v2\/types\/post"}],"author":[{"embeddable":true,"href":"https:\/\/tuxproject.de\/blog\/wp-json\/wp\/v2\/users\/1"}],"replies":[{"embeddable":true,"href":"https:\/\/tuxproject.de\/blog\/wp-json\/wp\/v2\/comments?post=17529"}],"version-history":[{"count":0,"href":"https:\/\/tuxproject.de\/blog\/wp-json\/wp\/v2\/posts\/17529\/revisions"}],"wp:attachment":[{"href":"https:\/\/tuxproject.de\/blog\/wp-json\/wp\/v2\/media?parent=17529"}],"wp:term":[{"taxonomy":"category","embeddable":true,"href":"https:\/\/tuxproject.de\/blog\/wp-json\/wp\/v2\/categories?post=17529"},{"taxonomy":"post_tag","embeddable":true,"href":"https:\/\/tuxproject.de\/blog\/wp-json\/wp\/v2\/tags?post=17529"},{"taxonomy":"series","embeddable":true,"href":"https:\/\/tuxproject.de\/blog\/wp-json\/wp\/v2\/series?post=17529"}],"curies":[{"name":"wp","href":"https:\/\/api.w.org\/{rel}","templated":true}]}}