{"id":17513,"date":"2020-11-18T12:49:00","date_gmt":"2020-11-18T11:49:00","guid":{"rendered":"https:\/\/tuxproject.de\/blog\/?p=17513"},"modified":"2020-11-18T13:41:42","modified_gmt":"2020-11-18T12:41:42","slug":"team-ruheraum","status":"publish","type":"post","link":"https:\/\/tuxproject.de\/blog\/2020\/11\/team-ruheraum\/","title":{"rendered":"Team Ruheraum"},"content":{"rendered":"<p> Fefe <a href=\"https:\/\/blog.fefe.de\/?ts=a14a3d58\">hat Recht:<\/a><\/p>\n<blockquote>\n<p> Inzwis\u00adchen ist dieses \u201emehr Kom\u00admu\u00adnika\u00adtion\u201c zu einem der\u00adar\u00adti\u00adgen Selb\u00adstl\u00e4ufer gewor\u00adden, dass das nie\u00admand mehr in Frage stellt, ob wir nicht viel mehr einen Ruher\u00adaum brauchen, in dem unsere Entwick\u00adler auch mal zehn Minuten am St\u00fcck Zeit haben, um ungest\u00f6rt Code schreiben zu k\u00f6n\u00adnen.<\/p>\n<\/blockquote>\n<p> Sich\u00ader: In einem <i>Ruher\u00adaum<\/i>, in dem (wie Fefe vorschl\u00e4gt) ich auch keine Musik (\u201eBerieselung\u201c) h\u00f6ren sollte, weil das <i>nur ablenke<\/i>, f\u00e4nde <i>ich per\u00ads\u00f6n\u00adlich<\/i> keine Aus\u00adgeglichen\u00adheit. Das Wesentliche aber stimmt: St\u00e4ndig \u00fcber irgendwelche <i>Ereignisse<\/i> informiert zu wer\u00adden, die wenig\u00adstens kurzzeit\u00adig audio\u00advi\u00adsuell die Aufmerk\u00adsamkeit auf sich zu ziehen ver\u00adsuchen, tr\u00e4gt eher nicht dazu bei, dass die fokussierte Besch\u00e4f\u00adti\u00adgung mit einem konkreten Prob\u00adlem sin\u00adnvoll m\u00f6glich ist.<\/p>\n<p> Zu der auch hier gele\u00adgentlich bem\u00e4n\u00adgel\u00adten Dauerbeschal\u00adlung mit f\u00fcr unser Leben <a href=\"https:\/\/twitter.com\/haekelschwein\/status\/1328436763803705344\">v\u00f6l\u00adlig uner\u00adhe\u00adblichen<\/a> innen\u00adpoli\u00adtis\u00adchen <i>Nachricht\u00aden<\/i> aus dem fer\u00adnen Aus\u00adland kommt insofern erschw\u00aderend der fak\u00adtis\u00adche \u00dcber\u00adfluss an f\u00fcr Teams <i>hil\u00adfre\u00adich gemein\u00adten<\/i> Pro\u00adgram\u00admier\u00adw\u00aderkzeu\u00adgen hinzu. Ich habe schon Gr\u00fcnde, warum ich ein\u00adfache Texte\u00add\u00adi\u00adtoren weit lieber ein\u00adset\u00adze als <i>mod\u00ader\u00adnen<\/i> IDE-Schnickschnack.<\/p>\n<p> Um beim Pro\u00adgram\u00admierthe\u00adma zu bleiben, obwohl das zweifel\u00adsohne auch f\u00fcr andere Pro\u00adfes\u00adsio\u00adnen gilt: Ich mag es, wenn alles, was in den von mir zur Pro\u00adgram\u00admierung einge\u00adset\u00adzten Pro\u00adgram\u00admen auf\u00adblinkt und vom Tip\u00adpen ablenkt, der Hin\u00adweis ist, dass ich ger\u00adade Unsinn pro\u00adgram\u00admiere. Mir geht selb\u00adst far\u00adbliche Syn\u00adtaxkennze\u00adich\u00adnung vor allem <i>auf den Sack<\/i>.<\/p>\n<p><img loading=\"lazy\" decoding=\"async\" src=\"https:\/\/tuxproject.de\/blog\/wp-content\/uploads\/2020\/11\/Ruhe-1024x211.png\" alt width=\"730\" height=\"150\" class=\"alignnone size-large wp-image-17516\" srcset=\"https:\/\/tuxproject.de\/blog\/wp-content\/uploads\/2020\/11\/Ruhe-1024x211.png 1024w, https:\/\/tuxproject.de\/blog\/wp-content\/uploads\/2020\/11\/Ruhe-300x62.png 300w, https:\/\/tuxproject.de\/blog\/wp-content\/uploads\/2020\/11\/Ruhe-120x25.png 120w, https:\/\/tuxproject.de\/blog\/wp-content\/uploads\/2020\/11\/Ruhe-768x158.png 768w, https:\/\/tuxproject.de\/blog\/wp-content\/uploads\/2020\/11\/Ruhe-730x150.png 730w, https:\/\/tuxproject.de\/blog\/wp-content\/uploads\/2020\/11\/Ruhe.png 1252w\" sizes=\"auto, (max-width: 730px) 100vw, 730px\"><\/p>\n<p> Keine Chats, keine Pop\u00adups, kein um Aufmerk\u00adsamkeit bet\u00adtel\u00adndes Tick\u00adet\u00adsys\u00adtem, kein hek\u00adtis\u00adches Geblinke. Der Code, Musik und ich.<\/p>\n<p> Ich bin stolzes Mit\u00adglied im <i>Team Ruher\u00adaum<\/i>. Jed\u00ader nur einen!<\/p>\n","protected":false},"excerpt":{"rendered":"<p>Fefe hat Recht: Inzwis\u00adchen ist dieses \u201emehr Kom\u00admu\u00adnika\u00adtion\u201c zu einem der\u00adar\u00adti\u00adgen Selb\u00adstl\u00e4ufer gewor\u00adden, dass das nie\u00admand mehr in Frage stellt, ob wir nicht viel mehr einen Ruher\u00adaum brauchen, in dem unsere Entwick\u00adler auch mal zehn Minuten am St\u00fcck Zeit haben, um ungest\u00f6rt Code schreiben zu k\u00f6n\u00adnen. Sich\u00ader: In einem Ruher\u00adaum, in dem (wie Fefe vorschl\u00e4gt) \u2026<\/p>\n<p><a href=\"https:\/\/tuxproject.de\/blog\/2020\/11\/team-ruheraum\/\" class=\"more-link\">\u2018Team Ruher\u00adaum\u2019 weit\u00ader\u00adlesen \u00bb<\/a><\/p>\n","protected":false},"author":1,"featured_media":0,"comment_status":"open","ping_status":"open","sticky":false,"template":"","format":"standard","meta":{"wp_typography_post_enhancements_disabled":false,"footnotes":""},"categories":[1,19],"tags":[],"series":[],"class_list":["post-17513","post","type-post","status-publish","format-standard","hentry","category-persoenliches","category-nerdkrams"],"share_on_mastodon":{"url":"","error":""},"wp-worthy-pixel":{"ignored":false,"public":null,"server":null,"url":null},"wp-worthy-type":"normal","_links":{"self":[{"href":"https:\/\/tuxproject.de\/blog\/wp-json\/wp\/v2\/posts\/17513","targetHints":{"allow":["GET"]}}],"collection":[{"href":"https:\/\/tuxproject.de\/blog\/wp-json\/wp\/v2\/posts"}],"about":[{"href":"https:\/\/tuxproject.de\/blog\/wp-json\/wp\/v2\/types\/post"}],"author":[{"embeddable":true,"href":"https:\/\/tuxproject.de\/blog\/wp-json\/wp\/v2\/users\/1"}],"replies":[{"embeddable":true,"href":"https:\/\/tuxproject.de\/blog\/wp-json\/wp\/v2\/comments?post=17513"}],"version-history":[{"count":0,"href":"https:\/\/tuxproject.de\/blog\/wp-json\/wp\/v2\/posts\/17513\/revisions"}],"wp:attachment":[{"href":"https:\/\/tuxproject.de\/blog\/wp-json\/wp\/v2\/media?parent=17513"}],"wp:term":[{"taxonomy":"category","embeddable":true,"href":"https:\/\/tuxproject.de\/blog\/wp-json\/wp\/v2\/categories?post=17513"},{"taxonomy":"post_tag","embeddable":true,"href":"https:\/\/tuxproject.de\/blog\/wp-json\/wp\/v2\/tags?post=17513"},{"taxonomy":"series","embeddable":true,"href":"https:\/\/tuxproject.de\/blog\/wp-json\/wp\/v2\/series?post=17513"}],"curies":[{"name":"wp","href":"https:\/\/api.w.org\/{rel}","templated":true}]}}