{"id":17372,"date":"2020-10-06T20:37:04","date_gmt":"2020-10-06T18:37:04","guid":{"rendered":"https:\/\/tuxproject.de\/blog\/?p=17372"},"modified":"2020-10-06T20:37:04","modified_gmt":"2020-10-06T18:37:04","slug":"prohibioten","status":"publish","type":"post","link":"https:\/\/tuxproject.de\/blog\/2020\/10\/prohibioten\/","title":{"rendered":"Prohibioten"},"content":{"rendered":"<p>Den Neol\u00ado\u00adgis\u00admus des <em>Covid\u00adioten<\/em> (ein Men\u00adsch, der sich aus ego\u00adis\u00adtis\u00adchen Gr\u00fcn\u00adden gegen Schutz\u00adma\u00df\u00adnah\u00admen gegen Coro\u00adna auflehnt) hat die Gesellschaft ja inzwis\u00adchen verin\u00adner\u00adlicht, aber wie nen\u00adnt man Poli\u00adtik\u00ader, die \u2014 wie etwa die in der Stadt Frank\u00adfurt \u2014 den Kon\u00adsum von \u00c4ppel\u00adwoi <em>wegen Coro\u00adna<\/em> <a href=\"https:\/\/web.archive.org\/web\/20201006134609\/https:\/\/www.hessenschau.de\/gesellschaft\/frankfurt-verhaengt-sperrstunde---ob-feldmann-praesentiert-heftige-corona-massnahmen-,frankfurt-corona-massnahmen-100.html\">unterbinden wollen?<\/a><\/p>\n<blockquote>\n<p>Nach dem ras\u00adan\u00adten Anstieg der Infek\u00adtion\u00adszahlen reagiert die Stadt Frank\u00adfurt mit ver\u00adsch\u00e4rften Coro\u00adna-Regeln. (\u2026) An bes\u00adtimmten \u00f6ffentlichen Pl\u00e4tzen und in Parks gilt ganzt\u00e4gig ein Alko\u00adholver\u00adbot[.]<\/p>\n<\/blockquote>\n<p>Die <em>Inten\u00adtion<\/em> ist mir ja klar: Wo ein\u00ader trinkt, da trinken oft auch mehr, und das ist nicht gern gese\u00adhen. Aber sollte man dann nicht eher das <em>Rauchen<\/em> in Parks ver\u00adbi\u00adeten? Trinken kann man \u00fcber\u00adall, nur als Rauch\u00ader bildet man Trauben um den Aschen\u00adbech\u00ader.<\/p>\n<p>Das w\u00e4re auch gesun\u00adder f\u00fcr die Lunge.<\/p>\n<hr>\n<p>Hihi: Zeitungs\u00adboten k\u00f6n\u00adnen nicht bess\u00ader bezahlt wer\u00adden, weil, \u00e4h\u2026 na\u2026 das ist son\u00adst <a href=\"https:\/\/mmm.verdi.de\/tarife-und-honorare\/zeitungsbote-gewinnt-in-zweiter-instanz-68883\">schlecht f\u00fcr die Demokratie!<\/a><\/p>\n","protected":false},"excerpt":{"rendered":"<p>Den Neol\u00ado\u00adgis\u00admus des Covid\u00adioten (ein Men\u00adsch, der sich aus ego\u00adis\u00adtis\u00adchen Gr\u00fcn\u00adden gegen Schutz\u00adma\u00df\u00adnah\u00admen gegen Coro\u00adna auflehnt) hat die Gesellschaft ja inzwis\u00adchen verin\u00adner\u00adlicht, aber wie nen\u00adnt man Poli\u00adtik\u00ader, die \u2014 wie etwa die in der Stadt Frank\u00adfurt \u2014 den Kon\u00adsum von \u00c4ppel\u00adwoi wegen Coro\u00adna unterbinden wollen? Nach dem ras\u00adan\u00adten Anstieg der Infek\u00adtion\u00adszahlen reagiert die Stadt Frank\u00adfurt \u2026<\/p>\n<p><a href=\"https:\/\/tuxproject.de\/blog\/2020\/10\/prohibioten\/\" class=\"more-link\">\u2018Pro\u00adhibioten\u2019 weit\u00ader\u00adlesen \u00bb<\/a><\/p>\n","protected":false},"author":1,"featured_media":0,"comment_status":"open","ping_status":"open","sticky":false,"template":"","format":"standard","meta":{"wp_typography_post_enhancements_disabled":false,"footnotes":""},"categories":[4,13],"tags":[],"series":[],"class_list":["post-17372","post","type-post","status-publish","format-standard","hentry","category-politik","category-in-den-nachrichten"],"share_on_mastodon":{"url":"","error":""},"wp-worthy-pixel":{"ignored":false,"public":null,"server":null,"url":null},"wp-worthy-type":"normal","_links":{"self":[{"href":"https:\/\/tuxproject.de\/blog\/wp-json\/wp\/v2\/posts\/17372","targetHints":{"allow":["GET"]}}],"collection":[{"href":"https:\/\/tuxproject.de\/blog\/wp-json\/wp\/v2\/posts"}],"about":[{"href":"https:\/\/tuxproject.de\/blog\/wp-json\/wp\/v2\/types\/post"}],"author":[{"embeddable":true,"href":"https:\/\/tuxproject.de\/blog\/wp-json\/wp\/v2\/users\/1"}],"replies":[{"embeddable":true,"href":"https:\/\/tuxproject.de\/blog\/wp-json\/wp\/v2\/comments?post=17372"}],"version-history":[{"count":0,"href":"https:\/\/tuxproject.de\/blog\/wp-json\/wp\/v2\/posts\/17372\/revisions"}],"wp:attachment":[{"href":"https:\/\/tuxproject.de\/blog\/wp-json\/wp\/v2\/media?parent=17372"}],"wp:term":[{"taxonomy":"category","embeddable":true,"href":"https:\/\/tuxproject.de\/blog\/wp-json\/wp\/v2\/categories?post=17372"},{"taxonomy":"post_tag","embeddable":true,"href":"https:\/\/tuxproject.de\/blog\/wp-json\/wp\/v2\/tags?post=17372"},{"taxonomy":"series","embeddable":true,"href":"https:\/\/tuxproject.de\/blog\/wp-json\/wp\/v2\/series?post=17372"}],"curies":[{"name":"wp","href":"https:\/\/api.w.org\/{rel}","templated":true}]}}