{"id":17134,"date":"2020-07-18T16:41:16","date_gmt":"2020-07-18T14:41:16","guid":{"rendered":"https:\/\/tuxproject.de\/blog\/?p=17134"},"modified":"2020-07-18T16:41:16","modified_gmt":"2020-07-18T14:41:16","slug":"medienkritik-in-kuerze-die-zeit-rasst-dahin","status":"publish","type":"post","link":"https:\/\/tuxproject.de\/blog\/2020\/07\/medienkritik-in-kuerze-die-zeit-rasst-dahin\/","title":{"rendered":"Medienkritik in K\u00fcrze: Die \u201eZEIT\u201c rasst dahin."},"content":{"rendered":"<p><a href=\"https:\/\/www.zeit.de\/2020\/30\/rassismus-alltag-versteckt-vorurteile\">\u201cZEIT ONLINE\u201d<\/a> auf.<\/p>\n<blockquote>\n<p>Die meis\u00adten <strong>wei\u00dfen<\/strong> Men\u00adschen sind \u00fcberzeugt: <strong>Haut\u00adfarbe<\/strong> spielt f\u00fcr mich <strong>keine Rolle.<\/strong> Sch\u00f6n w\u00e4r\u2019s.<\/p>\n<\/blockquote>\n<p><em>(Her\u00advorhe\u00adbun\u00adgen von mir.)<\/em><\/p>\n<p>\u201cZEIT ONLINE\u201d zu.<\/p>\n<p>Man ver\u00adsprach mir Ver\u00adlagsster\u00adben.<\/p>\n","protected":false},"excerpt":{"rendered":"<p>\u201cZEIT ONLINE\u201d auf. Die meis\u00adten wei\u00dfen Men\u00adschen sind \u00fcberzeugt: Haut\u00adfarbe spielt f\u00fcr mich keine Rolle. Sch\u00f6n w\u00e4r\u2019s. (Her\u00advorhe\u00adbun\u00adgen von mir.) \u201cZEIT ONLINE\u201d zu. Man ver\u00adsprach mir Ver\u00adlagsster\u00adben.<\/p>\n","protected":false},"author":1,"featured_media":0,"comment_status":"open","ping_status":"open","sticky":false,"template":"","format":"standard","meta":{"wp_typography_post_enhancements_disabled":false,"footnotes":""},"categories":[8],"tags":[],"series":[],"class_list":["post-17134","post","type-post","status-publish","format-standard","hentry","category-netzfundstucke"],"share_on_mastodon":{"url":"","error":""},"wp-worthy-pixel":{"ignored":false,"public":null,"server":null,"url":null},"wp-worthy-type":"normal","_links":{"self":[{"href":"https:\/\/tuxproject.de\/blog\/wp-json\/wp\/v2\/posts\/17134","targetHints":{"allow":["GET"]}}],"collection":[{"href":"https:\/\/tuxproject.de\/blog\/wp-json\/wp\/v2\/posts"}],"about":[{"href":"https:\/\/tuxproject.de\/blog\/wp-json\/wp\/v2\/types\/post"}],"author":[{"embeddable":true,"href":"https:\/\/tuxproject.de\/blog\/wp-json\/wp\/v2\/users\/1"}],"replies":[{"embeddable":true,"href":"https:\/\/tuxproject.de\/blog\/wp-json\/wp\/v2\/comments?post=17134"}],"version-history":[{"count":0,"href":"https:\/\/tuxproject.de\/blog\/wp-json\/wp\/v2\/posts\/17134\/revisions"}],"wp:attachment":[{"href":"https:\/\/tuxproject.de\/blog\/wp-json\/wp\/v2\/media?parent=17134"}],"wp:term":[{"taxonomy":"category","embeddable":true,"href":"https:\/\/tuxproject.de\/blog\/wp-json\/wp\/v2\/categories?post=17134"},{"taxonomy":"post_tag","embeddable":true,"href":"https:\/\/tuxproject.de\/blog\/wp-json\/wp\/v2\/tags?post=17134"},{"taxonomy":"series","embeddable":true,"href":"https:\/\/tuxproject.de\/blog\/wp-json\/wp\/v2\/series?post=17134"}],"curies":[{"name":"wp","href":"https:\/\/api.w.org\/{rel}","templated":true}]}}