{"id":17023,"date":"2020-05-26T20:48:32","date_gmt":"2020-05-26T18:48:32","guid":{"rendered":"https:\/\/tuxproject.de\/blog\/?p=17023"},"modified":"2020-06-03T11:23:13","modified_gmt":"2020-06-03T09:23:13","slug":"si-vis-pacem-para-bellum-10","status":"publish","type":"post","link":"https:\/\/tuxproject.de\/blog\/2020\/05\/si-vis-pacem-para-bellum-10\/","title":{"rendered":"Si vis pacem, para bel\u00adlum. (10)"},"content":{"rendered":"<p><a href=\"http:\/\/web.archive.org\/web\/20200524193352\/https:\/\/lufthansa.lol\/\">Das Inter\u00adnet:<\/a><\/p>\n<blockquote>\n<p>Die Luft\u00adhan\u00adsa soll mit 9.000.000.000 Euro geret\u00adtet wer\u00adden. (Die Luft\u00adhan\u00adsa ist eine Flug\u00adge\u00adsell\u00adschaft, die enorm zu der Zer\u00adst\u00f6\u00adrung unse\u00adrer Umwelt bei\u00adtr\u00e4gt und allein im Jahr 2018 f\u00fcr \u00fcber 32,6 Mil\u00adlio\u00adnen Ton\u00adnen CO<sub>2<\/sub> ver\u00adant\u00adwort\u00adlich war.) Statt\u00addes\u00adsen k\u00f6nn\u00adten wir auch (\u2026) ein F\u00fcnf\u00adtel aller Schu\u00adlen Deutsch\u00adlands sanie\u00adren[.]<\/p>\n<\/blockquote>\n<p><a href=\"https:\/\/brightsblog.wordpress.com\/2020\/05\/26\/regierung-plant-mehr-als-130-milliarden-fur-militarprojekte\/\">Die Nach\u00adrich\u00adten:<\/a><\/p>\n<blockquote>\n<p>Nach Infor\u00adma\u00adtio\u00adnen der <em>S\u00fcd\u00addeut\u00adschen Zei\u00adtung<\/em> bel\u00e4uft sich die Sum\u00adme der im Finanz\u00adplan ver\u00adan\u00adschlag\u00adten R\u00fcstungs\u00adpro\u00adjek\u00adte der n\u00e4ch\u00adsten Jah\u00adre auf 137 Mil\u00adli\u00adar\u00adden Euro.<\/p>\n<\/blockquote>\n<p>Kei\u00adnes\u00adwegs aber das Inter\u00adnet:<\/p>\n<blockquote>\n<p>Statt\u00addes\u00adsen k\u00f6nn\u00adten wir auch jede Schu\u00adle Deutsch\u00adlands drei\u00admal sanie\u00adren und\/oder jedem Sch\u00fc\u00adler eine anst\u00e4n\u00addi\u00adge EDV-Aus\u00adr\u00fc\u00adstung bezah\u00adlen.<\/p>\n<\/blockquote>\n<p>Wie <em>ein\u00adfach<\/em> es doch ist, den Deut\u00adschen ein Unter\u00adneh\u00admen, das f\u00fcr zu viel Geld Men\u00adschen rum\u00adfliegt, madi\u00adger zu reden als eine staats\u00adna\u00adhe Orga\u00adni\u00adsa\u00adti\u00adon, die f\u00fcr zu viel Geld \u00fcber <a href=\"https:\/\/www.bmvg.de\/de\/debatte-bewaffnete-drohnen\">gefahr\u00adlo\u00adses Meu\u00adcheln<\/a> refe\u00adriert!<\/p>\n<p>Im \u00dcbri\u00adgen bin ich der Mei\u00adnung, dass die Bun\u00addes\u00adwehr abge\u00adschafft geh\u00f6rt.<\/p>\n","protected":false},"excerpt":{"rendered":"<p>Das Inter\u00adnet: Die Luft\u00adhan\u00adsa soll mit 9.000.000.000 Euro geret\u00adtet wer\u00adden. (Die Luft\u00adhan\u00adsa ist eine Flug\u00adge\u00adsell\u00adschaft, die enorm zu der Zer\u00adst\u00f6\u00adrung unse\u00adrer Umwelt bei\u00adtr\u00e4gt und allein im Jahr 2018 f\u00fcr \u00fcber 32,6 Mil\u00adlio\u00adnen Ton\u00adnen CO2 ver\u00adant\u00adwort\u00adlich war.) Statt\u00addes\u00adsen k\u00f6nn\u00adten wir auch (\u2026) ein F\u00fcnf\u00adtel aller Schu\u00adlen Deutsch\u00adlands sanie\u00adren[.] Die Nach\u00adrich\u00adten: Nach Infor\u00adma\u00adtio\u00adnen der S\u00fcd\u00addeut\u00adschen Zei\u00adtung bel\u00e4uft \u2026<\/p>\n<p><a href=\"https:\/\/tuxproject.de\/blog\/2020\/05\/si-vis-pacem-para-bellum-10\/\" class=\"more-link\">\u2018Si vis pacem, para bel\u00adlum. (10)\u2019 wei\u00adter\u00adle\u00adsen \u00bb<\/a><\/p>\n","protected":false},"author":1,"featured_media":0,"comment_status":"open","ping_status":"open","sticky":false,"template":"","format":"standard","meta":{"wp_typography_post_enhancements_disabled":false,"footnotes":""},"categories":[4,13],"tags":[],"series":[],"class_list":["post-17023","post","type-post","status-publish","format-standard","hentry","category-politik","category-in-den-nachrichten"],"share_on_mastodon":{"url":"","error":""},"wp-worthy-pixel":{"ignored":false,"public":null,"server":null,"url":null},"wp-worthy-type":"normal","_links":{"self":[{"href":"https:\/\/tuxproject.de\/blog\/wp-json\/wp\/v2\/posts\/17023","targetHints":{"allow":["GET"]}}],"collection":[{"href":"https:\/\/tuxproject.de\/blog\/wp-json\/wp\/v2\/posts"}],"about":[{"href":"https:\/\/tuxproject.de\/blog\/wp-json\/wp\/v2\/types\/post"}],"author":[{"embeddable":true,"href":"https:\/\/tuxproject.de\/blog\/wp-json\/wp\/v2\/users\/1"}],"replies":[{"embeddable":true,"href":"https:\/\/tuxproject.de\/blog\/wp-json\/wp\/v2\/comments?post=17023"}],"version-history":[{"count":0,"href":"https:\/\/tuxproject.de\/blog\/wp-json\/wp\/v2\/posts\/17023\/revisions"}],"wp:attachment":[{"href":"https:\/\/tuxproject.de\/blog\/wp-json\/wp\/v2\/media?parent=17023"}],"wp:term":[{"taxonomy":"category","embeddable":true,"href":"https:\/\/tuxproject.de\/blog\/wp-json\/wp\/v2\/categories?post=17023"},{"taxonomy":"post_tag","embeddable":true,"href":"https:\/\/tuxproject.de\/blog\/wp-json\/wp\/v2\/tags?post=17023"},{"taxonomy":"series","embeddable":true,"href":"https:\/\/tuxproject.de\/blog\/wp-json\/wp\/v2\/series?post=17023"}],"curies":[{"name":"wp","href":"https:\/\/api.w.org\/{rel}","templated":true}]}}