{"id":17012,"date":"2020-05-22T17:51:47","date_gmt":"2020-05-22T15:51:47","guid":{"rendered":"https:\/\/tuxproject.de\/blog\/?p=17012"},"modified":"2020-05-22T17:51:47","modified_gmt":"2020-05-22T15:51:47","slug":"wahlschuld","status":"publish","type":"post","link":"https:\/\/tuxproject.de\/blog\/2020\/05\/wahlschuld\/","title":{"rendered":"Wahl\u00adschuld"},"content":{"rendered":"<p><a href=\"https:\/\/tuxproject.de\/blog\/wp-content\/uploads\/2020\/05\/Geh-mit-der-Zeit.jpeg\"><img loading=\"lazy\" decoding=\"async\" src=\"https:\/\/tuxproject.de\/blog\/wp-content\/uploads\/2020\/05\/Geh-mit-der-Zeit-86x120.jpeg\" alt width=\"86\" height=\"120\" class=\"alignright size-thumbnail wp-image-17014\" srcset=\"https:\/\/tuxproject.de\/blog\/wp-content\/uploads\/2020\/05\/Geh-mit-der-Zeit-86x120.jpeg 86w, https:\/\/tuxproject.de\/blog\/wp-content\/uploads\/2020\/05\/Geh-mit-der-Zeit-214x300.jpeg 214w, https:\/\/tuxproject.de\/blog\/wp-content\/uploads\/2020\/05\/Geh-mit-der-Zeit-732x1024.jpeg 732w, https:\/\/tuxproject.de\/blog\/wp-content\/uploads\/2020\/05\/Geh-mit-der-Zeit-768x1074.jpeg 768w, https:\/\/tuxproject.de\/blog\/wp-content\/uploads\/2020\/05\/Geh-mit-der-Zeit-1098x1536.jpeg 1098w, https:\/\/tuxproject.de\/blog\/wp-content\/uploads\/2020\/05\/Geh-mit-der-Zeit-730x1021.jpeg 730w, https:\/\/tuxproject.de\/blog\/wp-content\/uploads\/2020\/05\/Geh-mit-der-Zeit.jpeg 1464w\" sizes=\"auto, (max-width: 86px) 100vw, 86px\"><\/a><em>Ich w\u00fcr\u00adde ja echt gern nicht mehr \u00fcber die SPD l\u00e4stern m\u00fcs\u00adsen, aber<\/em> war\u00adum eine Par\u00adtei, die das <em>Th\u00fc\u00adrin\u00adger Pro\u00adblem<\/em> der\u00adge\u00adstalt zu l\u00f6sen ver\u00adsucht, dass sie einen der Ihren, der es \u2013 zumal <em>aus\u00adge\u00adrech\u00adnet<\/em> im feind\u00adli\u00adchen Bay\u00adern \u2013 in einer gehei\u00admen Wahl mit den Stim\u00admen der <em>Fal\u00adschen<\/em>\u2122 auf einen eini\u00adger\u00adma\u00ad\u00dfen ega\u00adlen Kom\u00admu\u00adnal\u00adpo\u00adsten schafft, direkt <a href=\"https:\/\/www.rnd.de\/politik\/klein-thuringen-im-aischgrund-wie-ein-spd-politiker-uber-afd-stolpern-konnte-YPGHHKK63T5ALQUJ3MFSD2S7IM.html\">raus\u00adzu\u00adwer\u00adfen beab\u00adsich\u00adtigt<\/a>, als sei es ein gro\u00adber Ver\u00adsto\u00df gegen die Sat\u00adzung der SPD, in einer Wahl auch mal irgend\u00adwas zu gewin\u00adnen, poli\u00adtisch mit der Zeit <em>gegan\u00adgen<\/em> sein wird, her\u00adaus\u00adzu\u00adfin\u00adden, scheint eine Auf\u00adga\u00adbe zu sein, mit der die Poli\u00adtik\u00adwis\u00adsen\u00adschaft als \u201eunter\u00adfor\u00addert\u201c noch grob ver\u00adharm\u00adlo\u00adsend beschrie\u00adben w\u00e4re.<\/p>\n","protected":false},"excerpt":{"rendered":"<p>Ich w\u00fcr\u00adde ja echt gern nicht mehr \u00fcber die SPD l\u00e4stern m\u00fcs\u00adsen, aber war\u00adum eine Par\u00adtei, die das Th\u00fc\u00adrin\u00adger Pro\u00adblem der\u00adge\u00adstalt zu l\u00f6sen ver\u00adsucht, dass sie einen der Ihren, der es \u2013 zumal aus\u00adge\u00adrech\u00adnet im feind\u00adli\u00adchen Bay\u00adern \u2013 in einer gehei\u00admen Wahl mit den Stim\u00admen der Fal\u00adschen\u2122 auf einen eini\u00adger\u00adma\u00ad\u00dfen ega\u00adlen Kom\u00admu\u00adnal\u00adpo\u00adsten schafft, direkt raus\u00adzu\u00adwer\u00adfen \u2026<\/p>\n<p><a href=\"https:\/\/tuxproject.de\/blog\/2020\/05\/wahlschuld\/\" class=\"more-link\">\u2018Wahl\u00adschuld\u2019 wei\u00adter\u00adle\u00adsen \u00bb<\/a><\/p>\n","protected":false},"author":1,"featured_media":0,"comment_status":"open","ping_status":"open","sticky":false,"template":"","format":"standard","meta":{"wp_typography_post_enhancements_disabled":false,"footnotes":""},"categories":[4,13],"tags":[],"series":[],"class_list":["post-17012","post","type-post","status-publish","format-standard","hentry","category-politik","category-in-den-nachrichten"],"share_on_mastodon":{"url":"","error":""},"wp-worthy-pixel":{"ignored":false,"public":null,"server":null,"url":null},"wp-worthy-type":"normal","_links":{"self":[{"href":"https:\/\/tuxproject.de\/blog\/wp-json\/wp\/v2\/posts\/17012","targetHints":{"allow":["GET"]}}],"collection":[{"href":"https:\/\/tuxproject.de\/blog\/wp-json\/wp\/v2\/posts"}],"about":[{"href":"https:\/\/tuxproject.de\/blog\/wp-json\/wp\/v2\/types\/post"}],"author":[{"embeddable":true,"href":"https:\/\/tuxproject.de\/blog\/wp-json\/wp\/v2\/users\/1"}],"replies":[{"embeddable":true,"href":"https:\/\/tuxproject.de\/blog\/wp-json\/wp\/v2\/comments?post=17012"}],"version-history":[{"count":0,"href":"https:\/\/tuxproject.de\/blog\/wp-json\/wp\/v2\/posts\/17012\/revisions"}],"wp:attachment":[{"href":"https:\/\/tuxproject.de\/blog\/wp-json\/wp\/v2\/media?parent=17012"}],"wp:term":[{"taxonomy":"category","embeddable":true,"href":"https:\/\/tuxproject.de\/blog\/wp-json\/wp\/v2\/categories?post=17012"},{"taxonomy":"post_tag","embeddable":true,"href":"https:\/\/tuxproject.de\/blog\/wp-json\/wp\/v2\/tags?post=17012"},{"taxonomy":"series","embeddable":true,"href":"https:\/\/tuxproject.de\/blog\/wp-json\/wp\/v2\/series?post=17012"}],"curies":[{"name":"wp","href":"https:\/\/api.w.org\/{rel}","templated":true}]}}