{"id":17002,"date":"2020-05-18T08:30:25","date_gmt":"2020-05-18T06:30:25","guid":{"rendered":"https:\/\/tuxproject.de\/blog\/?p=17002"},"modified":"2020-05-17T20:24:48","modified_gmt":"2020-05-17T18:24:48","slug":"darius-leap-of-faith-pillerspieldebatte","status":"publish","type":"post","link":"https:\/\/tuxproject.de\/blog\/2020\/05\/darius-leap-of-faith-pillerspieldebatte\/","title":{"rendered":"Dari\u00adus \u2013 Leap of Faith \/\/ Pil\u00adler\u00adspiel\u00adde\u00adbat\u00adte"},"content":{"rendered":"<p><a href=\"https:\/\/tuxproject.de\/blog\/wp-content\/uploads\/2020\/05\/Montagslaecheln.jpg\"><img loading=\"lazy\" decoding=\"async\" src=\"https:\/\/tuxproject.de\/blog\/wp-content\/uploads\/2020\/05\/Montagslaecheln-120x68.jpg\" alt=\"Montagsl\u00e4cheln\" width=\"120\" height=\"68\" class=\"alignright size-thumbnail wp-image-17003\" srcset=\"https:\/\/tuxproject.de\/blog\/wp-content\/uploads\/2020\/05\/Montagslaecheln-120x68.jpg 120w, https:\/\/tuxproject.de\/blog\/wp-content\/uploads\/2020\/05\/Montagslaecheln-300x169.jpg 300w, https:\/\/tuxproject.de\/blog\/wp-content\/uploads\/2020\/05\/Montagslaecheln.jpg 640w\" sizes=\"auto, (max-width: 120px) 100vw, 120px\"><\/a>Es ist Mon\u00adtag. J\u00fcngst erfuhr ich, dass es ein austra\u00adli\u00adsches Pro\u00adjekt gibt, das die Nach\u00adfol\u00adge von Geo\u00adci\u00adties anzu\u00adtre\u00adten imstan\u00adde ist: Es hei\u00dft <a href=\"https:\/\/www.vistaserv.net\">Vista\u00adserv<\/a> und bie\u00adtet einen Home\u00adpage-Bau\u00adka\u00adsten mit\u00adsamt <a href=\"https:\/\/www.vistaserv.net\/blog\/90s-fonts-modern-browsers\">ent\u00adan\u00adti\u00adalia\u00adsten Schrift\u00adar\u00adten<\/a> an. Ich fin\u00adde das sowohl wit\u00adzig als auch gru\u00adse\u00adlig und emp\u00adfeh\u00adle eine Zur\u00adkennt\u00adnis\u00adnah\u00adme.<\/p>\n<p>Gestern fand der \u201einter\u00adna\u00adtio\u00adna\u00adle Tag gegen Homo\u2011, Bi\u2011, Inter- und Trans\u00adpho\u00adbie\u201c statt. Die\u00adsel\u00adben Men\u00adschen, die im Par\u00adla\u00adment der Ansicht sind, wir alle m\u00fcss\u00adten ganz\u00adtags online wie off\u00adline \u00fcber\u00adwacht wer\u00adden, damit wir nichts anstel\u00adlen, haben die Chan\u00adce genutzt, in \u201esozia\u00adlen Medi\u00aden\u201c etwas \u00fcber Frei\u00adheits\u00adrech\u00adte und deren unbe\u00adding\u00adte Wich\u00adtig\u00adkeit zu erz\u00e4h\u00adlen. Ich w\u00fcnsch\u00adte, SPD und Gr\u00fc\u00adne w\u00fcr\u00adden end\u00adlich damit auf\u00adh\u00f6\u00adren, mich davon abzu\u00adhal\u00adten, mich mal wie\u00adder mit den Ver\u00adfeh\u00adlun\u00adgen ande\u00adrer poli\u00adti\u00adscher Prot\u00adago\u00adni\u00adsten besch\u00e4f\u00adti\u00adgen zu k\u00f6n\u00adnen. \u2013 Apro\u00adpos \u00dcber\u00adwa\u00adchung: Nut\u00adzer eines Mail\u00adpro\u00adgramms f\u00fcr Apple\u00adsy\u00adste\u00adme konn\u00adten neu\u00adlich ver\u00adse\u00adhent\u00adlich Mails <a href=\"https:\/\/9to5mac.com\/2020\/05\/16\/edison-mail-unauthorized-access\/\">ande\u00adrer Benut\u00adzer sehen.<\/a> Aber nat\u00fcr\u00adlich muss\u00adte da unbe\u00addingt mehr <em>cloud<\/em> rein. Es ist ja auch v\u00f6l\u00adli\u00adger Bl\u00f6d\u00adsinn, ein Mail\u00adpro\u00adgramm zu benut\u00adzen, das nicht all sei\u00adne Benut\u00adzer in einer ein\u00adzi\u00adgen Daten\u00adbank zusam\u00admen\u00adf\u00fchrt. Wie, das sei kei\u00adne gute Idee? Das ist <em>die Zukunft<\/em>, Sie ewig\u00adgest\u00adri\u00adger Opa!<\/p>\n<p>Apro\u00adpos ewig\u00adgest\u00adrig: Die bescheu\u00ader\u00adte \u201etaz\u201c <a href=\"https:\/\/taz.de\/Antifaschistinnen-in-der-Gamerszene\/!5681843\/\">pam\u00adphle\u00adtet<\/a>, zur Fra\u00adge, \u201eob Kunst gesell\u00adschaft\u00adli\u00adche Diver\u00adsi\u00adt\u00e4t abbil\u00adden und etwa in Kunst\u00adwer\u00adken repro\u00addu\u00adzier\u00adte Geschlech\u00adter\u00adrol\u00adlen hin\u00adter\u00adfra\u00adgen muss\u201c, m\u00f6ge es \u201ever\u00adschie\u00adde\u00adne Hal\u00adtun\u00adgen geben\u201c. Das stimmt: Die eine Hal\u00adtung ist die der Kunst\u00adfrei\u00adheit, die ande\u00adre ist die, die Kunst selek\u00adtiv als <em>ent\u00adar\u00adtet<\/em> beschreibt. Ein star\u00adker Mann wird abge\u00adbil\u00addet oder gar eine Frau mit Kind? Raus damit aus den Muse\u00aden und vor allem aus den <em>ver\u00addamm\u00adten Online\u00adspie\u00adlen<\/em>! Kil\u00adler\u00adspiel\u00adde\u00adbat\u00adte? Hat hier jemand Kil\u00adler\u00adspiel\u00adde\u00adbat\u00adte gesagt? Und wo lie\u00adgen eigent\u00adlich die Gren\u00adzen der <em>Jour\u00adna\u00adlis\u00admus\u00adfrei\u00adheit<\/em>?<\/p>\n<p>Da wir gera\u00adde bei \u201etaz.de\u201c sind: Heu\u00adte schon jeman\u00adden aus den Goog\u00adle-Such\u00adergeb\u00adnis\u00adsen gefegt? <a href=\"https:\/\/schwerdtfegr.wordpress.com\/2020\/05\/16\/wisst-ihr-schon-wie-man-jemanden-aus-guhgell-suchergebnissen-rauskegeln-kann-\ud83c\udfb3\/\">War\u00adum nicht?<\/a> End\u00adlich w\u00e4re mehr Platz f\u00fcr etwas sch\u00f6\u00adnes, zum Bei\u00adspiel f\u00fcr Pan\u00adda\u00adb\u00e4\u00adren.<\/p>\n<p>Und f\u00fcr Musik.<\/p>\n<div class=\"lyte-wrapper\" title=\"Darius - Leap of Faith (official video)\" style=\"width:1280px;max-width:100%;margin:5px;\"><div class=\"lyMe\" id=\"WYL_9RqgPM4bLoo\"><div id=\"lyte_9RqgPM4bLoo\" data-src=\"https:\/\/tuxproject.de\/blog\/wp-content\/plugins\/wp-youtube-lyte\/lyteCache.php?origThumbUrl=https%3A%2F%2Fi.ytimg.com%2Fvi%2F9RqgPM4bLoo%2Fhqdefault.jpg\" class=\"pL\"><div class=\"tC\"><div class=\"tT\">Dari\u00adus \u2013 Leap of Faith (offi\u00adci\u00adal video)<\/div><\/div><div class=\"play\"><\/div><div class=\"ctrl\"><div class=\"Lctrl\"><\/div><div class=\"Rctrl\"><\/div><\/div><\/div><noscript><a href=\"https:\/\/youtu.be\/9RqgPM4bLoo\" rel=\"nofollow\"><img loading=\"lazy\" decoding=\"async\" src=\"https:\/\/tuxproject.de\/blog\/wp-content\/plugins\/wp-youtube-lyte\/lyteCache.php?origThumbUrl=https%3A%2F%2Fi.ytimg.com%2Fvi%2F9RqgPM4bLoo%2F0.jpg\" alt=\"Darius - Leap of Faith (official video)\" width=\"1280\" height=\"700\"><\/a><\/noscript><\/div><\/div><div class=\"lL\" style=\"max-width:100%;width:1280px;margin:5px;\"> <a href=\"https:\/\/youtu.be\/9RqgPM4bLoo\" target=\"_blank\">Die\u00adses Video auf You\u00adTube anse\u00adhen<\/a>.<\/div>\n<p>Guten Mor\u00adgen.<\/p>\n","protected":false},"excerpt":{"rendered":"<p>Es ist Mon\u00adtag. J\u00fcngst erfuhr ich, dass es ein austra\u00adli\u00adsches Pro\u00adjekt gibt, das die Nach\u00adfol\u00adge von Geo\u00adci\u00adties anzu\u00adtre\u00adten imstan\u00adde ist: Es hei\u00dft Vista\u00adserv und bie\u00adtet einen Home\u00ad\u00adpa\u00adge-Bau\u00ad\u00adka\u00ad\u00adsten mit\u00adsamt ent\u00adan\u00adti\u00adalia\u00adsten Schrift\u00adar\u00adten an. Ich fin\u00adde das sowohl wit\u00adzig als auch gru\u00adse\u00adlig und emp\u00adfeh\u00adle eine Zur\u00adkennt\u00adnis\u00adnah\u00adme. Gestern fand der \u201einter\u00adna\u00adtio\u00adna\u00adle Tag gegen Homo\u2011, Bi\u2011, Inter- und Trans\u00adpho\u00adbie\u201c statt. \u2026<\/p>\n<p><a href=\"https:\/\/tuxproject.de\/blog\/2020\/05\/darius-leap-of-faith-pillerspieldebatte\/\" class=\"more-link\">\u2018Dari\u00adus \u2013 Leap of Faith \/\/ Pil\u00adler\u00adspiel\u00adde\u00adbat\u00adte\u2019 wei\u00adter\u00adle\u00adsen \u00bb<\/a><\/p>\n","protected":false},"author":1,"featured_media":0,"comment_status":"open","ping_status":"open","sticky":false,"template":"","format":"standard","meta":{"wp_typography_post_enhancements_disabled":false,"footnotes":""},"categories":[13,32],"tags":[],"series":[],"class_list":["post-17002","post","type-post","status-publish","format-standard","hentry","category-in-den-nachrichten","category-montagsmusik"],"share_on_mastodon":{"url":"","error":""},"wp-worthy-pixel":{"ignored":false,"public":null,"server":null,"url":null},"wp-worthy-type":"normal","_links":{"self":[{"href":"https:\/\/tuxproject.de\/blog\/wp-json\/wp\/v2\/posts\/17002","targetHints":{"allow":["GET"]}}],"collection":[{"href":"https:\/\/tuxproject.de\/blog\/wp-json\/wp\/v2\/posts"}],"about":[{"href":"https:\/\/tuxproject.de\/blog\/wp-json\/wp\/v2\/types\/post"}],"author":[{"embeddable":true,"href":"https:\/\/tuxproject.de\/blog\/wp-json\/wp\/v2\/users\/1"}],"replies":[{"embeddable":true,"href":"https:\/\/tuxproject.de\/blog\/wp-json\/wp\/v2\/comments?post=17002"}],"version-history":[{"count":0,"href":"https:\/\/tuxproject.de\/blog\/wp-json\/wp\/v2\/posts\/17002\/revisions"}],"wp:attachment":[{"href":"https:\/\/tuxproject.de\/blog\/wp-json\/wp\/v2\/media?parent=17002"}],"wp:term":[{"taxonomy":"category","embeddable":true,"href":"https:\/\/tuxproject.de\/blog\/wp-json\/wp\/v2\/categories?post=17002"},{"taxonomy":"post_tag","embeddable":true,"href":"https:\/\/tuxproject.de\/blog\/wp-json\/wp\/v2\/tags?post=17002"},{"taxonomy":"series","embeddable":true,"href":"https:\/\/tuxproject.de\/blog\/wp-json\/wp\/v2\/series?post=17002"}],"curies":[{"name":"wp","href":"https:\/\/api.w.org\/{rel}","templated":true}]}}