{"id":16994,"date":"2020-05-13T17:02:18","date_gmt":"2020-05-13T15:02:18","guid":{"rendered":"https:\/\/tuxproject.de\/blog\/?p=16994"},"modified":"2020-05-13T17:02:18","modified_gmt":"2020-05-13T15:02:18","slug":"kurz-angemerkt-zu-abrechnenden-coronaeltern","status":"publish","type":"post","link":"https:\/\/tuxproject.de\/blog\/2020\/05\/kurz-angemerkt-zu-abrechnenden-coronaeltern\/","title":{"rendered":"Kurz angemerkt zu abrechnenden Coronaeltern"},"content":{"rendered":"<p>Es ist ja eine dur\u00adchaus witzige Idee, die da ger\u00adade durch die <em>sozialen Medi\u00aden<\/em> getra\u00adgen wird und <a href=\"https:\/\/phoenix-frauen.de\/coronaelternrechnenab\/\">besagt<\/a>, dass beruf\u00adst\u00e4tige Eltern, die jet\u00adzt vom Staat <em>dazu gezwun\u00adgen<\/em> wer\u00adden, sich selb\u00adst mal mit ihrem Nach\u00adwuchs zu besch\u00e4fti\u00adgen, diese Zeit diesem Staat in Rech\u00adnung stellen soll\u00adten, wozu, wie in min\u00addestens <a href=\"https:\/\/twitter.com\/Blitzschock\/status\/1260566057372266497\">einem Tweet<\/a> zu lesen war, neben der Auf\u00adsichts- auch die Lehrt\u00e4tigkeit geh\u00f6re, denn Kinder bek\u00e4\u00admen ja trotz nicht stat\u00adtfind\u00aden\u00adden Unter\u00adrichts Hausauf\u00adgaben von den Lehrern (m\u00fcssten dann nicht eigentlich <em>die Kinder<\/em> statt der Eltern, deren Auf\u00adgabe deren Aus\u00adf\u00fchrung keineswegs ist, daf\u00fcr eine Rech\u00adnung ausstellen?), aber w\u00e4re es nicht wesentlich nach\u00adhaltiger und somit sin\u00adnvoller, den Staat dazu anzuhal\u00adten, daf\u00fcr Sorge zu tra\u00adgen, dass nicht jed\u00ader Beruf\u00adst\u00e4tige, der gar keine Zeit daf\u00fcr auf\u00adbrin\u00adgen kann, sich um seinen Nach\u00adwuchs zu k\u00fcm\u00admern, und eigentlich recht froh dar\u00fcber ist, wenn es jeman\u00adden gibt, der ihm diese Belas\u00adtung tags\u00fcber vom Hals h\u00e4lt, ein Kind bekom\u00admen muss?<\/p>\n","protected":false},"excerpt":{"rendered":"<p>Es ist ja eine dur\u00adchaus witzige Idee, die da ger\u00adade durch die sozialen Medi\u00aden getra\u00adgen wird und besagt, dass beruf\u00adst\u00e4tige Eltern, die jet\u00adzt vom Staat dazu gezwun\u00adgen wer\u00adden, sich selb\u00adst mal mit ihrem Nach\u00adwuchs zu besch\u00e4fti\u00adgen, diese Zeit diesem Staat in Rech\u00adnung stellen soll\u00adten, wozu, wie in min\u00addestens einem Tweet zu lesen war, neben der \u2026<\/p>\n<p><a href=\"https:\/\/tuxproject.de\/blog\/2020\/05\/kurz-angemerkt-zu-abrechnenden-coronaeltern\/\" class=\"more-link\">\u2018Kurz ange\u00admerkt zu abrech\u00adnen\u00adden Coro\u00adn\u00adael\u00adtern\u2019 weit\u00ader\u00adlesen \u00bb<\/a><\/p>\n","protected":false},"author":1,"featured_media":0,"comment_status":"open","ping_status":"open","sticky":false,"template":"","format":"standard","meta":{"wp_typography_post_enhancements_disabled":false,"footnotes":""},"categories":[13,29],"tags":[],"series":[],"class_list":["post-16994","post","type-post","status-publish","format-standard","hentry","category-in-den-nachrichten","category-wirtschaft"],"share_on_mastodon":{"url":"","error":""},"wp-worthy-pixel":{"ignored":false,"public":null,"server":null,"url":null},"wp-worthy-type":"normal","_links":{"self":[{"href":"https:\/\/tuxproject.de\/blog\/wp-json\/wp\/v2\/posts\/16994","targetHints":{"allow":["GET"]}}],"collection":[{"href":"https:\/\/tuxproject.de\/blog\/wp-json\/wp\/v2\/posts"}],"about":[{"href":"https:\/\/tuxproject.de\/blog\/wp-json\/wp\/v2\/types\/post"}],"author":[{"embeddable":true,"href":"https:\/\/tuxproject.de\/blog\/wp-json\/wp\/v2\/users\/1"}],"replies":[{"embeddable":true,"href":"https:\/\/tuxproject.de\/blog\/wp-json\/wp\/v2\/comments?post=16994"}],"version-history":[{"count":0,"href":"https:\/\/tuxproject.de\/blog\/wp-json\/wp\/v2\/posts\/16994\/revisions"}],"wp:attachment":[{"href":"https:\/\/tuxproject.de\/blog\/wp-json\/wp\/v2\/media?parent=16994"}],"wp:term":[{"taxonomy":"category","embeddable":true,"href":"https:\/\/tuxproject.de\/blog\/wp-json\/wp\/v2\/categories?post=16994"},{"taxonomy":"post_tag","embeddable":true,"href":"https:\/\/tuxproject.de\/blog\/wp-json\/wp\/v2\/tags?post=16994"},{"taxonomy":"series","embeddable":true,"href":"https:\/\/tuxproject.de\/blog\/wp-json\/wp\/v2\/series?post=16994"}],"curies":[{"name":"wp","href":"https:\/\/api.w.org\/{rel}","templated":true}]}}