{"id":16728,"date":"2020-03-16T22:10:53","date_gmt":"2020-03-16T21:10:53","guid":{"rendered":"https:\/\/tuxproject.de\/blog\/?p=16728"},"modified":"2020-03-17T18:01:21","modified_gmt":"2020-03-17T17:01:21","slug":"niemand-hat-die-absicht","status":"publish","type":"post","link":"https:\/\/tuxproject.de\/blog\/2020\/03\/niemand-hat-die-absicht\/","title":{"rendered":"Nie\u00admand hat die Absicht."},"content":{"rendered":"<p>Es teil\u00adte das Bun\u00addes\u00admi\u00adni\u00adste\u00adri\u00adum f\u00fcr Gesund\u00adheit am 14. M\u00e4rz die\u00adses Jah\u00adres <a href=\"https:\/\/web.archive.org\/web\/20200316205711\/https:\/twitter.com\/BMG_Bund\/status\/1238780849652465664\">mah\u00adnend mit<\/a>, man m\u00f6ge nicht auf \u201eFake News\u201c her\u00adein\u00adfal\u00adlen:<\/p>\n<blockquote><p>Es wird behaup\u00adtet und rasch ver\u00adbrei\u00adtet, (\u2026) die Bun\u00addes\u00adre\u00adgie\u00adrung w\u00fcr\u00adde bald mas\u00adsi\u00adve wei\u00adte\u00adre Ein\u00adschr\u00e4n\u00adkun\u00adgen des \u00f6ffent\u00adli\u00adchen Lebens ank\u00fcn\u00addi\u00adgen. Das stimmt NICHT!<br>\nBit\u00adte hel\u00adfen Sie mit, ihre Ver\u00adbrei\u00adtung zu stop\u00adpen.<\/p><\/blockquote>\n<p>Viel\u00admehr m\u00f6ge man:<\/p>\n<blockquote><p>beson\u00adnen blei\u00adben und ein\u00adan\u00adder auch unter Stress ver\u00adtrau\u00aden.<\/p><\/blockquote>\n<p>Und sie\u00adhe, man blieb beson\u00adnen, ver\u00adtrau\u00adte unter Stress und <a href=\"https:\/\/www.bundesregierung.de\/breg-de\/aktuelles\/vereinbarung-zwischen-der-bundesregierung-und-den-regierungschefinnen-und-regierungschefs-der-bundeslaender-angesichts-der-corona-epidemie-in-deutschland-1730934\">fiel her\u00adein:<\/a><\/p>\n<blockquote><p>Die Bun\u00addes\u00adre\u00adgie\u00adrung und die Regie\u00adrungs\u00adchefs der Bun\u00addes\u00adl\u00e4n\u00adder haben am 16. M\u00e4rz 2020 fol\u00adgen\u00adde Leit\u00adli\u00adni\u00aden zum ein\u00adheit\u00adli\u00adchen Vor\u00adge\u00adhen zur wei\u00adte\u00adren Beschr\u00e4n\u00adkung von sozia\u00adlen Kon\u00adtak\u00adten im \u00f6ffent\u00adli\u00adchen Bereich ange\u00adsichts der Coro\u00adna-Epi\u00adde\u00admie in Deutsch\u00adland ver\u00adein\u00adbart:<\/p>\n<p>(\u2026) F\u00fcr den Publi\u00adkums\u00adver\u00adkehr zu schlie\u00ad\u00dfen sind<br>\n \u2013 Bars, Clubs, Dis\u00adko\u00adthe\u00adken, Knei\u00adpen und \u00e4hn\u00adli\u00adche Ein\u00adrich\u00adtun\u00adgen<br>\n \u2013 Thea\u00adter, Opern, Kon\u00adzert\u00adh\u00e4u\u00adser, Muse\u00aden und \u00e4hn\u00adli\u00adche Ein\u00adrich\u00adtun\u00adgen (\u2026)<br>\n  \u2013 Spiel\u00adpl\u00e4t\u00adze.<\/p><\/blockquote>\n<p>Ehr\u00adlich\u00adkeit ist im Jahr vor so einer Bun\u00addes\u00adtags\u00adwahl ja auch deut\u00adlich \u00fcber\u00adbe\u00adwer\u00adtet.<\/p>\n<p>Dass nun aber H\u00e4n\u00adde\u00adsch\u00fct\u00adteln und Got\u00adtes\u00addien\u00adste glei\u00adcher\u00adma\u00ad\u00dfen uner\u00adw\u00fcnscht sind, gef\u00e4llt mir gut. Ich w\u00fcr\u00adde dazu gern eine Peti\u00adti\u00adon zur dau\u00ader\u00adhaf\u00adten Auf\u00adrecht\u00aderhal\u00adtung ein\u00adrei\u00adchen. Wer w\u00fcr\u00adde mit\u00adma\u00adchen?<\/p>\n","protected":false},"excerpt":{"rendered":"<p>Es teil\u00adte das Bun\u00addes\u00admi\u00adni\u00adste\u00adri\u00adum f\u00fcr Gesund\u00adheit am 14. M\u00e4rz die\u00adses Jah\u00adres mah\u00adnend mit, man m\u00f6ge nicht auf \u201eFake News\u201c her\u00adein\u00adfal\u00adlen: Es wird behaup\u00adtet und rasch ver\u00adbrei\u00adtet, (\u2026) die Bun\u00addes\u00adre\u00adgie\u00adrung w\u00fcr\u00adde bald mas\u00adsi\u00adve wei\u00adte\u00adre Ein\u00adschr\u00e4n\u00adkun\u00adgen des \u00f6ffent\u00adli\u00adchen Lebens ank\u00fcn\u00addi\u00adgen. Das stimmt NICHT! Bit\u00adte hel\u00adfen Sie mit, ihre Ver\u00adbrei\u00adtung zu stop\u00adpen. Viel\u00admehr m\u00f6ge man: beson\u00adnen blei\u00adben und \u2026<\/p>\n<p><a href=\"https:\/\/tuxproject.de\/blog\/2020\/03\/niemand-hat-die-absicht\/\" class=\"more-link\">\u2018Nie\u00admand hat die Absicht.\u2019 wei\u00adter\u00adle\u00adsen \u00bb<\/a><\/p>\n","protected":false},"author":1,"featured_media":0,"comment_status":"open","ping_status":"open","sticky":false,"template":"","format":"standard","meta":{"wp_typography_post_enhancements_disabled":false,"footnotes":""},"categories":[13,4],"tags":[],"series":[],"class_list":["post-16728","post","type-post","status-publish","format-standard","hentry","category-in-den-nachrichten","category-politik"],"share_on_mastodon":{"url":"","error":""},"wp-worthy-pixel":{"ignored":false,"public":null,"server":null,"url":null},"wp-worthy-type":"normal","_links":{"self":[{"href":"https:\/\/tuxproject.de\/blog\/wp-json\/wp\/v2\/posts\/16728","targetHints":{"allow":["GET"]}}],"collection":[{"href":"https:\/\/tuxproject.de\/blog\/wp-json\/wp\/v2\/posts"}],"about":[{"href":"https:\/\/tuxproject.de\/blog\/wp-json\/wp\/v2\/types\/post"}],"author":[{"embeddable":true,"href":"https:\/\/tuxproject.de\/blog\/wp-json\/wp\/v2\/users\/1"}],"replies":[{"embeddable":true,"href":"https:\/\/tuxproject.de\/blog\/wp-json\/wp\/v2\/comments?post=16728"}],"version-history":[{"count":0,"href":"https:\/\/tuxproject.de\/blog\/wp-json\/wp\/v2\/posts\/16728\/revisions"}],"wp:attachment":[{"href":"https:\/\/tuxproject.de\/blog\/wp-json\/wp\/v2\/media?parent=16728"}],"wp:term":[{"taxonomy":"category","embeddable":true,"href":"https:\/\/tuxproject.de\/blog\/wp-json\/wp\/v2\/categories?post=16728"},{"taxonomy":"post_tag","embeddable":true,"href":"https:\/\/tuxproject.de\/blog\/wp-json\/wp\/v2\/tags?post=16728"},{"taxonomy":"series","embeddable":true,"href":"https:\/\/tuxproject.de\/blog\/wp-json\/wp\/v2\/series?post=16728"}],"curies":[{"name":"wp","href":"https:\/\/api.w.org\/{rel}","templated":true}]}}