{"id":16543,"date":"2020-02-08T16:39:59","date_gmt":"2020-02-08T15:39:59","guid":{"rendered":"https:\/\/tuxproject.de\/blog\/?p=16543"},"modified":"2020-02-08T16:39:59","modified_gmt":"2020-02-08T15:39:59","slug":"thuer-2","status":"publish","type":"post","link":"https:\/\/tuxproject.de\/blog\/2020\/02\/thuer-2\/","title":{"rendered":"Th\u00fcr- (2)"},"content":{"rendered":"<p>\u00dcber Th\u00fc\u00adrin\u00adgen zu reden ist noch immer ohne Reiz f\u00fcr mich, daher m\u00f6ch\u00adte ich statt\u00addes\u00adsen in die ande\u00adre Him\u00admels\u00adrich\u00adtung gucken, n\u00e4m\u00adlich <a href=\"https:\/\/www.handelsblatt.com\/politik\/international\/kommissionspraesidentin-heckenschuetzen-im-eigenen-lager-viele-christdemokraten-stimmten-gegen-von-der-leyen\/24670492.html\">ins Euro\u00adp\u00e4i\u00adsche Par\u00adla\u00adment:<\/a><\/p>\n<blockquote><p>Ihren Wahl\u00adsieg hat Ursu\u00adla von der Ley\u00aden vor allem den Rechts\u00adpo\u00adpu\u00adli\u00adsten zu ver\u00addan\u00adken. Denn die Stim\u00admen aus den pro\u00adeu\u00adro\u00adp\u00e4i\u00adschen Frak\u00adtio\u00adnen hat\u00adten nicht f\u00fcr eine Mehr\u00adheit gereicht.<\/p><\/blockquote>\n<p>Ist es nicht ein be\u00e4ng\u00adsti\u00adgen\u00adder Gedan\u00adke, wenn deut\u00adsche Poli\u00adti\u00adker mit den Stim\u00admen von Rechts\u00adpo\u00adpu\u00adli\u00adsten in hohe Par\u00adtei- (die Pr\u00e4\u00adsi\u00adden\u00adtin der Euro\u00adp\u00e4i\u00adschen Kom\u00admis\u00adsi\u00adon ist qua Amt Mit\u00adglied des CDU-Bun\u00addes\u00advor\u00adstands) oder gar Staats\u00adpo\u00adsi\u00adtio\u00adnen gelan\u00adgen? Zum Gl\u00fcck hat sie sich unter dem Ein\u00addruck der an ihr ge\u00fcb\u00adten Kri\u00adtik schnell rich\u00adtig ent\u00adschie\u00adden und das Amt <del>nicht<\/del> abge\u00adlegt. Sonst w\u00fcr\u00adde das am Ende noch Schu\u00adle machen.<\/p>\n","protected":false},"excerpt":{"rendered":"<p>\u00dcber Th\u00fc\u00adrin\u00adgen zu reden ist noch immer ohne Reiz f\u00fcr mich, daher m\u00f6ch\u00adte ich statt\u00addes\u00adsen in die ande\u00adre Him\u00admels\u00adrich\u00adtung gucken, n\u00e4m\u00adlich ins Euro\u00adp\u00e4i\u00adsche Par\u00adla\u00adment: Ihren Wahl\u00adsieg hat Ursu\u00adla von der Ley\u00aden vor allem den Rechts\u00adpo\u00adpu\u00adli\u00adsten zu ver\u00addan\u00adken. Denn die Stim\u00admen aus den pro\u00adeu\u00adro\u00adp\u00e4i\u00adschen Frak\u00adtio\u00adnen hat\u00adten nicht f\u00fcr eine Mehr\u00adheit gereicht. Ist es nicht ein be\u00e4ng\u00adsti\u00adgen\u00adder \u2026<\/p>\n<p><a href=\"https:\/\/tuxproject.de\/blog\/2020\/02\/thuer-2\/\" class=\"more-link\">\u2018Th\u00fcr- (2)\u2019 wei\u00adter\u00adle\u00adsen \u00bb<\/a><\/p>\n","protected":false},"author":1,"featured_media":0,"comment_status":"open","ping_status":"open","sticky":false,"template":"","format":"standard","meta":{"wp_typography_post_enhancements_disabled":false,"footnotes":""},"categories":[4],"tags":[],"series":[],"class_list":["post-16543","post","type-post","status-publish","format-standard","hentry","category-politik"],"share_on_mastodon":{"url":"","error":""},"wp-worthy-pixel":{"ignored":false,"public":null,"server":null,"url":null},"wp-worthy-type":"normal","_links":{"self":[{"href":"https:\/\/tuxproject.de\/blog\/wp-json\/wp\/v2\/posts\/16543","targetHints":{"allow":["GET"]}}],"collection":[{"href":"https:\/\/tuxproject.de\/blog\/wp-json\/wp\/v2\/posts"}],"about":[{"href":"https:\/\/tuxproject.de\/blog\/wp-json\/wp\/v2\/types\/post"}],"author":[{"embeddable":true,"href":"https:\/\/tuxproject.de\/blog\/wp-json\/wp\/v2\/users\/1"}],"replies":[{"embeddable":true,"href":"https:\/\/tuxproject.de\/blog\/wp-json\/wp\/v2\/comments?post=16543"}],"version-history":[{"count":0,"href":"https:\/\/tuxproject.de\/blog\/wp-json\/wp\/v2\/posts\/16543\/revisions"}],"wp:attachment":[{"href":"https:\/\/tuxproject.de\/blog\/wp-json\/wp\/v2\/media?parent=16543"}],"wp:term":[{"taxonomy":"category","embeddable":true,"href":"https:\/\/tuxproject.de\/blog\/wp-json\/wp\/v2\/categories?post=16543"},{"taxonomy":"post_tag","embeddable":true,"href":"https:\/\/tuxproject.de\/blog\/wp-json\/wp\/v2\/tags?post=16543"},{"taxonomy":"series","embeddable":true,"href":"https:\/\/tuxproject.de\/blog\/wp-json\/wp\/v2\/series?post=16543"}],"curies":[{"name":"wp","href":"https:\/\/api.w.org\/{rel}","templated":true}]}}