{"id":16461,"date":"2020-01-28T10:35:43","date_gmt":"2020-01-28T09:35:43","guid":{"rendered":"https:\/\/tuxproject.de\/blog\/?p=16461"},"modified":"2020-01-28T11:58:15","modified_gmt":"2020-01-28T10:58:15","slug":"ueber-wohlstand","status":"publish","type":"post","link":"https:\/\/tuxproject.de\/blog\/2020\/01\/ueber-wohlstand\/","title":{"rendered":"\u00dcber Wohl\u00adstand"},"content":{"rendered":"<p><img loading=\"lazy\" decoding=\"async\" src=\"https:\/\/tuxproject.de\/blog\/wp-content\/uploads\/2020\/01\/Intelligenz.jpg\" title=\"Aus: Max Goldt, &quot;Die Chefin verzichtet&quot;\" alt=\"Den h\u00f6chst ungl\u00fccklichen Zustand, da\u00df einem die Intelligenz nichts einbringt als \u00dcberlegenheitsgef\u00fchle, habe ich vor mindestens zwanzig Jahren \u00fcberwunden. Es ist nicht mein Problem, da\u00df SIE das nicht merken.\" width=\"1589\" height=\"372\" class=\"alignnone size-full wp-image-16462\" srcset=\"https:\/\/tuxproject.de\/blog\/wp-content\/uploads\/2020\/01\/Intelligenz.jpg 1589w, https:\/\/tuxproject.de\/blog\/wp-content\/uploads\/2020\/01\/Intelligenz-300x70.jpg 300w, https:\/\/tuxproject.de\/blog\/wp-content\/uploads\/2020\/01\/Intelligenz-1024x240.jpg 1024w, https:\/\/tuxproject.de\/blog\/wp-content\/uploads\/2020\/01\/Intelligenz-120x28.jpg 120w, https:\/\/tuxproject.de\/blog\/wp-content\/uploads\/2020\/01\/Intelligenz-768x180.jpg 768w, https:\/\/tuxproject.de\/blog\/wp-content\/uploads\/2020\/01\/Intelligenz-1536x360.jpg 1536w, https:\/\/tuxproject.de\/blog\/wp-content\/uploads\/2020\/01\/Intelligenz-730x171.jpg 730w\" sizes=\"auto, (max-width: 1589px) 100vw, 1589px\"><\/p>\n<hr>\n<p>Dass bei \u201eFri\u00addays For Future\u201c wie bei jeder nam\u00adhaf\u00adten Mas\u00adsen\u00adver\u00adan\u00adstal\u00adtung auch zahl\u00adrei\u00adche men\u00adtal Defek\u00adte zuge\u00adgen sind, beleg\u00adte erst gestern wie\u00adder ein Kan\u00addi\u00addat der Ham\u00adbur\u00adger \u201eLin\u00adken\u201c zur kom\u00admen\u00adden B\u00fcr\u00adger\u00adschafts\u00adwahl, der p\u00fcnkt\u00adlich zum Jah\u00adres\u00adtag <a href=\"https:\/\/tomradtke.de\/posts\/20200127-auschwitz\/\">blogg\u00adte<\/a> (Archiv\u00adver\u00adsi\u00adon gegen <a href=\"https:\/\/twitter.com\/DieLinke_HH\/status\/1222078859002241025\">\u00fcber\u00adra\u00adschen\u00addes<\/a> Ver\u00adschwin\u00adden <a href=\"https:\/\/archive.ph\/ZdBGi\">hier<\/a>) und <em>nat\u00fcr\u00adlich<\/em> auch <a href=\"https:\/\/threadreaderapp.com\/thread\/1221881742082048000.html\">twit\u00adter\u00adte<\/a>, ein \u201eKli\u00adma\u00adho\u00adlo\u00adcaust\u201c dro\u00adhe; der Holo\u00adcaust sei au\u00dfer\u00addem \u201eeines der gr\u00f6\u00df\u00adten Ver\u00adbre\u00adchen\u201c im Welt\u00adkrieg gewe\u00adsen. Lei\u00adder wur\u00adde kei\u00adne Rang\u00adli\u00adste der gr\u00f6\u00df\u00adten Ver\u00adbre\u00adchen bei\u00adgef\u00fcgt. Ein nen\u00adnens\u00adwer\u00adter Vor\u00adwurf an \u201edie Nazis\u201c sei es \u00fcber\u00addies, dass ihre Pan\u00adzer \u201erie\u00adsi\u00adge Men\u00adgen an CO2 pro\u00addu\u00adziert\u201c h\u00e4t\u00adten. Die\u00adses <em>Mit\u00admach\u00adin\u00adter\u00adnet<\/em> regt mich auf. <!--more-->Eine Wahl\u00ademp\u00adfeh\u00adlung gebe ich aber trotz\u00addem nicht ab. Ham\u00adburg ist zur\u00adzeit nicht mein Pro\u00adblem.<\/p>\n<p>Ist Inter\u00ades\u00adsier\u00adten auf dem ver\u00adlink\u00adten Blog noch etwas auf\u00adge\u00adfal\u00adlen? Nein, ich mei\u00adne nicht das <em>typi\u00adsche<\/em> \u201eDesign\u201c, das die obe\u00adre H\u00e4lf\u00adte des Brow\u00adser\u00adfen\u00adsters mit einem Grin\u00adse\u00adge\u00adsicht und \u2013 <a href=\"https:\/\/twitter.com\/fff_hamburg\/status\/1221941103387168768\">jeden\u00adfalls <em>noch<\/em><\/a> \u2013 einem Fri\u00addays-for-Future-Logo voll\u00adpla\u00adka\u00adtiert. Aus\u00adnahms\u00adwei\u00adse mei\u00adne ich auch nicht den gram\u00adma\u00adti\u00adka\u00adli\u00adschen Faux\u00adpas, von \u201ein 2020\u201c zu spre\u00adchen, wo \u201e2020\u201c nicht nur rich\u00adtig w\u00e4re, son\u00addern au\u00dfer\u00addem v\u00f6l\u00adlig gen\u00fc\u00adgen w\u00fcr\u00adde. Nein, ich mei\u00adne das <a href=\"https:\/\/tuxproject.de\/blog\/wp-content\/uploads\/2020\/01\/20200127-auschwitz.png\">ein\u00adge\u00adbun\u00adde\u00adne Bild<\/a>, das wohl von der Agen\u00adtur \u201eAP\u201c (Asso\u00adcia\u00adted Press) \u00fcber\u00adnom\u00admen wur\u00adde. Zu sehen sind, ganz im Dien\u00adste der <em>diver\u00adsi\u00adty<\/em>, vier wei\u00ad\u00dfe Kli\u00adma\u00adak\u00adti\u00advi\u00adstin\u00adnen, dar\u00adun\u00adter Gre\u00adta Thun\u00adberg und Lui\u00adsa Neu\u00adbau\u00ader, ihrer\u00adseits eine Toch\u00adter aus <del>gutem<\/del> rei\u00adchem Hau\u00adse mit deut\u00adli\u00adchem Gr\u00fcn\u00adstich. Das bil\u00adde die <em>Bewe\u00adgung<\/em> doch ganz gut ab, k\u00f6nn\u00adte man anneh\u00admen.<\/p>\n<p>Man gestat\u00adte mir einen per\u00ads\u00f6n\u00adli\u00adchen Exkurs. Ich wuchs als Kind einer Arbei\u00adter\u00adfa\u00admi\u00adlie auf, Reich\u00adtum habe ich lan\u00adge Zeit nicht gekannt. Statt\u00addes\u00adsen habe ich von mei\u00adnen kriegs\u00ader\u00adfah\u00adre\u00adnen Gro\u00df\u00adel\u00adtern und hart arbei\u00adten\u00adden Eltern schon fr\u00fch gelernt, dass es bereits als Wohl\u00adstand gilt, in Frie\u00adden zu leben und sich sowohl sein Bett als auch sein Mit\u00adtag\u00adessen lei\u00adsten zu k\u00f6n\u00adnen, ohne Angst vor dem n\u00e4ch\u00adsten Tag haben zu m\u00fcs\u00adsen. Dass sich mein Ver\u00adh\u00e4lt\u00adnis zum Kapi\u00adtal seit\u00addem zu einem freund\u00adschaft\u00adli\u00adchen ent\u00adwickelt hat, ist als Zufall zu wer\u00adten und los\u00adge\u00adl\u00f6st davon zu betrach\u00adten. Sicher\u00adlich bedeu\u00adtet Wohl\u00adstand f\u00fcr Men\u00adschen aus ande\u00adren sozia\u00adlen <em>Milieus<\/em> als dem mei\u00adnen etwas ande\u00adres; ich selbst bin als <em>Wohl\u00adstands\u00adkind<\/em> (die sozia\u00adle Schicht, nicht die \u2013 wenn auch gute \u2013 Band) in einem sol\u00adchen auf\u00adge\u00adwach\u00adsen, der zwar kei\u00adner finan\u00adzi\u00adel\u00adlen, wohl aber einer diplo\u00adma\u00adti\u00adschen Natur ent\u00adspringt: Au\u00dfer <em>dem Iwan<\/em> woll\u00adte mir als Kind, wie Nach\u00adrich\u00adten aus jener Zeit glaub\u00adhaft (aber ver\u00adgeb\u00adlich) zu ver\u00adsi\u00adchern ver\u00adsu\u00adchen, kei\u00adner ans Leder. Es h\u00e4t\u00adte schlim\u00admer kom\u00admen k\u00f6n\u00adnen, ich h\u00e4t\u00adte zum Bei\u00adspiel in einem Staat wie Ugan\u00adda auf\u00adwach\u00adsen k\u00f6n\u00adnen.<\/p>\n<p>Statt\u00addes\u00adsen ist dort, in einem der \u00e4rm\u00adsten Staa\u00adten der Welt, Vanes\u00adsa Naka\u00adte auf\u00adge\u00adwach\u00adsen. Mit 23 Jah\u00adren ist sie ver\u00admut\u00adlich zu jung, um sich selbst an Idi Amin zu erin\u00adnern, aber davon aus\u00adzu\u00adge\u00adhen, dass sie eine aus euro\u00adzen\u00adtri\u00adscher Sicht von sozia\u00adlem und finan\u00adzi\u00adel\u00adlem Wohl\u00adstand gepr\u00e4g\u00adte Kind\u00adheit hat\u00adte, w\u00e4re den\u00adnoch nicht ange\u00admes\u00adsen. Vanes\u00adsa Naka\u00adte habe, teilt <a href=\"https:\/\/observer.ug\/lifestyle\/60884-22-year-old-nakate-takes-on-lone-climate-fight\">das Inter\u00adnet<\/a> mit, im Janu\u00adar 2019 in ihrem Hei\u00admat\u00adland ein BWL-Stu\u00addi\u00adum abge\u00adschlos\u00adsen und danach mit dem Aus\u00adrich\u00adten von \u201eKli\u00adma\u00adstreiks\u201c nach schwe\u00addi\u00adschem Vor\u00adbild begon\u00adnen. Was will man mit einem BWL-Stu\u00addi\u00adum auch sonst anfan\u00adgen?<\/p>\n<p>Wie sich das f\u00fcr eine auf\u00adstre\u00adben\u00adde Akti\u00advi\u00adstin, Spre\u00adche\u00adrin und auch sonst Nicht\u00adviel\u00adtue\u00adrin schon aus Gr\u00fcn\u00adden der <em>street cre\u00addi\u00adbi\u00adli\u00adty<\/em> geh\u00f6rt, rei\u00adste Vanes\u00adsa Naka\u00adte gemein\u00adsam mit weni\u00adgen ande\u00adren Vor\u00adzei\u00adge\u00adper\u00ads\u00f6n\u00adchen aus dem \u201eKlimastreik\u201c-Umfeld nach Davos; mut\u00adma\u00df\u00adlich, um dort Donald Trump anzu\u00adschrei\u00aden. Nun ist die Aus\u00adwahl an pres\u00adseh\u00adei\u00adni\u00adkom\u00adpa\u00adti\u00adblen Bild\u00adfor\u00adma\u00adten aber eine ver\u00adgleichs\u00adwei\u00adse klei\u00adne, so dass der \u201eAP\u201c-Fotograf nach dem Ablich\u00adten der f\u00fcnf Anstren\u00adgen\u00adden die Sche\u00adre ansetz\u00adte: Gre\u00adta Thun\u00adberg soll\u00adte gr\u00f6\u00ad\u00dfer drauf sein und das bl\u00f6\u00adde Geb\u00e4u\u00adde am lin\u00adken Bild\u00adrand ver\u00adschwin\u00adden, also schnitt er <a href=\"https:\/\/apnews.com\/6a853a81f34164ab85713e68a889976d\">Vanes\u00adsa Naka\u00adte raus.<\/a> Was in einer Welt, die \u201eK\u00f6p\u00adfe statt The\u00admen\u201c (hier: Gre\u00adta Thun\u00adberg und Lui\u00adsa Neu\u00adbau\u00ader) f\u00fcr eine ver\u00adn\u00fcnf\u00adti\u00adge For\u00adde\u00adrung an jed\u00adwel\u00adche Grup\u00adpe h\u00e4lt, weil sich K\u00f6p\u00adfe bes\u00adser ver\u00admark\u00adten las\u00adsen, kein gro\u00ad\u00dfes Pro\u00adblem dar\u00adstel\u00adlen soll\u00adte, wur\u00adde hier aber zum Poli\u00adti\u00adkum, weil die ein\u00adzi\u00adge Afri\u00adka\u00adne\u00adrin <em>unsicht\u00adbar gemacht<\/em> wur\u00adde. Man sol\u00adle nicht auf Haut\u00adfar\u00adben ach\u00adten, beschw\u00f6\u00adren \u201ePro\u00adgres\u00adsi\u00adve\u201c seit lan\u00adger Zeit, aber man m\u00f6ge doch eine Aus\u00adnah\u00adme machen, wenn mal einer eine ande\u00adre Haut\u00adfar\u00adbe hat als die ande\u00adren. <em>Aus\u00adge\u00adrech\u00adnet<\/em> \u201eBuzzFeed News\u201c teil\u00adte Vanes\u00adsa Naka\u00adte <a href=\"https:\/\/www.buzzfeednews.com\/article\/ikrd\/vanessa-nakate-greta-thunberg-davos\">ihre Ent\u00adt\u00e4u\u00adschung mit:<\/a> Das Nicht\u00adauf\u00adtau\u00adchen auf dem ver\u00ad\u00f6f\u00adfent\u00adlich\u00adten Foto sei \u201ethe worst thing I have ever seen in my life\u201c, also das Schlimm\u00adste, was ihr je wider\u00adfah\u00adren sei.<\/p>\n<p>Den ersten Reflex, \u00fcber\u00adall gleich Ras\u00adsis\u00admus zu sehen, wo blo\u00df bild\u00ad\u00e4s\u00adthe\u00adti\u00adsche \u00dcber\u00adle\u00adgun\u00adgen (bez\u00fcg\u00adlich des Geb\u00e4u\u00addes, nicht bez\u00fcg\u00adlich der Akti\u00advi\u00adstin) eine Rol\u00adle spiel\u00adten, m\u00f6ch\u00adte ich an die\u00adser Stel\u00adle gar nicht wei\u00adter behan\u00addeln. Statt\u00addes\u00adsen m\u00f6ch\u00adte ich eine Fra\u00adge stel\u00adlen. Wenn das Leben eines Euro\u00adp\u00e4\u00aders mit regel\u00adm\u00e4\u00ad\u00dfi\u00adgen war\u00admen Mahl\u00adzei\u00adten und einem gere\u00adgel\u00adten Ein\u00adkom\u00admen bereits, zum Bei\u00adspiel von mir, als \u201eWohl\u00adstand\u201c begrif\u00adfen wird: Wie viel ist es im Ver\u00adgleich zu einem Leben wert, des\u00adsen Schlimm\u00adstes es ist, auf einem Foto zu feh\u00adlen?<\/p>\n<hr>\n<p>Auch wit\u00adzig: <a href=\"https:\/\/www.handelsblatt.com\/meinung\/gastbeitraege\/gastkommentar-datenschutz-ist-ein-motor-fuer-die-digitalisierung\/25476918.html\">Beim \u201eHan\u00addels\u00adblatt\u201c<\/a>, des\u00adsen Web\u00adsite mehr Benut\u00adzer\u00adver\u00adfol\u00adgungs\u00adscripts ein\u00adzu\u00adbin\u00adden ver\u00adsucht als das FBI und des\u00adsen Web\u00adzu\u00adst\u00e4n\u00addi\u00adge einen beson\u00adders gesi\u00adcher\u00adten Brow\u00adser <a href=\"http:\/\/www.tamagothi.de\/2017\/03\/07\/warum-sehe-ich-handelsblatt-online-nicht\/\">aktiv bek\u00e4mp\u00adfen<\/a>, ist p\u00fcnkt\u00adlich zum dies\u00adj\u00e4h\u00adri\u00adgen Daten\u00adschutz\u00adtag zu lesen, Daten\u00adschutz sei \u201eein Motor f\u00fcr die Digi\u00adta\u00adli\u00adsie\u00adrung\u201c. Bleibt man bei die\u00adsem Sprach\u00adbild, so liegt das \u201eHan\u00addels\u00adblatt\u201c ver\u00admut\u00adlich als Total\u00adscha\u00adden irgend\u00adwo in einem mat\u00adschi\u00adgen Gra\u00adben am Stra\u00ad\u00dfen\u00adrand.<\/p>\n","protected":false},"excerpt":{"rendered":"<p>Dass bei \u201eFri\u00addays For Future\u201c wie bei jeder nam\u00adhaf\u00adten Mas\u00adsen\u00adver\u00adan\u00adstal\u00adtung auch zahl\u00adrei\u00adche men\u00adtal Defek\u00adte zuge\u00adgen sind, beleg\u00adte erst gestern wie\u00adder ein Kan\u00addi\u00addat der Ham\u00adbur\u00adger \u201eLin\u00adken\u201c zur kom\u00admen\u00adden B\u00fcr\u00adger\u00adschafts\u00adwahl, der p\u00fcnkt\u00adlich zum Jah\u00adres\u00adtag blogg\u00adte (Archiv\u00adver\u00adsi\u00adon gegen \u00fcber\u00adra\u00adschen\u00addes Ver\u00adschwin\u00adden hier) und nat\u00fcr\u00adlich auch twit\u00adter\u00adte, ein \u201eKli\u00adma\u00adho\u00adlo\u00adcaust\u201c dro\u00adhe; der Holo\u00adcaust sei au\u00dfer\u00addem \u201eeines der gr\u00f6\u00df\u00adten Ver\u00adbre\u00adchen\u201c im Welt\u00adkrieg \u2026<\/p>\n<p><a href=\"https:\/\/tuxproject.de\/blog\/2020\/01\/ueber-wohlstand\/\" class=\"more-link\">\u2018\u00dcber Wohl\u00adstand\u2019 wei\u00adter\u00adle\u00adsen \u00bb<\/a><\/p>\n","protected":false},"author":1,"featured_media":0,"comment_status":"open","ping_status":"open","sticky":false,"template":"","format":"standard","meta":{"wp_typography_post_enhancements_disabled":false,"footnotes":""},"categories":[1,8],"tags":[],"series":[],"class_list":["post-16461","post","type-post","status-publish","format-standard","hentry","category-persoenliches","category-netzfundstucke"],"share_on_mastodon":{"url":"","error":""},"wp-worthy-pixel":{"ignored":false,"public":null,"server":null,"url":null},"wp-worthy-type":"normal","_links":{"self":[{"href":"https:\/\/tuxproject.de\/blog\/wp-json\/wp\/v2\/posts\/16461","targetHints":{"allow":["GET"]}}],"collection":[{"href":"https:\/\/tuxproject.de\/blog\/wp-json\/wp\/v2\/posts"}],"about":[{"href":"https:\/\/tuxproject.de\/blog\/wp-json\/wp\/v2\/types\/post"}],"author":[{"embeddable":true,"href":"https:\/\/tuxproject.de\/blog\/wp-json\/wp\/v2\/users\/1"}],"replies":[{"embeddable":true,"href":"https:\/\/tuxproject.de\/blog\/wp-json\/wp\/v2\/comments?post=16461"}],"version-history":[{"count":0,"href":"https:\/\/tuxproject.de\/blog\/wp-json\/wp\/v2\/posts\/16461\/revisions"}],"wp:attachment":[{"href":"https:\/\/tuxproject.de\/blog\/wp-json\/wp\/v2\/media?parent=16461"}],"wp:term":[{"taxonomy":"category","embeddable":true,"href":"https:\/\/tuxproject.de\/blog\/wp-json\/wp\/v2\/categories?post=16461"},{"taxonomy":"post_tag","embeddable":true,"href":"https:\/\/tuxproject.de\/blog\/wp-json\/wp\/v2\/tags?post=16461"},{"taxonomy":"series","embeddable":true,"href":"https:\/\/tuxproject.de\/blog\/wp-json\/wp\/v2\/series?post=16461"}],"curies":[{"name":"wp","href":"https:\/\/api.w.org\/{rel}","templated":true}]}}