{"id":16285,"date":"2019-12-16T08:30:33","date_gmt":"2019-12-16T07:30:33","guid":{"rendered":"https:\/\/tuxproject.de\/blog\/?p=16285"},"modified":"2019-12-19T18:22:32","modified_gmt":"2019-12-19T17:22:32","slug":"brother-grimm-whos-calling-maennerbrueste-gegen-rechts","status":"publish","type":"post","link":"https:\/\/tuxproject.de\/blog\/2019\/12\/brother-grimm-whos-calling-maennerbrueste-gegen-rechts\/","title":{"rendered":"Brother Grimm \u2014 Who\u2019s Calling \/\/ M\u00e4nnerbr\u00fcste gegen Rechts!"},"content":{"rendered":"<p><a href=\"https:\/\/tuxproject.de\/blog\/wp-content\/uploads\/2019\/12\/Fiderallala.jpg\"><img loading=\"lazy\" decoding=\"async\" src=\"https:\/\/tuxproject.de\/blog\/wp-content\/uploads\/2019\/12\/Fiderallala-120x120.jpg\" alt=\"Fiderallala, fiderallala, fiderallalalala\" width=\"120\" height=\"120\" class=\"alignright size-thumbnail wp-image-16287\" srcset=\"https:\/\/tuxproject.de\/blog\/wp-content\/uploads\/2019\/12\/Fiderallala-120x120.jpg 120w, https:\/\/tuxproject.de\/blog\/wp-content\/uploads\/2019\/12\/Fiderallala-300x300.jpg 300w, https:\/\/tuxproject.de\/blog\/wp-content\/uploads\/2019\/12\/Fiderallala-150x150.jpg 150w, https:\/\/tuxproject.de\/blog\/wp-content\/uploads\/2019\/12\/Fiderallala.jpg 480w\" sizes=\"auto, (max-width: 120px) 100vw, 120px\"><\/a>Es ist Mon\u00adtag. In K\u00f6ln wird die Ver\u00adwal\u00adtung <a href=\"https:\/\/www.stadt-koeln.de\/politik-und-verwaltung\/presse\/mitteilungen\/21266\/index.html\">hart gecy\u00adbert<\/a>, was kann da schon passieren? Immer\u00adhin geht es um eine Blockchain! In der Cloud! Ich habe gro\u00dfe Schmerzen und es ist ger\u00adade mal Kaf\u00adfee Uhr.<\/p>\n<p>Immer noch <a href=\"https:\/\/tuxproject.de\/blog\/2019\/07\/nippel-gegen-rechts\/\">BH-los gegen Rechts<\/a> sind <em>die Guten<\/em>: <a href=\"https:\/\/www.spieletipps.de\/n_44890\/\">\u201cUm beim Kampf gegen die extreme Rechte zu helfen, haben sich deutsche Entwick\u00adler nun f\u00fcr einen Kalen\u00adder aus\u00adge\u00adzo\u00adgen\u201d<\/a>, da w\u00e4hlt man doch aus Angst vor dem n\u00e4ch\u00adsten Schritt jet\u00adzt extra die CDU, die Nack\u00adtheit aus christlichen Gr\u00fcn\u00adden sicher\u00adlich gern ver\u00adbi\u00adeten w\u00fcrde, wenn man sie nur lie\u00dfe. \u00c4sthetik braucht manch\u00admal einen san\u00adften Schubs.<\/p>\n<p>Dazu passend wun\u00addert sich Axel Springers \u201cWELT\u201d, dass mit dem Wech\u00adsel der SPD-F\u00fchrungs\u00adgestal\u00adten \u2014 wie \u00fcblich eher von trau\u00adriger Clown\u00adsnatur \u2014 nicht auch <a href=\"https:\/\/twitter.com\/welt\/status\/1205837601690796032\">bessere Umfragew\u00aderte<\/a> f\u00fcr dieselbe Poli\u00adtik wie bish\u00ader ein\u00adherge\u00adhen. Ver\u00adr\u00fcckt: Fast k\u00f6n\u00adnte man meinen, das lei\u00adt\u00adende Per\u00adson\u00adal ein\u00ader \u201cPartei\u201d sei gar nicht ihr wichtig\u00adster Aspekt! Das dacht\u00aden sich wohl auch die Bran\u00adden\u00adburg\u00ader Schrei\u00adh\u00e4lse von \u201cFri\u00addays For Future\u201d: Kaum gibt man ihnen die M\u00f6glichkeit, aktiv an poli\u00adtis\u00adchen Entschei\u00addun\u00adgen mitzuwirken, bleiben sie <a href=\"https:\/\/twitter.com\/neythomas\/status\/1205747752291975168\">lieber weg.<\/a> Wer hat da gesagt, es gehe den Teil\u00adnehmern gar nicht um das Ergeb\u00adnis? Es kann nur eine Unke gewe\u00adsen sein!<\/p>\n<p>Zeit f\u00fcr etwas Musik (roman\u00adtisch):<\/p>\n<div class=\"lyte-wrapper-audio\" title=\"Who&amp;#039;s Calling\" style=\"width:1280px;max-width:100%;overflow:hidden;height:38px;margin:5px;\"><div class=\"lyMe lyte-audio\" id=\"WYL_-hFO-WIGT60\"><div id=\"lyte_-hFO-WIGT60\" data-src=\"https:\/\/tuxproject.de\/blog\/wp-content\/plugins\/wp-youtube-lyte\/lyteCache.php?origThumbUrl=https%3A%2F%2Fi.ytimg.com%2Fvi%2F-hFO-WIGT60%2Fhqdefault.jpg\" class=\"pL\"><div class=\"tC\"><div class=\"tT\">Who\u2019s Call\u00ading<\/div><\/div><div class=\"play\"><\/div><div class=\"ctrl\"><div class=\"Lctrl\"><\/div><div class=\"Rctrl\"><\/div><\/div><\/div><noscript><a href=\"https:\/\/youtu.be\/-hFO-WIGT60\" rel=\"nofollow\"><img loading=\"lazy\" decoding=\"async\" src=\"https:\/\/tuxproject.de\/blog\/wp-content\/plugins\/wp-youtube-lyte\/lyteCache.php?origThumbUrl=https%3A%2F%2Fi.ytimg.com%2Fvi%2F-hFO-WIGT60%2F0.jpg\" alt=\"Who&amp;#039;s Calling\" width=\"1280\" height=\"18\"><\/a><\/noscript><\/div><\/div><div class=\"lL\" style=\"max-width:100%;width:1280px;margin:5px;\"> <a href=\"https:\/\/youtu.be\/-hFO-WIGT60\" target=\"_blank\">Dieses Video auf YouTube anse\u00adhen<\/a>.<\/div>\n<p>Guten Mor\u00adgen.<\/p>\n","protected":false},"excerpt":{"rendered":"<p>Es ist Mon\u00adtag. In K\u00f6ln wird die Ver\u00adwal\u00adtung hart gecy\u00adbert, was kann da schon passieren? Immer\u00adhin geht es um eine Blockchain! In der Cloud! Ich habe gro\u00dfe Schmerzen und es ist ger\u00adade mal Kaf\u00adfee Uhr. Immer noch BH-los gegen Rechts sind die Guten: \u201cUm beim Kampf gegen die extreme Rechte zu helfen, haben sich deutsche \u2026<\/p>\n<p><a href=\"https:\/\/tuxproject.de\/blog\/2019\/12\/brother-grimm-whos-calling-maennerbrueste-gegen-rechts\/\" class=\"more-link\">\u2018Broth\u00ader Grimm \u2014 Who\u2019s Call\u00ading \/\/ M\u00e4n\u00adner\u00adbr\u00fcste gegen Rechts!\u2019 weit\u00ader\u00adlesen \u00bb<\/a><\/p>\n","protected":false},"author":1,"featured_media":0,"comment_status":"open","ping_status":"open","sticky":false,"template":"","format":"standard","meta":{"wp_typography_post_enhancements_disabled":false,"footnotes":""},"categories":[32,13],"tags":[],"series":[],"class_list":["post-16285","post","type-post","status-publish","format-standard","hentry","category-montagsmusik","category-in-den-nachrichten"],"share_on_mastodon":{"url":"","error":""},"wp-worthy-pixel":{"ignored":false,"public":null,"server":null,"url":null},"wp-worthy-type":"normal","_links":{"self":[{"href":"https:\/\/tuxproject.de\/blog\/wp-json\/wp\/v2\/posts\/16285","targetHints":{"allow":["GET"]}}],"collection":[{"href":"https:\/\/tuxproject.de\/blog\/wp-json\/wp\/v2\/posts"}],"about":[{"href":"https:\/\/tuxproject.de\/blog\/wp-json\/wp\/v2\/types\/post"}],"author":[{"embeddable":true,"href":"https:\/\/tuxproject.de\/blog\/wp-json\/wp\/v2\/users\/1"}],"replies":[{"embeddable":true,"href":"https:\/\/tuxproject.de\/blog\/wp-json\/wp\/v2\/comments?post=16285"}],"version-history":[{"count":0,"href":"https:\/\/tuxproject.de\/blog\/wp-json\/wp\/v2\/posts\/16285\/revisions"}],"wp:attachment":[{"href":"https:\/\/tuxproject.de\/blog\/wp-json\/wp\/v2\/media?parent=16285"}],"wp:term":[{"taxonomy":"category","embeddable":true,"href":"https:\/\/tuxproject.de\/blog\/wp-json\/wp\/v2\/categories?post=16285"},{"taxonomy":"post_tag","embeddable":true,"href":"https:\/\/tuxproject.de\/blog\/wp-json\/wp\/v2\/tags?post=16285"},{"taxonomy":"series","embeddable":true,"href":"https:\/\/tuxproject.de\/blog\/wp-json\/wp\/v2\/series?post=16285"}],"curies":[{"name":"wp","href":"https:\/\/api.w.org\/{rel}","templated":true}]}}