{"id":16261,"date":"2019-12-05T23:41:53","date_gmt":"2019-12-05T22:41:53","guid":{"rendered":"https:\/\/tuxproject.de\/blog\/?p=16261"},"modified":"2019-12-05T23:41:53","modified_gmt":"2019-12-05T22:41:53","slug":"es-ist-wie-es-ist-weil-es-so-sein-muss-wie-es-sein-muss","status":"publish","type":"post","link":"https:\/\/tuxproject.de\/blog\/2019\/12\/es-ist-wie-es-ist-weil-es-so-sein-muss-wie-es-sein-muss\/","title":{"rendered":"\u201cEs ist, wie es ist, weil es so sein muss, wie es sein muss.\u201d"},"content":{"rendered":"<p>Heute ist Tag des Ehre\u00adnamts \u2014 unter den merk\u00adw\u00fcrdi\u00adgen Gedenk- und Aktion\u00adsta\u00adgen dieses Lan\u00addes sicher\u00adlich ein\u00ader, der inhaltliche Beach\u00adtung ver\u00addi\u00adent h\u00e4tte. Wie es sich f\u00fcr eine <del>anst\u00e4ndi\u00adge Net\u00adz\u00adpartei<\/del> <del>mod\u00aderne Fortschrittspartei<\/del> ali\u00adbisoziale Quatsch\u00adpartei geh\u00f6rt, hat die Piraten\u00adpartei Deutsch\u00adland, anderen Piraten\u00adparteien aus gutem Grund oft eher pein\u00adlich, zwei Mit\u00adglieder des Bun\u00addesvor\u00adstands <a href=\"https:\/\/www.piratenpartei.de\/2019\/12\/04\/zum-tag-des-ehrenamts-piraten-fordern-weiterentwicklung-des-sozialsystems\/\">dar\u00fcber referieren<\/a> lassen, wie man diesem Tag poli\u00adtisch am besten begeg\u00adnen k\u00f6nne.<\/p>\n<p>Daniel M\u00f6nch, zum zweit\u00aden Mal poli\u00adtis\u00adch\u00ader Gesch\u00e4fts\u00adf\u00fchrer der an Deplatzierten nicht armen Partei, wei\u00df dazu:<\/p>\n<blockquote><p>Kinder\u00aderziehung oder die Pflege von Ange\u00adh\u00f6ri\u00adgen (\u2026) f\u00fchren aber dazu, dass Men\u00adschen, und hier \u00fcber\u00adwiegend Frauen, (\u2026) Nachteile in der Altersver\u00adsorgung hin\u00adnehmen m\u00fcssen. Vor allem mit Hin\u00adblick auf eine Gesellschaft, die durch den dig\u00adi\u00adtal\u00aden Wan\u00addel in den n\u00e4ch\u00adsten Jahren eine enorme Ver\u00e4n\u00adderung erfahren wird, m\u00fcssen wir den Begriff Arbeit neu definieren, weg von der Lohnar\u00adbeit hin zu dem, was unser Zusam\u00admen\u00adleben st\u00e4rkt und zusam\u00admen h\u00e4lt. Deshalb set\u00adzten wir PIRATEN uns ein f\u00fcr die Ein\u00adf\u00fchrung eines Bedin\u00adgungslosen Grun\u00addeinkom\u00admens. Und das BGE wird kom\u00admen, weil es kom\u00admen muss.<\/p><\/blockquote>\n<p>Ich w\u00fcn\u00adschte wirk\u00adlich, mir fiele dazu noch eine Pointe ein.<\/p>\n","protected":false},"excerpt":{"rendered":"<p>Heute ist Tag des Ehre\u00adnamts \u2014 unter den merk\u00adw\u00fcrdi\u00adgen Gedenk- und Aktion\u00adsta\u00adgen dieses Lan\u00addes sicher\u00adlich ein\u00ader, der inhaltliche Beach\u00adtung ver\u00addi\u00adent h\u00e4tte. Wie es sich f\u00fcr eine anst\u00e4ndi\u00adge Net\u00adz\u00adpartei mod\u00aderne Fortschrittspartei ali\u00adbisoziale Quatsch\u00adpartei geh\u00f6rt, hat die Piraten\u00adpartei Deutsch\u00adland, anderen Piraten\u00adparteien aus gutem Grund oft eher pein\u00adlich, zwei Mit\u00adglieder des Bun\u00addesvor\u00adstands dar\u00fcber referieren lassen, wie man diesem \u2026<\/p>\n<p><a href=\"https:\/\/tuxproject.de\/blog\/2019\/12\/es-ist-wie-es-ist-weil-es-so-sein-muss-wie-es-sein-muss\/\" class=\"more-link\">\u2018\u201cEs ist, wie es ist, weil es so sein muss, wie es sein muss.\u201d\u2019 weit\u00ader\u00adlesen \u00bb<\/a><\/p>\n","protected":false},"author":1,"featured_media":0,"comment_status":"open","ping_status":"open","sticky":false,"template":"","format":"standard","meta":{"wp_typography_post_enhancements_disabled":false,"footnotes":""},"categories":[8,20,37],"tags":[],"series":[],"class_list":["post-16261","post","type-post","status-publish","format-standard","hentry","category-netzfundstucke","category-piratenpartei","category-mir-wird-geschlecht"],"share_on_mastodon":{"url":"","error":""},"wp-worthy-pixel":{"ignored":false,"public":null,"server":null,"url":null},"wp-worthy-type":"normal","_links":{"self":[{"href":"https:\/\/tuxproject.de\/blog\/wp-json\/wp\/v2\/posts\/16261","targetHints":{"allow":["GET"]}}],"collection":[{"href":"https:\/\/tuxproject.de\/blog\/wp-json\/wp\/v2\/posts"}],"about":[{"href":"https:\/\/tuxproject.de\/blog\/wp-json\/wp\/v2\/types\/post"}],"author":[{"embeddable":true,"href":"https:\/\/tuxproject.de\/blog\/wp-json\/wp\/v2\/users\/1"}],"replies":[{"embeddable":true,"href":"https:\/\/tuxproject.de\/blog\/wp-json\/wp\/v2\/comments?post=16261"}],"version-history":[{"count":0,"href":"https:\/\/tuxproject.de\/blog\/wp-json\/wp\/v2\/posts\/16261\/revisions"}],"wp:attachment":[{"href":"https:\/\/tuxproject.de\/blog\/wp-json\/wp\/v2\/media?parent=16261"}],"wp:term":[{"taxonomy":"category","embeddable":true,"href":"https:\/\/tuxproject.de\/blog\/wp-json\/wp\/v2\/categories?post=16261"},{"taxonomy":"post_tag","embeddable":true,"href":"https:\/\/tuxproject.de\/blog\/wp-json\/wp\/v2\/tags?post=16261"},{"taxonomy":"series","embeddable":true,"href":"https:\/\/tuxproject.de\/blog\/wp-json\/wp\/v2\/series?post=16261"}],"curies":[{"name":"wp","href":"https:\/\/api.w.org\/{rel}","templated":true}]}}