{"id":15575,"date":"2019-06-03T08:30:46","date_gmt":"2019-06-03T06:30:46","guid":{"rendered":"https:\/\/tuxproject.de\/blog\/?p=15575"},"modified":"2019-06-03T02:22:39","modified_gmt":"2019-06-03T00:22:39","slug":"lost-in-kiev-lifelooper","status":"publish","type":"post","link":"https:\/\/tuxproject.de\/blog\/2019\/06\/lost-in-kiev-lifelooper\/","title":{"rendered":"Lost in Kiev \u2013 Lifel\u00adoo\u00adper\u00ae"},"content":{"rendered":"<p><a href=\"https:\/\/tuxproject.de\/blog\/wp-content\/uploads\/2019\/06\/Erzaehlung.jpg\"><img loading=\"lazy\" decoding=\"async\" src=\"https:\/\/tuxproject.de\/blog\/wp-content\/uploads\/2019\/06\/Erzaehlung-120x90.jpg\" alt=\"Ich sehe aus, als erz\u00e4hlte ich eine sch\u00f6ne Geschichte, jedoch ist sie nicht zu h\u00f6ren, denn die Musik da unten ist zu laut.\" width=\"120\" height=\"90\" class=\"alignright size-thumbnail wp-image-15577\" srcset=\"https:\/\/tuxproject.de\/blog\/wp-content\/uploads\/2019\/06\/Erzaehlung-120x90.jpg 120w, https:\/\/tuxproject.de\/blog\/wp-content\/uploads\/2019\/06\/Erzaehlung-300x225.jpg 300w, https:\/\/tuxproject.de\/blog\/wp-content\/uploads\/2019\/06\/Erzaehlung.jpg 640w\" sizes=\"auto, (max-width: 120px) 100vw, 120px\"><\/a>Es ist Mon\u00adtag. In Han\u00adno\u00adver wur\u00adde <a href=\"https:\/\/enteignenjetzt.noblogs.org\/post\/2019\/05\/29\/leerstehendes-haus-am-klagesmarkt-in-hannover-besetzt\/\">ein Haus besetzt<\/a>, augen\u00adschein\u00adlich von Maso\u00adchi\u00adsten. Wer sonst m\u00f6ch\u00adte denn in einer Stadt woh\u00adnen, die aus\u00adsieht wie Han\u00adno\u00adver und noch nicht mal \u00fcber ein Pan\u00adda\u00adge\u00adhe\u00adge ver\u00adf\u00fcgt? Nie\u00admand, der in der EU wohnt!<\/p>\n<p>EU ist, wenn das Ergeb\u00adnis eines Volks\u00adent\u00adschei\u00addes, dass man k\u00fcnf\u00adtig <em>weni\u00adger<\/em> Auf\u00adwand trei\u00adben soll, wegen Dis\u00adkus\u00adsi\u00adons\u00adbe\u00addarfs auf unbe\u00adstimm\u00adte Zeit <a href=\"https:\/\/www.heise.de\/newsticker\/meldung\/Ende-der-Zeitumstellung-noch-in-weiter-Ferne-4436661.html\">ver\u00adscho\u00adben wird.<\/a> Da freut man sich doch \u00fcber jede Demo\u00adkra\u00adtie\u00adre\u00adform. Weni\u00adger Freu\u00adde gibt es im Par\u00adla\u00adment zu ver\u00admel\u00adden: Die SPD tauscht dem\u00adn\u00e4chst <em>schon wie\u00adder<\/em> ihre Vor\u00adsit\u00adzen\u00adde aus. Ich habe all\u00adm\u00e4h\u00adlich den Ver\u00addacht, dass die Unbe\u00adliebt\u00adheit der Par\u00adtei viel\u00adleicht gar nichts damit zu tun hat, wer ihren armen\u00adfeind\u00adli\u00adchen, aber kriegs\u00adfreund\u00adli\u00adchen Oppor\u00adtu\u00adnis\u00admus der\u00adzeit per\u00adso\u00adnell repr\u00e4\u00adsen\u00adtiert. <a href=\"https:\/\/web.archive.org\/web\/20190602140651\/https:\/\/www.deutschlandfunk.de\/richtungsdebatte-in-spd-scholz-schliesst-neuauflage-von.2932.de.html?drn:news_id=1013337\">Olaf Scholz<\/a> schlie\u00dft eine wei\u00adte\u00adre gro\u00ad\u00dfe Koali\u00adti\u00adon aus, als w\u00fcr\u00adde die SPD f\u00fcr eine sol\u00adche \u00fcber\u00adhaupt noch gefragt wer\u00adden.<\/p>\n<p>Die SPD-gef\u00fchr\u00adte Stadt Kiel hat inzwi\u00adschen in einem Anflug von Fata\u00adlis\u00admus den <em>Kli\u00adma\u00adnot\u00adstand<\/em> aus\u00adge\u00adru\u00adfen, das Kli\u00adma war <a href=\"https:\/\/twitter.com\/realMartinHagen\/status\/1134916492062068741\">nicht beein\u00addruckt.<\/a> War\u00adum noch irgend\u00adje\u00admand eine Par\u00adtei w\u00e4hlt, deren Jugend\u00ador\u00adga\u00adni\u00adsa\u00adti\u00adon den Sozia\u00adlis\u00admus hoch\u00adh\u00e4lt, erkl\u00e4rt ein Blick nach Vene\u00adzue\u00adla: Sozia\u00adlis\u00admus befrie\u00addet, denn <a href=\"https:\/\/www.independent.co.uk\/news\/world\/americas\/venezuela-gangs-gun-violence-bullets-expensive-inflation-a8932871.html\">Muni\u00adti\u00adon ist teu\u00ader.<\/a> \u2013 Apro\u00adpos Muni\u00adti\u00adon: Das skru\u00adpel\u00adlo\u00adse Unter\u00adneh\u00admen Goog\u00adle w\u00fcr\u00adde gern k\u00fcnf\u00adtig noch mehr Geld damit ver\u00addie\u00adnen, die Nut\u00adzung des Webs mit Rekla\u00adme zu ver\u00adg\u00e4l\u00adlen, und macht daher Ent\u00adwick\u00adlern von Rekla\u00adme\u00adblocka\u00adden <a href=\"https:\/\/9to5google.com\/2019\/05\/29\/chrome-ad-blocking-enterprise-manifest-v3\/\">das Leben schwer.<\/a> Jemand soll\u00adte wirk\u00adlich mal einen zwei\u00adten Brow\u00adser pro\u00adgram\u00admie\u00adren.<\/p>\n<p>\u00dcber\u00adrascht stellt <em>das Inter\u00adnet<\/em> fest, dass es auf Face\u00adbook <a href=\"https:\/\/www.golem.de\/news\/sammelklage-nutzer-koennen-laut-facebook-keine-privatsphaere-erwarten-1906-141630.html\">kei\u00adne Pri\u00advat\u00adsph\u00e4\u00adre<\/a> zu erwar\u00adten gibt. Was es hier und heu\u00adte statt\u00addes\u00adsen zu erwar\u00adten gibt, ist Musik.<\/p>\n<div class=\"lyte-wrapper\" title=\"LOST IN KYIV - Lifelooper\u00ae (Official Video)\" style=\"width:1280px;max-width:100%;margin:5px;\"><div class=\"lyMe\" id=\"WYL_DAD5ZY-gBLs\"><div id=\"lyte_DAD5ZY-gBLs\" data-src=\"https:\/\/tuxproject.de\/blog\/wp-content\/plugins\/wp-youtube-lyte\/lyteCache.php?origThumbUrl=https%3A%2F%2Fi.ytimg.com%2Fvi%2FDAD5ZY-gBLs%2Fhqdefault.jpg\" class=\"pL\"><div class=\"tC\"><div class=\"tT\">LOST IN KYIV \u2013 Lifel\u00adoo\u00adper\u00ae (Offi\u00adci\u00adal Video)<\/div><\/div><div class=\"play\"><\/div><div class=\"ctrl\"><div class=\"Lctrl\"><\/div><div class=\"Rctrl\"><\/div><\/div><\/div><noscript><a href=\"https:\/\/youtu.be\/DAD5ZY-gBLs\" rel=\"nofollow\"><img loading=\"lazy\" decoding=\"async\" src=\"https:\/\/tuxproject.de\/blog\/wp-content\/plugins\/wp-youtube-lyte\/lyteCache.php?origThumbUrl=https%3A%2F%2Fi.ytimg.com%2Fvi%2FDAD5ZY-gBLs%2F0.jpg\" alt=\"LOST IN KYIV - Lifelooper\u00ae (Official Video)\" width=\"1280\" height=\"700\"><\/a><\/noscript><\/div><\/div><div class=\"lL\" style=\"max-width:100%;width:1280px;margin:5px;\"> <a href=\"https:\/\/youtu.be\/DAD5ZY-gBLs\" target=\"_blank\">Die\u00adses Video auf You\u00adTube anse\u00adhen<\/a>.<\/div>\n<p>Guten Mor\u00adgen.<\/p>\n","protected":false},"excerpt":{"rendered":"<p>Es ist Mon\u00adtag. In Han\u00adno\u00adver wur\u00adde ein Haus besetzt, augen\u00adschein\u00adlich von Maso\u00adchi\u00adsten. Wer sonst m\u00f6ch\u00adte denn in einer Stadt woh\u00adnen, die aus\u00adsieht wie Han\u00adno\u00adver und noch nicht mal \u00fcber ein Pan\u00adda\u00adge\u00adhe\u00adge ver\u00adf\u00fcgt? Nie\u00admand, der in der EU wohnt! EU ist, wenn das Ergeb\u00adnis eines Volks\u00adent\u00adschei\u00addes, dass man k\u00fcnf\u00adtig weni\u00adger Auf\u00adwand trei\u00adben soll, wegen Dis\u00adkus\u00adsi\u00adons\u00adbe\u00addarfs auf \u2026<\/p>\n<p><a href=\"https:\/\/tuxproject.de\/blog\/2019\/06\/lost-in-kiev-lifelooper\/\" class=\"more-link\">\u2018Lost in Kiev \u2013 Lifel\u00adoo\u00adper\u00ae\u2019 wei\u00adter\u00adle\u00adsen \u00bb<\/a><\/p>\n","protected":false},"author":1,"featured_media":0,"comment_status":"open","ping_status":"open","sticky":false,"template":"","format":"standard","meta":{"wp_typography_post_enhancements_disabled":false,"footnotes":""},"categories":[13,32],"tags":[],"series":[],"class_list":["post-15575","post","type-post","status-publish","format-standard","hentry","category-in-den-nachrichten","category-montagsmusik"],"share_on_mastodon":{"url":"","error":""},"wp-worthy-pixel":{"ignored":false,"public":null,"server":null,"url":null},"wp-worthy-type":"normal","_links":{"self":[{"href":"https:\/\/tuxproject.de\/blog\/wp-json\/wp\/v2\/posts\/15575","targetHints":{"allow":["GET"]}}],"collection":[{"href":"https:\/\/tuxproject.de\/blog\/wp-json\/wp\/v2\/posts"}],"about":[{"href":"https:\/\/tuxproject.de\/blog\/wp-json\/wp\/v2\/types\/post"}],"author":[{"embeddable":true,"href":"https:\/\/tuxproject.de\/blog\/wp-json\/wp\/v2\/users\/1"}],"replies":[{"embeddable":true,"href":"https:\/\/tuxproject.de\/blog\/wp-json\/wp\/v2\/comments?post=15575"}],"version-history":[{"count":0,"href":"https:\/\/tuxproject.de\/blog\/wp-json\/wp\/v2\/posts\/15575\/revisions"}],"wp:attachment":[{"href":"https:\/\/tuxproject.de\/blog\/wp-json\/wp\/v2\/media?parent=15575"}],"wp:term":[{"taxonomy":"category","embeddable":true,"href":"https:\/\/tuxproject.de\/blog\/wp-json\/wp\/v2\/categories?post=15575"},{"taxonomy":"post_tag","embeddable":true,"href":"https:\/\/tuxproject.de\/blog\/wp-json\/wp\/v2\/tags?post=15575"},{"taxonomy":"series","embeddable":true,"href":"https:\/\/tuxproject.de\/blog\/wp-json\/wp\/v2\/series?post=15575"}],"curies":[{"name":"wp","href":"https:\/\/api.w.org\/{rel}","templated":true}]}}