{"id":15491,"date":"2019-05-20T08:30:47","date_gmt":"2019-05-20T06:30:47","guid":{"rendered":"https:\/\/tuxproject.de\/blog\/?p=15491"},"modified":"2022-06-19T03:09:39","modified_gmt":"2022-06-19T01:09:39","slug":"gong-forever-recurring","status":"publish","type":"post","link":"https:\/\/tuxproject.de\/blog\/2019\/05\/gong-forever-recurring\/","title":{"rendered":"Gong \u2013 Fore\u00adver Recur\u00adring"},"content":{"rendered":"<p><a href=\"https:\/\/tuxproject.de\/blog\/wp-content\/uploads\/2019\/05\/Orrr.jpg\"><img loading=\"lazy\" decoding=\"async\" src=\"https:\/\/tuxproject.de\/blog\/wp-content\/uploads\/2019\/05\/Orrr-120x90.jpg\" alt=\"Orrr!\" width=\"120\" height=\"90\" class=\"alignright size-thumbnail wp-image-15492\" srcset=\"https:\/\/tuxproject.de\/blog\/wp-content\/uploads\/2019\/05\/Orrr-120x90.jpg 120w, https:\/\/tuxproject.de\/blog\/wp-content\/uploads\/2019\/05\/Orrr-300x224.jpg 300w, https:\/\/tuxproject.de\/blog\/wp-content\/uploads\/2019\/05\/Orrr-768x574.jpg 768w, https:\/\/tuxproject.de\/blog\/wp-content\/uploads\/2019\/05\/Orrr-730x545.jpg 730w, https:\/\/tuxproject.de\/blog\/wp-content\/uploads\/2019\/05\/Orrr.jpg 964w\" sizes=\"auto, (max-width: 120px) 100vw, 120px\"><\/a>Es ist Mon\u00adtag. Am ver\u00adgan\u00adge\u00adnen Wochen\u00aden\u00adde fan\u00adden zu vie\u00adle Men\u00adschen Gefal\u00adlen an einem in einem sehr \u00e4rger\u00adli\u00adchen Staat statt\u00adge\u00adfun\u00adden haben\u00adden Dudel\u00adpop\u00adwett\u00adstreit, der inzwi\u00adschen sogar <a href=\"https:\/\/www.zeit.de\/kultur\/musik\/2019-05\/eurovision-song-contest-finale-niederlande-madonna-bericht\/komplettansicht\">der \u201eZEIT\u201c<\/a> zu bl\u00f6d ist. Madon\u00adna war auch da, was ent\u00adwe\u00adder schlecht (\u201eFAZ\u201c) oder gut (\u201eWELT\u201c) war. Die\u00adses unbe\u00adding\u00adte Bed\u00fcrf\u00adnis danach, bis dahin Unbe\u00adschol\u00adte\u00adnen dabei zuzu\u00adse\u00adhen, wie sie in einer Spra\u00adche, die offen\u00adsicht\u00adlich nicht die ihre ist, lei\u00adernd Kin\u00adder\u00adlie\u00adder zu Stampf\u00adrhyth\u00admen into\u00adnie\u00adren, ist mir fremd.<\/p>\n<p>W\u00e4h\u00adrend aus Isra\u00adel also T\u00f6ne erschal\u00adlen, die nach inter\u00adna\u00adtio\u00adna\u00adlem Recht nor\u00adma\u00adler\u00adwei\u00adse ver\u00adbo\u00adten wer\u00adden m\u00fcss\u00adten, hat <em>der Westen<\/em> ganz ande\u00adre Sor\u00adgen: Cal\u00advin Klein sah sich zu einer Bit\u00adte um Ent\u00adschul\u00addi\u00adgung gen\u00f6\u00adtigt, weil in einem <a href=\"https:\/\/twitter.com\/lilmiquela\/status\/1129055690583040000\">Wer\u00adbe\u00advi\u00addeo<\/a> f\u00fcr die Fir\u00adma eine Frau zwar einen \u201eweib\u00adli\u00adchen\u201c Robo\u00adter k\u00fcss\u00adte, aber bl\u00f6\u00adder\u00adwei\u00adse <a href=\"https:\/\/thehill.com\/blogs\/blog-briefing-room\/news\/444398-calvin-klein-apologizes-after-backlash-over-video-of-bella\">hete\u00adro\u00adse\u00adxu\u00adell ist.<\/a> Vie\u00adle mehr\u00adse\u00adxu\u00adel\u00adle Frau\u00aden brach\u00adte das auf die sprich\u00adw\u00f6rt\u00adli\u00adche Pal\u00adme, denn sie sahen sich in ihrem Recht dar\u00adauf, selbst einen Robo\u00adter zu k\u00fcs\u00adsen, ein\u00adge\u00adschr\u00e4nkt. Ich wei\u00df noch nicht, ob ich das d\u00e4m\u00adlich oder lustig fin\u00adden soll, kom\u00adme aller\u00addings auch nicht dazu, mich aus\u00adgie\u00adbig mit die\u00adsem Gedan\u00adken zu besch\u00e4f\u00adti\u00adgen, denn schon liegt die n\u00e4ch\u00adste Bekloppt\u00adheit auf dem Tisch: Inter\u00adna\u00adtio\u00adnal for\u00admiert sich eine Grup\u00adpe <a href=\"https:\/\/www.suedtirolnews.it\/unterhaltung\/wer-haette-das-gedacht\/free-bleeding-feministische-freibluterinnen-bewegung\">der Frei\u00adblu\u00adte\u00adrin\u00adnen<\/a>, die ihre Men\u00adstrua\u00adti\u00adon also nicht anders behan\u00addeln als jede ande\u00adre K\u00f6r\u00adper\u00adfl\u00fcs\u00adsig\u00adkeit auch. Gem\u00e4\u00df der Vie\u00adle-Wel\u00adten-Theo\u00adrie haben wir alle sehr viel Pech gehabt.<\/p>\n<p>Mit etwas Gl\u00fcck wer\u00adden wir aus die\u00adser Zwangs\u00adla\u00adge bald von Sau\u00addi-Ara\u00adbi\u00aden befreit, das sich <a href=\"https:\/\/www.tagesspiegel.de\/politik\/atomkonflikt-saudi-arabiens-nukleare-ambitionen\/24346054.html\">ato\u00admar ver\u00adst\u00e4r\u00adken<\/a> m\u00f6ch\u00adte. Die USA besch\u00e4f\u00adti\u00adgen sich bis dahin mit den wirk\u00adlich gro\u00ad\u00dfen Sor\u00adgen: <a href=\"https:\/\/mysteriousuniverse.org\/2019\/05\/u-s-senator-warns-nation-about-space-pirates\/\">Ted Cruz warnt vor Welt\u00adraum\u00adpi\u00adra\u00adten<\/a>, Welt\u00adraum\u00adpi\u00adra\u00adten war\u00adnen ihrer\u00adseits vor Ted Cruz. W\u00e4h\u00adrend\u00addes\u00adsen probt die Ber\u00adli\u00adner Abtei\u00adlung der SPD-Jugend den Ernst\u00adfall f\u00fcr <em>nach der Wahl:<\/em> Nach der Macht\u00ader\u00adgrei\u00adfung <a href=\"https:\/\/twitter.com\/neythomas\/status\/1130219842093703168\">wird gekn\u00fcp\u00adpelt.<\/a> Hach, fast wie fr\u00fc\u00adher!<\/p>\n<p>Nach einem Musik ver\u00adach\u00adten\u00adden Wochen\u00aden\u00adde wie dem, das hin\u00adter uns liegt, ist doch sicher\u00adlich jeder froh \u00fcber ein biss\u00adchen gute Beschal\u00adlung, nicht wahr? Als\u00addann!<\/p>\n<div class=\"lyte-wrapper-audio\" style=\"width:1280px;max-width:100%;overflow:hidden;height:38px;margin:5px;\"><div class=\"lyMe lyte-audio\" id=\"WYL_AQPAyST_JdE\"><div id=\"lyte_AQPAyST_JdE\" data-src=\"https:\/\/tuxproject.de\/blog\/wp-content\/plugins\/wp-youtube-lyte\/lyteCache.php?origThumbUrl=%2F%2Fi.ytimg.com%2Fvi%2FAQPAyST_JdE%2Fhqdefault.jpg\" class=\"pL\"><div class=\"tC\"><div class=\"tT\"><\/div><\/div><div class=\"play\"><\/div><div class=\"ctrl\"><div class=\"Lctrl\"><\/div><div class=\"Rctrl\"><\/div><\/div><\/div><noscript><a href=\"https:\/\/youtu.be\/AQPAyST_JdE\" rel=\"nofollow\"><img loading=\"lazy\" decoding=\"async\" src=\"https:\/\/tuxproject.de\/blog\/wp-content\/plugins\/wp-youtube-lyte\/lyteCache.php?origThumbUrl=https%3A%2F%2Fi.ytimg.com%2Fvi%2FAQPAyST_JdE%2F0.jpg\" alt=\"YouTube video thumbnail\" width=\"1280\" height=\"18\"><\/a><\/noscript><\/div><\/div><div class=\"lL\" style=\"max-width:100%;width:1280px;margin:5px;\"> <a href=\"https:\/\/youtu.be\/AQPAyST_JdE\" target=\"_blank\">Die\u00adses Video auf You\u00adTube anse\u00adhen<\/a>.<\/div>\n<p>Guten Mor\u00adgen.<\/p>\n","protected":false},"excerpt":{"rendered":"<p>Es ist Mon\u00adtag. Am ver\u00adgan\u00adge\u00adnen Wochen\u00aden\u00adde fan\u00adden zu vie\u00adle Men\u00adschen Gefal\u00adlen an einem in einem sehr \u00e4rger\u00adli\u00adchen Staat statt\u00adge\u00adfun\u00adden haben\u00adden Dudel\u00adpop\u00adwett\u00adstreit, der inzwi\u00adschen sogar der \u201eZEIT\u201c zu bl\u00f6d ist. Madon\u00adna war auch da, was ent\u00adwe\u00adder schlecht (\u201eFAZ\u201c) oder gut (\u201eWELT\u201c) war. Die\u00adses unbe\u00adding\u00adte Bed\u00fcrf\u00adnis danach, bis dahin Unbe\u00adschol\u00adte\u00adnen dabei zuzu\u00adse\u00adhen, wie sie in einer Spra\u00adche, \u2026<\/p>\n<p><a href=\"https:\/\/tuxproject.de\/blog\/2019\/05\/gong-forever-recurring\/\" class=\"more-link\">\u2018Gong \u2013 Fore\u00adver Recur\u00adring\u2019 wei\u00adter\u00adle\u00adsen \u00bb<\/a><\/p>\n","protected":false},"author":1,"featured_media":0,"comment_status":"open","ping_status":"open","sticky":false,"template":"","format":"standard","meta":{"wp_typography_post_enhancements_disabled":false,"footnotes":""},"categories":[13,37,32],"tags":[],"series":[],"class_list":["post-15491","post","type-post","status-publish","format-standard","hentry","category-in-den-nachrichten","category-mir-wird-geschlecht","category-montagsmusik"],"share_on_mastodon":{"url":"","error":""},"wp-worthy-pixel":{"ignored":false,"public":"110803e6e30f4ed5a580b8522af53cea","server":"vg02.met.vgwort.de","url":"https:\/\/vg02.met.vgwort.de\/na\/110803e6e30f4ed5a580b8522af53cea"},"wp-worthy-type":"normal","_links":{"self":[{"href":"https:\/\/tuxproject.de\/blog\/wp-json\/wp\/v2\/posts\/15491","targetHints":{"allow":["GET"]}}],"collection":[{"href":"https:\/\/tuxproject.de\/blog\/wp-json\/wp\/v2\/posts"}],"about":[{"href":"https:\/\/tuxproject.de\/blog\/wp-json\/wp\/v2\/types\/post"}],"author":[{"embeddable":true,"href":"https:\/\/tuxproject.de\/blog\/wp-json\/wp\/v2\/users\/1"}],"replies":[{"embeddable":true,"href":"https:\/\/tuxproject.de\/blog\/wp-json\/wp\/v2\/comments?post=15491"}],"version-history":[{"count":0,"href":"https:\/\/tuxproject.de\/blog\/wp-json\/wp\/v2\/posts\/15491\/revisions"}],"wp:attachment":[{"href":"https:\/\/tuxproject.de\/blog\/wp-json\/wp\/v2\/media?parent=15491"}],"wp:term":[{"taxonomy":"category","embeddable":true,"href":"https:\/\/tuxproject.de\/blog\/wp-json\/wp\/v2\/categories?post=15491"},{"taxonomy":"post_tag","embeddable":true,"href":"https:\/\/tuxproject.de\/blog\/wp-json\/wp\/v2\/tags?post=15491"},{"taxonomy":"series","embeddable":true,"href":"https:\/\/tuxproject.de\/blog\/wp-json\/wp\/v2\/series?post=15491"}],"curies":[{"name":"wp","href":"https:\/\/api.w.org\/{rel}","templated":true}]}}