{"id":15090,"date":"2019-03-04T08:30:20","date_gmt":"2019-03-04T07:30:20","guid":{"rendered":"https:\/\/tuxproject.de\/blog\/?p=15090"},"modified":"2019-03-04T03:07:07","modified_gmt":"2019-03-04T02:07:07","slug":"monophonist-kernschmelze-klage-meine-kamera-klingelt","status":"publish","type":"post","link":"https:\/\/tuxproject.de\/blog\/2019\/03\/monophonist-kernschmelze-klage-meine-kamera-klingelt\/","title":{"rendered":"Monophonist \u2014 Kernschmelze \/ Klage \/\/ Meine Kamera klingelt."},"content":{"rendered":"<p><a href=\"https:\/\/tuxproject.de\/blog\/wp-content\/uploads\/2019\/03\/Ein-Kaffee-vs.-kein-Kaffee.jpg\"><img loading=\"lazy\" decoding=\"async\" src=\"https:\/\/tuxproject.de\/blog\/wp-content\/uploads\/2019\/03\/Ein-Kaffee-vs.-kein-Kaffee-120x80.jpg\" alt=\"Ein Kaffee vs. kein Kaffee\" width=\"120\" height=\"80\" class=\"alignright size-thumbnail wp-image-15092\" srcset=\"https:\/\/tuxproject.de\/blog\/wp-content\/uploads\/2019\/03\/Ein-Kaffee-vs.-kein-Kaffee-120x80.jpg 120w, https:\/\/tuxproject.de\/blog\/wp-content\/uploads\/2019\/03\/Ein-Kaffee-vs.-kein-Kaffee-300x200.jpg 300w, https:\/\/tuxproject.de\/blog\/wp-content\/uploads\/2019\/03\/Ein-Kaffee-vs.-kein-Kaffee-768x513.jpg 768w, https:\/\/tuxproject.de\/blog\/wp-content\/uploads\/2019\/03\/Ein-Kaffee-vs.-kein-Kaffee-730x487.jpg 730w, https:\/\/tuxproject.de\/blog\/wp-content\/uploads\/2019\/03\/Ein-Kaffee-vs.-kein-Kaffee.jpg 806w\" sizes=\"auto, (max-width: 120px) 100vw, 120px\"><\/a>Es ist Mon\u00adtag. Heute sind Nar\u00adren weniger gut getarnt als son\u00adst, aber es sind viele, viel zu viele. In <em>nat\u00fcr\u00adlich<\/em> Berlin scheinen sie an Tankstellen schon <a href=\"https:\/\/www.zeit.de\/entdecken\/2019-02\/gentrifizierung-tankstelle-berlin-wlan-zweckentfremdung\/komplettansicht\">Lack statt Bier<\/a> auszuschenken. Vielle\u00adicht k\u00f6n\u00adnten wir die Stadt ja Rus\u00ads\u00adland zur\u00fcck\u00adgeben?<\/p>\n<p>Die Gegen\u00adseite des kalten Krieges h\u00e4lt tapfer dage\u00adgen: W\u00e4hrend in Deutsch\u00adland noch frei drehende Stasi\u00adfunk\u00adtion\u00e4re die Rede\u00adfrei\u00adheit <a href=\"https:\/\/www.zeit.de\/kultur\/2017-06\/hate-speech-gesetz-heiko-maas-aesthetik-technologie\/komplettansicht\">sub\u00adjek\u00adtivieren<\/a>, verpflichtet der <em>b\u00f6se<\/em> Pr\u00e4si\u00addent der Vere\u00adinigten Staat\u00aden es Uni\u00adver\u00adsit\u00e4ten, <a href=\"https:\/\/www.reuters.com\/article\/us-usa-trump-colleges\/trump-says-to-sign-executive-order-requiring-free-speech-at-colleges-idUSKCN1QJ0JD\">die Rede\u00adfrei\u00adheit<\/a> einzuschr\u00e4nken. <em>B\u00f6s\u00ader<\/em> Don\u00adald Trump, pfui!<\/p>\n<p>Einen schlim\u00admen Ver\u00addacht \u00e4u\u00dferte k\u00fcr\u00adzlich Robert Habeck, Twit\u00adter\u00adfl\u00fcchtling der Gr\u00fc\u00adnen: Sind die Gr\u00fc\u00adnen und die CDU etwa gar nicht <a href=\"https:\/\/www.tagesspiegel.de\/politik\/seit-kramp-karrenbauer-gruenen-chef-sieht-wachsende-differenzen-zur-cdu\/24061084.html\">dieselbe Partei?<\/a> Nicht, dass sich das noch herum\u00adspricht und sich bei\u00adde Parteien vielle\u00adicht eine unter\u00adschiedliche Poli\u00adtik aus\u00addenken m\u00fcssen! \u2014 Was sich hinge\u00adgen unbe\u00add\u00adingt herum\u00adsprechen sollte: Aktuelle Smart\u00adphones von jeden\u00adfalls Huawei haben vorn h\u00f6her aufl\u00f6sende Kam\u00aderas als hin\u00adten. <a href=\"https:\/\/tuxproject.de\/blog\/2016\/07\/smartphoneblues\/\">Als w\u00e4ren die Ergeb\u00adnisse inter\u00ades\u00adsant!<\/a> Bess\u00ader macht es aus\u00adnahm\u00adsweise One\u00adPlus, wo man zwar nach wie vor keinen Kopfh\u00f6r\u00aderan\u00adschluss mehr bekommt, aber die bl\u00f6de Vornekam\u00adera k\u00fcn\u00adftig <a href=\"https:\/\/9to5google.com\/2019\/03\/03\/oneplus-7-leaked-renders\/\">erst ausklap\u00adpen<\/a> muss, was hof\u00adfentlich einiger\u00adma\u00dfen abschreck\u00adend wirkt. Ein Smart\u00adphone ohne <em>self\u00adie<\/em>-Funk\u00adtion w\u00fcrde ich \u00fcbri\u00adgens vielle\u00adicht kaufen.<\/p>\n<p>Was ich so lange stattdessen kaufe: Musik.<\/p>\n<div class=\"lyte-wrapper-audio\" title=\"MONOPHONIST - Kernschmelze \/ Klage\" style=\"width:1280px;max-width:100%;overflow:hidden;height:38px;margin:5px;\"><div class=\"lyMe lyte-audio\" id=\"WYL_kt8eVW112-U\"><div id=\"lyte_kt8eVW112-U\" data-src=\"https:\/\/tuxproject.de\/blog\/wp-content\/plugins\/wp-youtube-lyte\/lyteCache.php?origThumbUrl=https%3A%2F%2Fi.ytimg.com%2Fvi%2Fkt8eVW112-U%2Fhqdefault.jpg\" class=\"pL\"><div class=\"tC\"><div class=\"tT\">MONOPHONIST \u2014 Kern\u00adschmelze \/ Klage<\/div><\/div><div class=\"play\"><\/div><div class=\"ctrl\"><div class=\"Lctrl\"><\/div><div class=\"Rctrl\"><\/div><\/div><\/div><noscript><a href=\"https:\/\/youtu.be\/kt8eVW112-U\" rel=\"nofollow\"><img loading=\"lazy\" decoding=\"async\" src=\"https:\/\/tuxproject.de\/blog\/wp-content\/plugins\/wp-youtube-lyte\/lyteCache.php?origThumbUrl=https%3A%2F%2Fi.ytimg.com%2Fvi%2Fkt8eVW112-U%2F0.jpg\" alt=\"MONOPHONIST - Kernschmelze \/ Klage\" width=\"1280\" height=\"18\"><\/a><\/noscript><\/div><\/div><div class=\"lL\" style=\"max-width:100%;width:1280px;margin:5px;\"> <a href=\"https:\/\/youtu.be\/kt8eVW112-U\" target=\"_blank\">Dieses Video auf YouTube anse\u00adhen<\/a>.<\/div>\n<p>Guten Mor\u00adgen.<\/p>\n","protected":false},"excerpt":{"rendered":"<p>Es ist Mon\u00adtag. Heute sind Nar\u00adren weniger gut getarnt als son\u00adst, aber es sind viele, viel zu viele. In nat\u00fcr\u00adlich Berlin scheinen sie an Tankstellen schon Lack statt Bier auszuschenken. Vielle\u00adicht k\u00f6n\u00adnten wir die Stadt ja Rus\u00ads\u00adland zur\u00fcck\u00adgeben? Die Gegen\u00adseite des kalten Krieges h\u00e4lt tapfer dage\u00adgen: W\u00e4hrend in Deutsch\u00adland noch frei drehende Stasi\u00adfunk\u00adtion\u00e4re die Rede\u00adfrei\u00adheit \u2026<\/p>\n<p><a href=\"https:\/\/tuxproject.de\/blog\/2019\/03\/monophonist-kernschmelze-klage-meine-kamera-klingelt\/\" class=\"more-link\">\u2018Mono\u00adphon\u00adist \u2014 Kern\u00adschmelze \/ Klage \/\/ Meine Kam\u00adera klin\u00adgelt.\u2019 weit\u00ader\u00adlesen \u00bb<\/a><\/p>\n","protected":false},"author":1,"featured_media":0,"comment_status":"open","ping_status":"open","sticky":false,"template":"","format":"standard","meta":{"wp_typography_post_enhancements_disabled":false,"footnotes":""},"categories":[13,32],"tags":[],"series":[],"class_list":["post-15090","post","type-post","status-publish","format-standard","hentry","category-in-den-nachrichten","category-montagsmusik"],"share_on_mastodon":{"url":"","error":""},"wp-worthy-pixel":{"ignored":false,"public":null,"server":null,"url":null},"wp-worthy-type":"normal","_links":{"self":[{"href":"https:\/\/tuxproject.de\/blog\/wp-json\/wp\/v2\/posts\/15090","targetHints":{"allow":["GET"]}}],"collection":[{"href":"https:\/\/tuxproject.de\/blog\/wp-json\/wp\/v2\/posts"}],"about":[{"href":"https:\/\/tuxproject.de\/blog\/wp-json\/wp\/v2\/types\/post"}],"author":[{"embeddable":true,"href":"https:\/\/tuxproject.de\/blog\/wp-json\/wp\/v2\/users\/1"}],"replies":[{"embeddable":true,"href":"https:\/\/tuxproject.de\/blog\/wp-json\/wp\/v2\/comments?post=15090"}],"version-history":[{"count":0,"href":"https:\/\/tuxproject.de\/blog\/wp-json\/wp\/v2\/posts\/15090\/revisions"}],"wp:attachment":[{"href":"https:\/\/tuxproject.de\/blog\/wp-json\/wp\/v2\/media?parent=15090"}],"wp:term":[{"taxonomy":"category","embeddable":true,"href":"https:\/\/tuxproject.de\/blog\/wp-json\/wp\/v2\/categories?post=15090"},{"taxonomy":"post_tag","embeddable":true,"href":"https:\/\/tuxproject.de\/blog\/wp-json\/wp\/v2\/tags?post=15090"},{"taxonomy":"series","embeddable":true,"href":"https:\/\/tuxproject.de\/blog\/wp-json\/wp\/v2\/series?post=15090"}],"curies":[{"name":"wp","href":"https:\/\/api.w.org\/{rel}","templated":true}]}}