{"id":14938,"date":"2019-01-23T20:21:02","date_gmt":"2019-01-23T19:21:02","guid":{"rendered":"https:\/\/tuxproject.de\/blog\/?p=14938"},"modified":"2019-01-23T20:21:02","modified_gmt":"2019-01-23T19:21:02","slug":"kurz-angemerkt-zu-tempo-130-die-zwei-paritaetsgeschlechter","status":"publish","type":"post","link":"https:\/\/tuxproject.de\/blog\/2019\/01\/kurz-angemerkt-zu-tempo-130-die-zwei-paritaetsgeschlechter\/","title":{"rendered":"Kurz angemerkt zu Tempo 130 \/\/ Die zwei Parit\u00e4tsgeschlechter"},"content":{"rendered":"<p>Einige Jahre, bevor Schwe\u00adden es \u2014 wie so oft \u2014 <a href=\"https:\/\/www.zeit.de\/mobilitaet\/2019-01\/verbrennungsmotor-schweden-benziner-diesel-klimaschutz-elektroauto\">\u00fcbertreiben<\/a> muss, indem es den Verkauf von nicht <em>elek\u00adtrischen<\/em> Auto\u00admo\u00adbilen g\u00e4n\u00adzlich ver\u00adbi\u00adetet, wird im Aut\u00ado\u00adfahrerland Deutsch\u00adland wieder ein\u00admal dar\u00fcber disku\u00adtiert, ob Schnell\u00adfahren auf Schnell\u00adfahrstra\u00dfen nicht <a href=\"https:\/\/www.tagesspiegel.de\/politik\/130-km-h-auf-autobahnen-warum-die-geschwindigkeit-nicht-zu-gering-sein-darf\/23892592.html\">zu gef\u00e4hrlich<\/a> sei, weil es dort <em>zu viele Unf\u00e4lle<\/em> gebe, als seien diese unbe\u00add\u00adingt von der Geschwindigkeit abh\u00e4ngig, jedoch find\u00adet zu meinem Unver\u00adst\u00e4nd\u00adnis mein par\u00adal\u00adlel ge\u00e4u\u00dfert\u00ader Vorschlag, dass, wenn auf\u00adgrund ver\u00adgle\u00adich\u00adsweise weniger Per\u00adso\u00adn\u00aden\u00adsch\u00e4\u00adden die abgesicherten Schnell\u00adfahrzo\u00adnen zu Mit\u00adtelschnell\u00adfahrzo\u00adnen reduziert wer\u00adden sollen, auch in Raucher\u00adzo\u00adnen max\u00adi\u00admal zwei Zigaret\u00adten pro Per\u00adson erlaubt wer\u00adden soll\u00adten, denn im Ver\u00adgle\u00adich mit Auto\u00admo\u00adbilen ist Tabakrauch mit deut\u00adlich h\u00f6her\u00ader Wahrschein\u00adlichkeit f\u00fcr alle Umste\u00adhen\u00adden sch\u00e4dlich bis t\u00f6dlich, nur wenige Bef\u00fcr\u00adworter, was ich mir nur so erk\u00adl\u00e4ren kann, dass der Tabak\u00adlob\u00adby ein ordentlich\u00ader Diesel\u00adskan\u00addal fehlt; oder dass Schnell\u00adfahren ein\u00adfach zu wenig Steuern ein\u00adbringt.<\/p>\n<hr>\n<p>Was passiert eigentlich, wenn trotz gro\u00dfen Jubels der \u201cGr\u00fc\u00adnen Jugend\u201d, die sich in solchen F\u00e4llen dann doch lieber wieder auf die Exis\u00adtenz <a href=\"https:\/\/twitter.com\/gj__bb\/status\/1087762916353470464\">nur zweier Geschlechter<\/a> beruft, <em>aus\u00adgerech\u00adnet<\/em> die son\u00adst eher <a href=\"https:\/\/twitter.com\/tux0r\/status\/1087985998280249344\">unaufrichtige<\/a> Bran\u00adden\u00adburg\u00ader Piraten\u00adpartei medi\u00adal dadurch auf\u00adf\u00e4l\u00adlig wird, dass sie eine <a href=\"https:\/\/twitter.com\/PNN_de\/status\/1087995718911037443\">Klage<\/a> gegen das beab\u00adsichtigte Bran\u00adden\u00adburg\u00ader Par\u00adit\u00e4tswahlge\u00adsetz anstrebt? Genau: Das \u201cNeue Deutsch\u00adland\u201d gr\u00e4bt die einst bei den Pirat\u00aden von der B\u00fchne gebuhte und heute von den \u201cLinken\u201d besol\u00addete <a href=\"https:\/\/www.neues-deutschland.de\/artikel\/1110664.frauenquote-frauenquote-ist-nicht-lachhaft.html\">Anke Dom\u00adscheit-Berg<\/a> als Zitat\u00adge\u00adberin aus und zieht Par\u00adal\u00adle\u00adlen zur AfD. Alles richtig gemacht.<\/p>\n","protected":false},"excerpt":{"rendered":"<p>Einige Jahre, bevor Schwe\u00adden es \u2014 wie so oft \u2014 \u00fcbertreiben muss, indem es den Verkauf von nicht elek\u00adtrischen Auto\u00admo\u00adbilen g\u00e4n\u00adzlich ver\u00adbi\u00adetet, wird im Aut\u00ado\u00adfahrerland Deutsch\u00adland wieder ein\u00admal dar\u00fcber disku\u00adtiert, ob Schnell\u00adfahren auf Schnell\u00adfahrstra\u00dfen nicht zu gef\u00e4hrlich sei, weil es dort zu viele Unf\u00e4lle gebe, als seien diese unbe\u00add\u00adingt von der Geschwindigkeit abh\u00e4ngig, jedoch find\u00adet \u2026<\/p>\n<p><a href=\"https:\/\/tuxproject.de\/blog\/2019\/01\/kurz-angemerkt-zu-tempo-130-die-zwei-paritaetsgeschlechter\/\" class=\"more-link\">\u2018Kurz ange\u00admerkt zu Tem\u00adpo 130 \/\/ Die zwei Par\u00adit\u00e4ts\u00adgeschlechter\u2019 weit\u00ader\u00adlesen \u00bb<\/a><\/p>\n","protected":false},"author":1,"featured_media":0,"comment_status":"open","ping_status":"open","sticky":false,"template":"","format":"standard","meta":{"wp_typography_post_enhancements_disabled":false,"footnotes":""},"categories":[4,13,20,37],"tags":[],"series":[],"class_list":["post-14938","post","type-post","status-publish","format-standard","hentry","category-politik","category-in-den-nachrichten","category-piratenpartei","category-mir-wird-geschlecht"],"share_on_mastodon":{"url":"","error":""},"wp-worthy-pixel":{"ignored":false,"public":null,"server":null,"url":null},"wp-worthy-type":"normal","_links":{"self":[{"href":"https:\/\/tuxproject.de\/blog\/wp-json\/wp\/v2\/posts\/14938","targetHints":{"allow":["GET"]}}],"collection":[{"href":"https:\/\/tuxproject.de\/blog\/wp-json\/wp\/v2\/posts"}],"about":[{"href":"https:\/\/tuxproject.de\/blog\/wp-json\/wp\/v2\/types\/post"}],"author":[{"embeddable":true,"href":"https:\/\/tuxproject.de\/blog\/wp-json\/wp\/v2\/users\/1"}],"replies":[{"embeddable":true,"href":"https:\/\/tuxproject.de\/blog\/wp-json\/wp\/v2\/comments?post=14938"}],"version-history":[{"count":0,"href":"https:\/\/tuxproject.de\/blog\/wp-json\/wp\/v2\/posts\/14938\/revisions"}],"wp:attachment":[{"href":"https:\/\/tuxproject.de\/blog\/wp-json\/wp\/v2\/media?parent=14938"}],"wp:term":[{"taxonomy":"category","embeddable":true,"href":"https:\/\/tuxproject.de\/blog\/wp-json\/wp\/v2\/categories?post=14938"},{"taxonomy":"post_tag","embeddable":true,"href":"https:\/\/tuxproject.de\/blog\/wp-json\/wp\/v2\/tags?post=14938"},{"taxonomy":"series","embeddable":true,"href":"https:\/\/tuxproject.de\/blog\/wp-json\/wp\/v2\/series?post=14938"}],"curies":[{"name":"wp","href":"https:\/\/api.w.org\/{rel}","templated":true}]}}