{"id":14929,"date":"2019-01-21T08:30:30","date_gmt":"2019-01-21T07:30:30","guid":{"rendered":"https:\/\/tuxproject.de\/blog\/?p=14929"},"modified":"2019-01-21T09:45:13","modified_gmt":"2019-01-21T08:45:13","slug":"die-goldenen-zitronen-mila-datenschutz-und-andere-probleme","status":"publish","type":"post","link":"https:\/\/tuxproject.de\/blog\/2019\/01\/die-goldenen-zitronen-mila-datenschutz-und-andere-probleme\/","title":{"rendered":"Die Goldenen Zitronen \u2014 Mila \/\/ Datenschutz und andere Probleme"},"content":{"rendered":"<p><a href=\"https:\/\/tuxproject.de\/blog\/wp-content\/uploads\/2019\/01\/unnamed-file.jpg\"><img loading=\"lazy\" decoding=\"async\" class=\"alignright size-thumbnail wp-image-14930\" src=\"https:\/\/tuxproject.de\/blog\/wp-content\/uploads\/2019\/01\/unnamed-file-120x120.jpg\" alt=\">:(\" width=\"120\" height=\"120\" srcset=\"https:\/\/tuxproject.de\/blog\/wp-content\/uploads\/2019\/01\/unnamed-file-120x120.jpg 120w, https:\/\/tuxproject.de\/blog\/wp-content\/uploads\/2019\/01\/unnamed-file-300x300.jpg 300w, https:\/\/tuxproject.de\/blog\/wp-content\/uploads\/2019\/01\/unnamed-file-150x150.jpg 150w, https:\/\/tuxproject.de\/blog\/wp-content\/uploads\/2019\/01\/unnamed-file.jpg 500w\" sizes=\"auto, (max-width: 120px) 100vw, 120px\"><\/a>Es ist Mon\u00adtag, aber es k\u00f6n\u00adnte auch jed\u00ader andere Tag sein. Fast bin ich wil\u00adlens, den ollen Spruch mit dem Leben und den Pl\u00e4\u00adnen auszu\u00adgraben, aber John Lennon l\u00e4sst man bess\u00ader da, wo er ist. Es reicht ja auch, selb\u00adst nicht da zu sein, wo man wirk\u00adlich lieber w\u00e4re. Mon\u00adtage f\u00fchlen sich nicht richtig an, wenn alles in Ord\u00adnung ist. Es ist alles deprim\u00adierend.<\/p>\n<p>Reden wir \u00fcber was anderes, reden wir \u00fcber Poli\u00adtik: Die Freien W\u00e4h\u00adler, seit ein\u00ader Weile bayrische Mitre\u00adgen\u00adten, haben laut Medi\u00aden\u00adbericht\u00aden mit Wert\u00adpa\u00adpier\u00adhan\u00addel hohe staatliche Zusch\u00fcsse ergat\u00adtert, was anscheinend nur dann ein Prob\u00adlem ist, wenn es nicht die Deutsche Bank macht. Poli\u00adtisch etwas zum Besseren bewegt hat der\u00adweil Julia Reda, die f\u00fcr die Piraten\u00adpartei im europ\u00e4is\u00adchen Par\u00adla\u00adment rum\u00adsitzt und trotz gr\u00f6\u00dfer\u00ader Wider\u00adst\u00e4nde eine f\u00fcr den Gro\u00dfteil der europ\u00e4is\u00adchen Inter\u00adnet\u00adnutzer unvorteil\u00adhafte Geset\u00adzes\u00e4n\u00adderung <a href=\"https:\/\/juliareda.eu\/2019\/01\/copyright-hits_wall\/\">zumin\u00add\u00adest verz\u00f6gert<\/a> hat, wom\u00adit abzuwarten bleibt, ob diese nicht vielle\u00adicht ein\u00adfach ver\u00adsanden wird.<\/p>\n<p>Gute Nachricht\u00aden auch aus der Neust\u00e4dter Stadtver\u00admark\u00adtung, wo Face\u00adbook aus Daten\u00adschutz\u00adgr\u00fcn\u00adden endlich nicht mehr aktiv genutzt wird, stattdessen greift man zu, \u00e4h, <a href=\"http:\/\/blog.fefe.de\/?ts=a2ba5aa6\">What\u00adsApp.<\/a> Daten\u00adschutza\u00adk\u00adtivist Max Schrems hat w\u00e4hrend\u00addessen <a href=\"https:\/\/www.reuters.com\/article\/us-europe-privacy\/austrian-data-privacy-activist-files-complaint-against-apple-amazon-others-idUSKCN1PC1FA\">\u00fcber\u00adrascht fest\u00adgestellt<\/a>, dass kaum ein Dienst in der <i>cloud<\/i> sich an die DSGVO zu hal\u00adten pflegt. Man kann und sollte europ\u00e4is\u00adch\u00ader B\u00fcrokratie im Umgang mit <i>dem Inter\u00adnet<\/i> manch\u00ades vor\u00adw\u00ader\u00adfen \u2014 das Pochen auf die Ein\u00adhal\u00adtung von Daten\u00adschutzregeln geh\u00f6rt nicht dazu.<\/p>\n<p>Man kann jet\u00adzt <a href=\"https:\/\/clicktopray.org\/\">online beten.<\/a> Ich habe keine Lust mehr auf dieses Web.<\/p>\n<p><i>Ich werde keine Infor\u00adma\u00adtio\u00adnen mehr annehmen in den n\u00e4ch\u00adsten Jahren.<\/i><\/p>\n<div class=\"lyte-wrapper\" title=\"Die Goldenen Zitronen - Mila\" style=\"width:1280px;max-width:100%;margin:5px;\"><div class=\"lyMe\" id=\"WYL_dafo1-JNOCI\"><div id=\"lyte_dafo1-JNOCI\" data-src=\"https:\/\/tuxproject.de\/blog\/wp-content\/plugins\/wp-youtube-lyte\/lyteCache.php?origThumbUrl=https%3A%2F%2Fi.ytimg.com%2Fvi%2Fdafo1-JNOCI%2Fhqdefault.jpg\" class=\"pL\"><div class=\"tC\"><div class=\"tT\">Die Gold\u00ade\u00adnen Zitro\u00adnen \u2014 Mila<\/div><\/div><div class=\"play\"><\/div><div class=\"ctrl\"><div class=\"Lctrl\"><\/div><div class=\"Rctrl\"><\/div><\/div><\/div><noscript><a href=\"https:\/\/youtu.be\/dafo1-JNOCI\" rel=\"nofollow\"><img loading=\"lazy\" decoding=\"async\" src=\"https:\/\/tuxproject.de\/blog\/wp-content\/plugins\/wp-youtube-lyte\/lyteCache.php?origThumbUrl=https%3A%2F%2Fi.ytimg.com%2Fvi%2Fdafo1-JNOCI%2F0.jpg\" alt=\"Die Goldenen Zitronen - Mila\" width=\"1280\" height=\"700\"><\/a><\/noscript><\/div><\/div><div class=\"lL\" style=\"max-width:100%;width:1280px;margin:5px;\"> <a href=\"https:\/\/youtu.be\/dafo1-JNOCI\" target=\"_blank\">Dieses Video auf YouTube anse\u00adhen<\/a>.<\/div>\n<p>Guten Mor\u00adgen.<\/p>\n","protected":false},"excerpt":{"rendered":"<p>Es ist Mon\u00adtag, aber es k\u00f6n\u00adnte auch jed\u00ader andere Tag sein. Fast bin ich wil\u00adlens, den ollen Spruch mit dem Leben und den Pl\u00e4\u00adnen auszu\u00adgraben, aber John Lennon l\u00e4sst man bess\u00ader da, wo er ist. Es reicht ja auch, selb\u00adst nicht da zu sein, wo man wirk\u00adlich lieber w\u00e4re. Mon\u00adtage f\u00fchlen sich nicht richtig an, \u2026<\/p>\n<p><a href=\"https:\/\/tuxproject.de\/blog\/2019\/01\/die-goldenen-zitronen-mila-datenschutz-und-andere-probleme\/\" class=\"more-link\">\u2018Die Gold\u00ade\u00adnen Zitro\u00adnen \u2014 Mila \/\/ Daten\u00adschutz und andere Prob\u00adleme\u2019 weit\u00ader\u00adlesen \u00bb<\/a><\/p>\n","protected":false},"author":1,"featured_media":0,"comment_status":"open","ping_status":"open","sticky":false,"template":"","format":"standard","meta":{"wp_typography_post_enhancements_disabled":false,"footnotes":""},"categories":[4,13,32],"tags":[],"series":[],"class_list":["post-14929","post","type-post","status-publish","format-standard","hentry","category-politik","category-in-den-nachrichten","category-montagsmusik"],"share_on_mastodon":{"url":"","error":""},"wp-worthy-pixel":{"ignored":false,"public":null,"server":null,"url":null},"wp-worthy-type":"normal","_links":{"self":[{"href":"https:\/\/tuxproject.de\/blog\/wp-json\/wp\/v2\/posts\/14929","targetHints":{"allow":["GET"]}}],"collection":[{"href":"https:\/\/tuxproject.de\/blog\/wp-json\/wp\/v2\/posts"}],"about":[{"href":"https:\/\/tuxproject.de\/blog\/wp-json\/wp\/v2\/types\/post"}],"author":[{"embeddable":true,"href":"https:\/\/tuxproject.de\/blog\/wp-json\/wp\/v2\/users\/1"}],"replies":[{"embeddable":true,"href":"https:\/\/tuxproject.de\/blog\/wp-json\/wp\/v2\/comments?post=14929"}],"version-history":[{"count":0,"href":"https:\/\/tuxproject.de\/blog\/wp-json\/wp\/v2\/posts\/14929\/revisions"}],"wp:attachment":[{"href":"https:\/\/tuxproject.de\/blog\/wp-json\/wp\/v2\/media?parent=14929"}],"wp:term":[{"taxonomy":"category","embeddable":true,"href":"https:\/\/tuxproject.de\/blog\/wp-json\/wp\/v2\/categories?post=14929"},{"taxonomy":"post_tag","embeddable":true,"href":"https:\/\/tuxproject.de\/blog\/wp-json\/wp\/v2\/tags?post=14929"},{"taxonomy":"series","embeddable":true,"href":"https:\/\/tuxproject.de\/blog\/wp-json\/wp\/v2\/series?post=14929"}],"curies":[{"name":"wp","href":"https:\/\/api.w.org\/{rel}","templated":true}]}}