{"id":14719,"date":"2018-12-02T17:10:38","date_gmt":"2018-12-02T16:10:38","guid":{"rendered":"https:\/\/tuxproject.de\/blog\/?p=14719"},"modified":"2018-12-02T17:10:38","modified_gmt":"2018-12-02T16:10:38","slug":"gebt-uns-geld-halleluja","status":"publish","type":"post","link":"https:\/\/tuxproject.de\/blog\/2018\/12\/gebt-uns-geld-halleluja\/","title":{"rendered":"Gebt uns Geld, halleluja!"},"content":{"rendered":"<p>Es ist schon Anfang Dezem\u00adber und ich wurde noch nicht aus\u00adre\u00adichend von Wege\u00adlager\u00adern mein\u00ader Freizeit beraubt. Da aber jed\u00ader wei\u00df, dass diejeni\u00adgen, die nicht ohne\u00adhin schon an jedem Wohlt\u00e4tigkeits\u00add\u00ading teil\u00adnehmen, beson\u00adders in der hek\u00adtis\u00adchen, kalten, schrillen Vor\u00adwei\u00adh\u00adnacht\u00adszeit zwis\u00adchen Organ\u00adi\u00adsa\u00adtion und l\u00e4cher\u00adlich teurem Einkauf von Tand und Tin\u00adnef f\u00fcr die allen\u00adfalls gel\u00ado\u00adgen ertra\u00adgene Ver\u00adwandt- und Bekan\u00adntschaft dazu bere\u00adit sind, dem Wer\u00adben von Bet\u00adtlern nachzugeben, begeben sich die <a href=\"https:\/\/webcache.googleusercontent.com\/search?q=cache:3Su62CAYiYoJ:https:\/\/katholisches.info\/2018\/07\/02\/vatikan-hat-noch-immer-kein-anti-paederasten-gesetz\/+&amp;cd=8&amp;hl=de&amp;ct=clnk&amp;gl=uk\">Teilzeit\u00adp\u00e4deras\u00adten<\/a> endlich <a href=\"https:\/\/www.deutschlandfunk.de\/kirchen-adveniat-und-brot-fuer-die-welt-starten.1939.de.html?drn:news_id=951911\">in Gefecht\u00adspo\u00adsi\u00adtion:<\/a><\/p>\n<blockquote><p>Das katholis\u00adche Hil\u00adf\u00adswerk \u201eAdve\u00adni\u00adat\u201c er\u00f6ffnete seine Kam\u00adpagne mit einem Gottes\u00addi\u00adenst in Wies\u00adbaden. (\u2026) Das Mot\u00adto lautet \u201eChan\u00adcen geben \u2013 Jugend will Ver\u00adant\u00adwor\u00adtung\u201c.<\/p><\/blockquote>\n<p>Man muss es ja auch ver\u00adste\u00adhen: Bei l\u00e4cher\u00adlich niedri\u00adgen staatlichen Zuwen\u00addun\u00adgen in zweis\u00adtel\u00adliger Mil\u00adliar\u00adden\u00adh\u00f6he, die \u00fcber\u00adwiegend f\u00fcr die <a href=\"https:\/\/www.srf.ch\/kultur\/gesellschaft-religion\/sexueller-missbrauch-streit-wegen-entschaedigung-fuer-missbrauchsopfer-der-kirche\">Entsch\u00e4di\u00adgung von Kirchenopfern<\/a> ben\u00f6tigt wer\u00adden, kann nie\u00admand erwarten, dass davon auch noch die Last des Brotver\u00adschenkens getra\u00adgen wird. <em>Jugend will Ver\u00adant\u00adwor\u00adtung<\/em>, das muss man doch ver\u00adste\u00adhen.<\/p>\n<p>Nicht auszu\u00addenken, wie viel Geld f\u00fcr die <em>Entwick\u00adlung\u00adshil\u00adfe<\/em> erst frei w\u00fcrde, entstaatlichte man endlich die Kirchen. Wer sie noch immer mit seinen Steuern f\u00f6rdert, der tr\u00e4gt eine Mitschuld. Der beste Tag f\u00fcr einen Kirchenaus\u00adtritt war schon immer der gestrige.<\/p>\n","protected":false},"excerpt":{"rendered":"<p>Es ist schon Anfang Dezem\u00adber und ich wurde noch nicht aus\u00adre\u00adichend von Wege\u00adlager\u00adern mein\u00ader Freizeit beraubt. Da aber jed\u00ader wei\u00df, dass diejeni\u00adgen, die nicht ohne\u00adhin schon an jedem Wohlt\u00e4tigkeits\u00add\u00ading teil\u00adnehmen, beson\u00adders in der hek\u00adtis\u00adchen, kalten, schrillen Vor\u00adwei\u00adh\u00adnacht\u00adszeit zwis\u00adchen Organ\u00adi\u00adsa\u00adtion und l\u00e4cher\u00adlich teurem Einkauf von Tand und Tin\u00adnef f\u00fcr die allen\u00adfalls gel\u00ado\u00adgen ertra\u00adgene Ver\u00adwandt- und Bekan\u00adntschaft \u2026<\/p>\n<p><a href=\"https:\/\/tuxproject.de\/blog\/2018\/12\/gebt-uns-geld-halleluja\/\" class=\"more-link\">\u2018Gebt uns Geld, hal\u00adlelu\u00adja!\u2019 weit\u00ader\u00adlesen \u00bb<\/a><\/p>\n","protected":false},"author":1,"featured_media":0,"comment_status":"open","ping_status":"open","sticky":false,"template":"","format":"standard","meta":{"wp_typography_post_enhancements_disabled":false,"footnotes":""},"categories":[13,29],"tags":[],"series":[],"class_list":["post-14719","post","type-post","status-publish","format-standard","hentry","category-in-den-nachrichten","category-wirtschaft"],"share_on_mastodon":{"url":"","error":""},"wp-worthy-pixel":{"ignored":false,"public":null,"server":null,"url":null},"wp-worthy-type":"normal","_links":{"self":[{"href":"https:\/\/tuxproject.de\/blog\/wp-json\/wp\/v2\/posts\/14719","targetHints":{"allow":["GET"]}}],"collection":[{"href":"https:\/\/tuxproject.de\/blog\/wp-json\/wp\/v2\/posts"}],"about":[{"href":"https:\/\/tuxproject.de\/blog\/wp-json\/wp\/v2\/types\/post"}],"author":[{"embeddable":true,"href":"https:\/\/tuxproject.de\/blog\/wp-json\/wp\/v2\/users\/1"}],"replies":[{"embeddable":true,"href":"https:\/\/tuxproject.de\/blog\/wp-json\/wp\/v2\/comments?post=14719"}],"version-history":[{"count":0,"href":"https:\/\/tuxproject.de\/blog\/wp-json\/wp\/v2\/posts\/14719\/revisions"}],"wp:attachment":[{"href":"https:\/\/tuxproject.de\/blog\/wp-json\/wp\/v2\/media?parent=14719"}],"wp:term":[{"taxonomy":"category","embeddable":true,"href":"https:\/\/tuxproject.de\/blog\/wp-json\/wp\/v2\/categories?post=14719"},{"taxonomy":"post_tag","embeddable":true,"href":"https:\/\/tuxproject.de\/blog\/wp-json\/wp\/v2\/tags?post=14719"},{"taxonomy":"series","embeddable":true,"href":"https:\/\/tuxproject.de\/blog\/wp-json\/wp\/v2\/series?post=14719"}],"curies":[{"name":"wp","href":"https:\/\/api.w.org\/{rel}","templated":true}]}}