{"id":14716,"date":"2018-12-01T20:43:35","date_gmt":"2018-12-01T19:43:35","guid":{"rendered":"https:\/\/tuxproject.de\/blog\/?p=14716"},"modified":"2018-12-01T20:43:35","modified_gmt":"2018-12-01T19:43:35","slug":"medienkritik-in-kuerze-alter","status":"publish","type":"post","link":"https:\/\/tuxproject.de\/blog\/2018\/12\/medienkritik-in-kuerze-alter\/","title":{"rendered":"Medienkritik in K\u00fcrze: Alter!"},"content":{"rendered":"<p>Angenom\u00admen, in ein\u00ader anson\u00adsten v\u00f6l\u00adlig belan\u00adglosen Stadt \u2014 zum Beispiel Han\u00adnover \u2014 passiert etwas, was nicht unbe\u00add\u00adingt allt\u00e4glich ist; dass n\u00e4m\u00adlich zwei Men\u00adschen so arg miteinan\u00adder in Stre\u00adit ger\u00adat\u00aden, dass ein\u00ader von ihnen Stichver\u00adlet\u00adzun\u00adgen davon\u00adtr\u00e4gt, <a href=\"https:\/\/schwerdtfegr.wordpress.com\/2018\/12\/01\/es-wird-gemessert-in-hannover\/\">wie auch immer<\/a> das zusam\u00admen\u00adh\u00e4ngt. Berichtete ein Boule\u00advardmedi\u00adum dar\u00fcber, inter\u00adessierte es ver\u00admut\u00adlich vor allem die Nation\u00adal\u00adit\u00e4t und vielle\u00adicht noch das Geschlecht von T\u00e4ter und Opfer. Die Angabe des Alters ist allerd\u00adings voraus\u00adge\u00adset\u00adzt, denn man m\u00f6chte ja nicht \u00fcber das Geschehen, son\u00addern \u00fcber die Per\u00adso\u00adn\u00aden informiert wer\u00adden. Das unter\u00adschei\u00addet Jour\u00adnal\u00adis\u00admus von \u201cJour\u00adnal\u00adis\u00admus\u201d.<\/p>\n<p>Und die Polizei? <a href=\"https:\/\/www.presseportal.de\/blaulicht\/pm\/66841\/4130974\">Nun ja:<\/a><\/p>\n<blockquote><p>Ein 48 Jahre alter Mann ist am Fre\u00aditag, 30.11.2018, im han\u00adnover\u00adschen Haupt\u00adbahn\u00adhof mit einem 53-J\u00e4hri\u00adgen aus bis\u00adlang unbekan\u00adnter Ursache in Stre\u00adit ger\u00adat\u00aden und hat dabei Stichver\u00adlet\u00adzun\u00adgen erlit\u00adten. Der 53-j\u00e4hrige Angreifer ist nach kurz\u00ader Flucht noch auf dem Ernst-August-Platz festgenom\u00admen wor\u00adden. (\u2026) Im weit\u00aderen Ver\u00adlauf f\u00fcgte der 53-J\u00e4hrige dem 48-J\u00e4hri\u00adgen Stichver\u00adlet\u00adzun\u00adgen im Bere\u00adich des Oberk\u00f6r\u00adpers zu.<\/p><\/blockquote>\n<p>Je mehr Zahlen je weniger Wert haben, desto lieber lesen Men\u00adschen den sie umschlie\u00dfen\u00adden Text. Ob das Ver\u00adlagsster\u00adben wohl auch die Polizei erre\u00adicht?<\/p>\n","protected":false},"excerpt":{"rendered":"<p>Angenom\u00admen, in ein\u00ader anson\u00adsten v\u00f6l\u00adlig belan\u00adglosen Stadt \u2014 zum Beispiel Han\u00adnover \u2014 passiert etwas, was nicht unbe\u00add\u00adingt allt\u00e4glich ist; dass n\u00e4m\u00adlich zwei Men\u00adschen so arg miteinan\u00adder in Stre\u00adit ger\u00adat\u00aden, dass ein\u00ader von ihnen Stichver\u00adlet\u00adzun\u00adgen davon\u00adtr\u00e4gt, wie auch immer das zusam\u00admen\u00adh\u00e4ngt. Berichtete ein Boule\u00advardmedi\u00adum dar\u00fcber, inter\u00adessierte es ver\u00admut\u00adlich vor allem die Nation\u00adal\u00adit\u00e4t und vielle\u00adicht noch das \u2026<\/p>\n<p><a href=\"https:\/\/tuxproject.de\/blog\/2018\/12\/medienkritik-in-kuerze-alter\/\" class=\"more-link\">\u2018Medi\u00adenkri\u00adtik in K\u00fcrze: Alter!\u2019 weit\u00ader\u00adlesen \u00bb<\/a><\/p>\n","protected":false},"author":1,"featured_media":0,"comment_status":"open","ping_status":"open","sticky":false,"template":"","format":"standard","meta":{"wp_typography_post_enhancements_disabled":false,"footnotes":""},"categories":[13],"tags":[],"series":[],"class_list":["post-14716","post","type-post","status-publish","format-standard","hentry","category-in-den-nachrichten"],"share_on_mastodon":{"url":"","error":""},"wp-worthy-pixel":{"ignored":false,"public":null,"server":null,"url":null},"wp-worthy-type":"normal","_links":{"self":[{"href":"https:\/\/tuxproject.de\/blog\/wp-json\/wp\/v2\/posts\/14716","targetHints":{"allow":["GET"]}}],"collection":[{"href":"https:\/\/tuxproject.de\/blog\/wp-json\/wp\/v2\/posts"}],"about":[{"href":"https:\/\/tuxproject.de\/blog\/wp-json\/wp\/v2\/types\/post"}],"author":[{"embeddable":true,"href":"https:\/\/tuxproject.de\/blog\/wp-json\/wp\/v2\/users\/1"}],"replies":[{"embeddable":true,"href":"https:\/\/tuxproject.de\/blog\/wp-json\/wp\/v2\/comments?post=14716"}],"version-history":[{"count":0,"href":"https:\/\/tuxproject.de\/blog\/wp-json\/wp\/v2\/posts\/14716\/revisions"}],"wp:attachment":[{"href":"https:\/\/tuxproject.de\/blog\/wp-json\/wp\/v2\/media?parent=14716"}],"wp:term":[{"taxonomy":"category","embeddable":true,"href":"https:\/\/tuxproject.de\/blog\/wp-json\/wp\/v2\/categories?post=14716"},{"taxonomy":"post_tag","embeddable":true,"href":"https:\/\/tuxproject.de\/blog\/wp-json\/wp\/v2\/tags?post=14716"},{"taxonomy":"series","embeddable":true,"href":"https:\/\/tuxproject.de\/blog\/wp-json\/wp\/v2\/series?post=14716"}],"curies":[{"name":"wp","href":"https:\/\/api.w.org\/{rel}","templated":true}]}}