{"id":125,"date":"2007-04-08T02:19:52","date_gmt":"2007-04-08T00:19:52","guid":{"rendered":"http:\/\/tuxman.tu.funpic.de\/wordpress\/?p=125"},"modified":"2021-12-05T23:03:47","modified_gmt":"2021-12-05T22:03:47","slug":"der-versprochene-beitrag-uber-ostern","status":"publish","type":"post","link":"https:\/\/tuxproject.de\/blog\/2007\/04\/der-versprochene-beitrag-uber-ostern\/","title":{"rendered":"Der versprochene Beitrag \u00fcber Ostern"},"content":{"rendered":"<p>Hal\u00adlo, liebe treue Leser!<br>\nIch fange direkt mal pro\u00advokant an:<\/p>\n<blockquote><p>Wen inter\u00adessiert Ostern? Aufer\u00adste\u00adhung, na danke. Feiern wir auch jedes Jahr den Geburt\u00adstag Bud\u00addhas, den Todestag Mohammeds oder den ersten Aus\u00adbruch des Vulka\u00adn\u00adgottes Maui oder wie der hei\u00dft?<\/p>\n<p>Zweimal im Jahr sind alle die fromm\u00adsten Chris\u00adten, und den Rest des Jahres wollen\u2019se \u2019ne Kirche nicht mal von au\u00dfen sehen m\u00fcssen und w\u00fcn\u00adschen ihren Mit\u00admen\u00adschen zeitweise den Papst oder sonst\u00adwen an den Hals.<\/p>\n<p>Heuch\u00adler!<\/p><\/blockquote>\n<p>(Zitat von <a href=\"http:\/\/forum.galaxy-network.de\/showpost.php?p=368428&amp;postcount=2\" target=\"_blank\" rel=\"noopener\">mir<\/a>)<\/p>\n<p>Tja, was feiern die Deutschen denn an Ostern?<br>\nEine \u00e4hn\u00adliche Frage <a href=\"https:\/\/tuxproject.de\/blog\/2006\/11\/frohe-ostern-im-voraus\/\" title=\"Frohe Ostern im Voraus!\">hat\u00adten wir<\/a> ja schon mal \u2014 und auch dies\u00admal f\u00e4llt dem geneigten Leser ver\u00admut\u00adlich nicht viel neues ein.<\/p>\n<p>Befra\u00adgen wir mal unser schlaues \u201c<a href=\"https:\/\/tuxproject.de\/blog\/wp-content\/uploads\/2007\/04\/Ostern\" target=\"_blank\" rel=\"noopener\">Buch<\/a>\u201d:<\/p>\n<blockquote><p>An Ostern feiern die Chris\u00adten die Aufer\u00adste\u00adhung Jesu Christi vom Tod. Diese geschah nach urchristlich\u00ader Glauben\u00ads\u00fcberzeu\u00adgung (vgl. im Neuen Tes\u00adta\u00adment) \u201cam drit\u00adten Tag\u201d nach seinem Tod, wobei der Todestag als erster Tag z\u00e4hlte: also am dem Kar\u00adfre\u00aditag fol\u00adgen\u00adden Oster\u00adson\u00adntag.<\/p><\/blockquote>\n<p>Abge\u00adse\u00adhen davon, dass dieser Glaube, rein wis\u00adsenschaftlich betra\u00adchtet, l\u00e4ngst von der mir sehr willkomme\u00adnen Annahme abgel\u00f6st wurde, Jesus sei Mit\u00adglied der <a href=\"https:\/\/tuxproject.de\/blog\/wp-content\/uploads\/2007\/04\/Nazor\u00e4er\" target=\"_blank\" rel=\"noopener\">Nazor\u00e4er<\/a>-Sek\u00adte gewe\u00adsen, in deren Umfeld auch ein \u201cspir\u00aditueller Tod\u201d zele\u00adbri\u00adert wurde (mehr dazu in <a href=\"https:\/\/tuxproject.de\/blog\/wp-content\/uploads\/2007\/04\/302-0678642-2530435?ie=UTF8&amp;s=books&amp;qid=1175990595&amp;sr=8-1\" target=\"_blank\" rel=\"noopener\">diesem<\/a> Buch), geh\u00f6rt doch eine Menge <span style=\"font-style:italic\">sim\u00adplic\u00adi\u00adtas<\/span> zu so einem Glauben. Aber das ist beim Glauben ja vertret\u00adbar, ste\u00adht er nicht umson\u00adst in direk\u00adter Konkur\u00adrenz zum Wis\u00adsen; also weit\u00ader:<\/p>\n<blockquote><p>Ostern ist aus the\u00adol\u00ado\u00adgis\u00adch\u00ader Sicht das wichtig\u00adste christliche Fest. Es soll die Freude \u00fcber den endg\u00fclti\u00adgen Sieg des Sohnes Gottes \u00fcber Tod und ewige Ver\u00addamm\u00adnis aus\u00addr\u00fcck\u00aden.<\/p><\/blockquote>\n<p>Hat er, mit Blick auf den Irak, gut gemacht, der Gottes\u00adsohn!<\/p>\n<p>Wo doch Ostern in unser\u00ader hek\u00adtis\u00adchen Zeit sowieso nicht mehr viel mit Glauben zu tun hat, son\u00addern dank \u201cOster\u00adha\u00adsis\u201d (also umgeschmolzene \u201cWei\u00adh\u00adnachts\u00adman\u00adns\u201d vom Vor\u00adjahr) und passenden Eiern (welch\u00ader Hase legt bitte Eier? <a href=\"https:\/\/tuxproject.de\/blog\/wp-content\/uploads\/2007\/04\/WTF\" target=\"_blank\" rel=\"noopener\">WTF<\/a>!) l\u00e4ngst verko\u00adrkst wurde.<\/p>\n<p>Apro\u00adpos Eier; da kam mir doch (mit\u00adtler\u00adweile) gestern eine Mut\u00adter mit Kind ent\u00adge\u00adgen, in der nicht unbe\u00add\u00adingt sch\u00f6\u00adnen Innen\u00adstadt von <a href=\"https:\/\/tuxproject.de\/blog\/wp-content\/uploads\/2007\/04\/wolfenbuettel.de\" target=\"_blank\" rel=\"noopener\">Wolfen\u00adb\u00fct\u00adtel<\/a>, wo einige \u00fcber\u00adgro\u00dfe Eierim\u00adi\u00adtate herum\u00adla\u00adgen, und wollte dem Kind tat\u00ads\u00e4ch\u00adlich weis\u00admachen, der \u201cOster\u00adhase\u201d habe sie dort hin\u00adgelegt. Na, <span style=\"font-weight:bold\">den<\/span> Hasen h\u00e4tt ich gern mal gese\u00adhen!<\/p>\n<p>Da wun\u00addert man sich nicht mehr \u00fcber die verko\u00adrk\u00adste Jugend, man bemitlei\u00addet sie and\u00e4chtig und geht sein\u00ader Wege.<\/p>\n<p>Aber zur\u00fcck zum The\u00adma Ostern:<br>\nDa predi\u00adgen die Deutschen in den Medi\u00aden flei\u00dfig Tol\u00ader\u00adanz, aber ver\u00adlan\u00adgen wie selb\u00adstver\u00adst\u00e4ndlich, dass man, ungeachtet der Glaubens\u00adfrage, ihr albernes Eier\u00adsuch\u00adfest mit\u00adfeiert. Schlimm genug, dass Ostern diverse Fr\u00fch\u00adlings\u00adg\u00f6t\u00adtin\u00adnen durch den immer gle\u00adichen, lang\u00adweili\u00adgen <a href=\"https:\/\/tuxproject.de\/blog\/wp-content\/uploads\/2007\/04\/JHWH\" target=\"_blank\" rel=\"noopener\">JHWH<\/a> erset\u00adzt (und fol\u00adglich einige Glauben\u00adsrich\u00adtun\u00adgen von der Erde getil\u00adgt) hat.<\/p>\n<p>Liebe Leser:<br>\nOstern ist f\u00fcr mich ein Tag (nun ja, ein Dop\u00adpelt\u00adag) wie jed\u00ader andere. Ich will euch nicht meinen \u201cGlauben\u201d aufzwin\u00adgen, aber dann lasst mich bitte auch mit dem euri\u00adgen in Ruhe!<\/p>\n<p>Viel Spa\u00df beim Eier\u00adsuchen, liebe M\u00e4n\u00adner (der musste ein\u00adfach sein)!<br>\n\u2014 euer Oster\u00adhase<\/p>\n","protected":false},"excerpt":{"rendered":"<p>Hal\u00adlo, liebe treue Leser! Ich fange direkt mal pro\u00advokant an: Wen inter\u00adessiert Ostern? Aufer\u00adste\u00adhung, na danke. Feiern wir auch jedes Jahr den Geburt\u00adstag Bud\u00addhas, den Todestag Mohammeds oder den ersten Aus\u00adbruch des Vulka\u00adn\u00adgottes Maui oder wie der hei\u00dft? Zweimal im Jahr sind alle die fromm\u00adsten Chris\u00adten, und den Rest des Jahres wollen\u2019se \u2019ne Kirche nicht \u2026<\/p>\n<p><a href=\"https:\/\/tuxproject.de\/blog\/2007\/04\/der-versprochene-beitrag-uber-ostern\/\" class=\"more-link\">\u2018Der ver\u00adsproch\u00adene Beitrag \u00fcber Ostern\u2019 weit\u00ader\u00adlesen \u00bb<\/a><\/p>\n","protected":false},"author":1,"featured_media":0,"comment_status":"open","ping_status":"open","sticky":false,"template":"","format":"standard","meta":{"wp_typography_post_enhancements_disabled":false,"footnotes":""},"categories":[1],"tags":[],"series":[],"class_list":["post-125","post","type-post","status-publish","format-standard","hentry","category-persoenliches"],"share_on_mastodon":{"url":"","error":""},"wp-worthy-pixel":{"ignored":false,"public":null,"server":null,"url":null},"wp-worthy-type":"normal","_links":{"self":[{"href":"https:\/\/tuxproject.de\/blog\/wp-json\/wp\/v2\/posts\/125","targetHints":{"allow":["GET"]}}],"collection":[{"href":"https:\/\/tuxproject.de\/blog\/wp-json\/wp\/v2\/posts"}],"about":[{"href":"https:\/\/tuxproject.de\/blog\/wp-json\/wp\/v2\/types\/post"}],"author":[{"embeddable":true,"href":"https:\/\/tuxproject.de\/blog\/wp-json\/wp\/v2\/users\/1"}],"replies":[{"embeddable":true,"href":"https:\/\/tuxproject.de\/blog\/wp-json\/wp\/v2\/comments?post=125"}],"version-history":[{"count":0,"href":"https:\/\/tuxproject.de\/blog\/wp-json\/wp\/v2\/posts\/125\/revisions"}],"wp:attachment":[{"href":"https:\/\/tuxproject.de\/blog\/wp-json\/wp\/v2\/media?parent=125"}],"wp:term":[{"taxonomy":"category","embeddable":true,"href":"https:\/\/tuxproject.de\/blog\/wp-json\/wp\/v2\/categories?post=125"},{"taxonomy":"post_tag","embeddable":true,"href":"https:\/\/tuxproject.de\/blog\/wp-json\/wp\/v2\/tags?post=125"},{"taxonomy":"series","embeddable":true,"href":"https:\/\/tuxproject.de\/blog\/wp-json\/wp\/v2\/series?post=125"}],"curies":[{"name":"wp","href":"https:\/\/api.w.org\/{rel}","templated":true}]}}