{
    "version": "https://jsonfeed.org/version/1.1",
    "user_comment": "This feed allows you to read the posts from this site in any feed reader that supports the JSON Feed format. To add this feed to your reader, copy the following URL -- https://tuxproject.de/blog/2025/08/anchor-and-burden-like-forever-abwaertsautonomie/feed/json/ -- and add it your reader.",
    "home_page_url": "https://tuxproject.de/blog/2025/08/anchor-and-burden-like-forever-abwaertsautonomie/",
    "feed_url": "https://tuxproject.de/blog/2025/08/anchor-and-burden-like-forever-abwaertsautonomie/feed/json/",
    "language": "de",
    "title": "Comments on: Anchor and Burden \u2014 Like Forever // Abwa\u0308rtsautonomie",
    "description": "Relevanz auf Halbmast.",
    "icon": "https://tuxproject.de/blog/wp-content/uploads/2017/05/cropped-penrose.png",
    "items": [
        {
            "id": "https://tuxproject.de/blog/2025/08/anchor-and-burden-like-forever-abwaertsautonomie/#comment-87297",
            "url": "https://tuxproject.de/blog/2025/08/anchor-and-burden-like-forever-abwaertsautonomie/#comment-87297",
            "content_html": "@juri nello, (letzter Hinterbliebener aus der \u00c4ra der einstmals tonangebenden linken Alpha-Blog-Kommentatoren, mit einem Hang zu eigenen Blogbeitr\u00e4gen getarnt als Kommentar): Nein, der Text oben von tux hat nullkommagarnichts mit \"rechte Schl\u00e4gertruppen haben \u00fcberhaupt erst die linken Schl\u00e4gertruppen hervorgebracht\" zu tun, denn alles, was man dazu wissen muss - und ich meine wirklich ALLES - steht in diesem kristall-klaren Abschnitt von tux (traurig, melancholisch, aber deshalb nicht weniger wahr): \"Apropos, ein Gedanke zur Autonomie: Nach allem, was ich in den letzten Jahren aus Kreisen, die sich als \u201eautonom\u201c begreifen, obwohl doch Autorit\u00e4tsh\u00f6rigkeit ihr wesentliches Handeln formt, mitbekommen habe, f\u00fcrchte ich, dass die gr\u00f6\u00dften Gegner der tats\u00e4chlich ausgelebten Autonomie nicht \u201edie Rechten\u201c sind, sondern die Autonomen\". \r\n\r\nDer Mob steht links und das v\u00f6llig ohne jeden Geist. Josi",
            "content_text": "@juri nello, (letzter Hinterbliebener aus der \u00c4ra der einstmals tonangebenden linken Alpha-Blog-Kommentatoren, mit einem Hang zu eigenen Blogbeitr\u00e4gen getarnt als Kommentar): Nein, der Text oben von tux hat nullkommagarnichts mit \"rechte Schl\u00e4gertruppen haben \u00fcberhaupt erst die linken Schl\u00e4gertruppen hervorgebracht\" zu tun, denn alles, was man dazu wissen muss - und ich meine wirklich ALLES - steht in diesem kristall-klaren Abschnitt von tux (traurig, melancholisch, aber deshalb nicht weniger wahr): \"Apropos, ein Gedanke zur Autonomie: Nach allem, was ich in den letzten Jahren aus Kreisen, die sich als \u201eautonom\u201c begreifen, obwohl doch Autorit\u00e4tsh\u00f6rigkeit ihr wesentliches Handeln formt, mitbekommen habe, f\u00fcrchte ich, dass die gr\u00f6\u00dften Gegner der tats\u00e4chlich ausgelebten Autonomie nicht \u201edie Rechten\u201c sind, sondern die Autonomen\". \r\n\r\nDer Mob steht links und das v\u00f6llig ohne jeden Geist. Josi",
            "date_published": "2025-08-26T16:22:46+02:00",
            "authors": [
                {
                    "name": "Josi",
                    "url": "",
                    "avatar": "data:image/svg+xml;base64,PD94bWwgdmVyc2lvbj0iMS4wIiBlbmNvZGluZz0iVVRGLTgiPz4KPHN2ZyB2ZXJzaW9uPSIxLjEiIHhtbG5zPSJodHRwOi8vd3d3LnczLm9yZy8yMDAwL3N2ZyIgd2lkdGg9IjUwIiBoZWlnaHQ9IjUwIiB2aWV3Qm94PSIwIDAgNTAgNTAiPgoJPHJlY3Qgd2lkdGg9IjEwMCUiIGhlaWdodD0iMTAwJSIgZmlsbD0iMSIvPgoJPHRleHQKCQlmaWxsPSIjZmZmIgoJCWZvbnQtZmFtaWx5PSJzYW5zLXNlcmlmIgoJCWZvbnQtc2l6ZT0iMjYiCgkJZm9udC13ZWlnaHQ9IjUwMCIKCQlkb21pbmFudC1iYXNlbGluZT0ibWlkZGxlIgoJCXRleHQtYW5jaG9yPSJtaWRkbGUiCgkJeD0iNTAlIgoJCXk9IjU1JSIKCT4KCQlKCgk8L3RleHQ+Cjwvc3ZnPg=="
                }
            ],
            "author": {
                "name": "Josi",
                "url": "",
                "avatar": "data:image/svg+xml;base64,PD94bWwgdmVyc2lvbj0iMS4wIiBlbmNvZGluZz0iVVRGLTgiPz4KPHN2ZyB2ZXJzaW9uPSIxLjEiIHhtbG5zPSJodHRwOi8vd3d3LnczLm9yZy8yMDAwL3N2ZyIgd2lkdGg9IjUwIiBoZWlnaHQ9IjUwIiB2aWV3Qm94PSIwIDAgNTAgNTAiPgoJPHJlY3Qgd2lkdGg9IjEwMCUiIGhlaWdodD0iMTAwJSIgZmlsbD0iMSIvPgoJPHRleHQKCQlmaWxsPSIjZmZmIgoJCWZvbnQtZmFtaWx5PSJzYW5zLXNlcmlmIgoJCWZvbnQtc2l6ZT0iMjYiCgkJZm9udC13ZWlnaHQ9IjUwMCIKCQlkb21pbmFudC1iYXNlbGluZT0ibWlkZGxlIgoJCXRleHQtYW5jaG9yPSJtaWRkbGUiCgkJeD0iNTAlIgoJCXk9IjU1JSIKCT4KCQlKCgk8L3RleHQ+Cjwvc3ZnPg=="
            }
        },
        {
            "id": "https://tuxproject.de/blog/2025/08/anchor-and-burden-like-forever-abwaertsautonomie/#comment-87283",
            "url": "https://tuxproject.de/blog/2025/08/anchor-and-burden-like-forever-abwaertsautonomie/#comment-87283",
            "content_html": "Wieso denn \"Seufz\"? Schmeckt's dem Panda heute etwa nicht? Oder ist es blo\u00df purer Neid?",
            "content_text": "Wieso denn \"Seufz\"? Schmeckt's dem Panda heute etwa nicht? Oder ist es blo\u00df purer Neid?",
            "date_published": "2025-08-18T13:16:42+02:00",
            "authors": [
                {
                    "name": "keine ahnung",
                    "url": "",
                    "avatar": "data:image/svg+xml;base64,PD94bWwgdmVyc2lvbj0iMS4wIiBlbmNvZGluZz0iVVRGLTgiPz4KPHN2ZyB2ZXJzaW9uPSIxLjEiIHhtbG5zPSJodHRwOi8vd3d3LnczLm9yZy8yMDAwL3N2ZyIgd2lkdGg9IjUwIiBoZWlnaHQ9IjUwIiB2aWV3Qm94PSIwIDAgNTAgNTAiPgoJPHJlY3Qgd2lkdGg9IjEwMCUiIGhlaWdodD0iMTAwJSIgZmlsbD0iMSIvPgoJPHRleHQKCQlmaWxsPSIjZmZmIgoJCWZvbnQtZmFtaWx5PSJzYW5zLXNlcmlmIgoJCWZvbnQtc2l6ZT0iMjYiCgkJZm9udC13ZWlnaHQ9IjUwMCIKCQlkb21pbmFudC1iYXNlbGluZT0ibWlkZGxlIgoJCXRleHQtYW5jaG9yPSJtaWRkbGUiCgkJeD0iNTAlIgoJCXk9IjU1JSIKCT4KCQlLCgk8L3RleHQ+Cjwvc3ZnPg=="
                }
            ],
            "author": {
                "name": "keine ahnung",
                "url": "",
                "avatar": "data:image/svg+xml;base64,PD94bWwgdmVyc2lvbj0iMS4wIiBlbmNvZGluZz0iVVRGLTgiPz4KPHN2ZyB2ZXJzaW9uPSIxLjEiIHhtbG5zPSJodHRwOi8vd3d3LnczLm9yZy8yMDAwL3N2ZyIgd2lkdGg9IjUwIiBoZWlnaHQ9IjUwIiB2aWV3Qm94PSIwIDAgNTAgNTAiPgoJPHJlY3Qgd2lkdGg9IjEwMCUiIGhlaWdodD0iMTAwJSIgZmlsbD0iMSIvPgoJPHRleHQKCQlmaWxsPSIjZmZmIgoJCWZvbnQtZmFtaWx5PSJzYW5zLXNlcmlmIgoJCWZvbnQtc2l6ZT0iMjYiCgkJZm9udC13ZWlnaHQ9IjUwMCIKCQlkb21pbmFudC1iYXNlbGluZT0ibWlkZGxlIgoJCXRleHQtYW5jaG9yPSJtaWRkbGUiCgkJeD0iNTAlIgoJCXk9IjU1JSIKCT4KCQlLCgk8L3RleHQ+Cjwvc3ZnPg=="
            }
        },
        {
            "id": "https://tuxproject.de/blog/2025/08/anchor-and-burden-like-forever-abwaertsautonomie/#comment-87282",
            "url": "https://tuxproject.de/blog/2025/08/anchor-and-burden-like-forever-abwaertsautonomie/#comment-87282",
            "content_html": "\"Die sind die Zukunft und machen uns bald arbeitslos.\" Nanu? Warst Du  nicht Entwickler oder zahlt die Praline einfach besser? Ich frage f\u00fcr 1 Freund.\r\n\r\nSolang die Rechten eine Pr\u00fcgeltruppe haben, brauchen die Linken auch einem um dem was entgegensetzen zu k\u00f6nnen. Das beide nicht viel mit Freiheit zu tun haben, ist doch wohl kaum verwunderlich. Freiheit gibt es erst nach dem Tod.",
            "content_text": "\"Die sind die Zukunft und machen uns bald arbeitslos.\" Nanu? Warst Du  nicht Entwickler oder zahlt die Praline einfach besser? Ich frage f\u00fcr 1 Freund.\r\n\r\nSolang die Rechten eine Pr\u00fcgeltruppe haben, brauchen die Linken auch einem um dem was entgegensetzen zu k\u00f6nnen. Das beide nicht viel mit Freiheit zu tun haben, ist doch wohl kaum verwunderlich. Freiheit gibt es erst nach dem Tod.",
            "date_published": "2025-08-18T08:55:09+02:00",
            "authors": [
                {
                    "name": "juri nello",
                    "url": "",
                    "avatar": "data:image/svg+xml;base64,PD94bWwgdmVyc2lvbj0iMS4wIiBlbmNvZGluZz0iVVRGLTgiPz4KPHN2ZyB2ZXJzaW9uPSIxLjEiIHhtbG5zPSJodHRwOi8vd3d3LnczLm9yZy8yMDAwL3N2ZyIgd2lkdGg9IjUwIiBoZWlnaHQ9IjUwIiB2aWV3Qm94PSIwIDAgNTAgNTAiPgoJPHJlY3Qgd2lkdGg9IjEwMCUiIGhlaWdodD0iMTAwJSIgZmlsbD0iMSIvPgoJPHRleHQKCQlmaWxsPSIjZmZmIgoJCWZvbnQtZmFtaWx5PSJzYW5zLXNlcmlmIgoJCWZvbnQtc2l6ZT0iMjYiCgkJZm9udC13ZWlnaHQ9IjUwMCIKCQlkb21pbmFudC1iYXNlbGluZT0ibWlkZGxlIgoJCXRleHQtYW5jaG9yPSJtaWRkbGUiCgkJeD0iNTAlIgoJCXk9IjU1JSIKCT4KCQlKCgk8L3RleHQ+Cjwvc3ZnPg=="
                }
            ],
            "author": {
                "name": "juri nello",
                "url": "",
                "avatar": "data:image/svg+xml;base64,PD94bWwgdmVyc2lvbj0iMS4wIiBlbmNvZGluZz0iVVRGLTgiPz4KPHN2ZyB2ZXJzaW9uPSIxLjEiIHhtbG5zPSJodHRwOi8vd3d3LnczLm9yZy8yMDAwL3N2ZyIgd2lkdGg9IjUwIiBoZWlnaHQ9IjUwIiB2aWV3Qm94PSIwIDAgNTAgNTAiPgoJPHJlY3Qgd2lkdGg9IjEwMCUiIGhlaWdodD0iMTAwJSIgZmlsbD0iMSIvPgoJPHRleHQKCQlmaWxsPSIjZmZmIgoJCWZvbnQtZmFtaWx5PSJzYW5zLXNlcmlmIgoJCWZvbnQtc2l6ZT0iMjYiCgkJZm9udC13ZWlnaHQ9IjUwMCIKCQlkb21pbmFudC1iYXNlbGluZT0ibWlkZGxlIgoJCXRleHQtYW5jaG9yPSJtaWRkbGUiCgkJeD0iNTAlIgoJCXk9IjU1JSIKCT4KCQlKCgk8L3RleHQ+Cjwvc3ZnPg=="
            }
        }
    ]
}