{
    "version": "https://jsonfeed.org/version/1.1",
    "user_comment": "This feed allows you to read the posts from this site in any feed reader that supports the JSON Feed format. To add this feed to your reader, copy the following URL -- https://tuxproject.de/blog/2023/07/%f0%9f%92%a9-12/feed/json/ -- and add it your reader.",
    "home_page_url": "https://tuxproject.de/blog/2023/07/%f0%9f%92%a9-12/",
    "feed_url": "https://tuxproject.de/blog/2023/07/%f0%9f%92%a9-12/feed/json/",
    "language": "de",
    "title": "Comments on: \ud83d\udca9 (12)",
    "description": "Relevanz auf Halbmast.",
    "icon": "https://tuxproject.de/blog/wp-content/uploads/2017/05/cropped-penrose.png",
    "items": [
        {
            "id": "https://tuxproject.de/blog/2023/07/%f0%9f%92%a9-12/#comment-85378",
            "url": "https://tuxproject.de/blog/2023/07/%f0%9f%92%a9-12/#comment-85378",
            "content_html": "[&#8230;] Die erweiterung der digitalen hieroglyfen f\u00fcr die generazjon wischofon f\u00fchrt nur noch zu vertikalem kopfsch\u00fctteln. [&#8230;]",
            "content_text": "[&#8230;] Die erweiterung der digitalen hieroglyfen f\u00fcr die generazjon wischofon f\u00fchrt nur noch zu vertikalem kopfsch\u00fctteln. [&#8230;]",
            "date_published": "2023-07-15T17:26:43+02:00",
            "authors": [
                {
                    "name": "Emoji des tages | Schwerdtfegr (beta)",
                    "url": "https://schwerdtfegr.wordpress.com/2023/07/15/emoji-des-tages-5/",
                    "avatar": false
                }
            ],
            "author": {
                "name": "Emoji des tages | Schwerdtfegr (beta)",
                "url": "https://schwerdtfegr.wordpress.com/2023/07/15/emoji-des-tages-5/",
                "avatar": false
            }
        },
        {
            "id": "https://tuxproject.de/blog/2023/07/%f0%9f%92%a9-12/#comment-85377",
            "url": "https://tuxproject.de/blog/2023/07/%f0%9f%92%a9-12/#comment-85377",
            "content_html": "Du musst du wohl in die saure Limette beissen.",
            "content_text": "Du musst du wohl in die saure Limette beissen.",
            "date_published": "2023-07-14T21:52:44+02:00",
            "authors": [
                {
                    "name": "Anonym",
                    "url": "",
                    "avatar": "data:image/svg+xml;base64,PD94bWwgdmVyc2lvbj0iMS4wIiBlbmNvZGluZz0iVVRGLTgiPz4KPHN2ZyB2ZXJzaW9uPSIxLjEiIHhtbG5zPSJodHRwOi8vd3d3LnczLm9yZy8yMDAwL3N2ZyIgd2lkdGg9IjUwIiBoZWlnaHQ9IjUwIiB2aWV3Qm94PSIwIDAgNTAgNTAiPgoJPHJlY3Qgd2lkdGg9IjEwMCUiIGhlaWdodD0iMTAwJSIgZmlsbD0iMSIvPgoJPHRleHQKCQlmaWxsPSIjZmZmIgoJCWZvbnQtZmFtaWx5PSJzYW5zLXNlcmlmIgoJCWZvbnQtc2l6ZT0iMjYiCgkJZm9udC13ZWlnaHQ9IjUwMCIKCQlkb21pbmFudC1iYXNlbGluZT0ibWlkZGxlIgoJCXRleHQtYW5jaG9yPSJtaWRkbGUiCgkJeD0iNTAlIgoJCXk9IjU1JSIKCT4KCQkKCTwvdGV4dD4KPC9zdmc+"
                }
            ],
            "author": {
                "name": "Anonym",
                "url": "",
                "avatar": "data:image/svg+xml;base64,PD94bWwgdmVyc2lvbj0iMS4wIiBlbmNvZGluZz0iVVRGLTgiPz4KPHN2ZyB2ZXJzaW9uPSIxLjEiIHhtbG5zPSJodHRwOi8vd3d3LnczLm9yZy8yMDAwL3N2ZyIgd2lkdGg9IjUwIiBoZWlnaHQ9IjUwIiB2aWV3Qm94PSIwIDAgNTAgNTAiPgoJPHJlY3Qgd2lkdGg9IjEwMCUiIGhlaWdodD0iMTAwJSIgZmlsbD0iMSIvPgoJPHRleHQKCQlmaWxsPSIjZmZmIgoJCWZvbnQtZmFtaWx5PSJzYW5zLXNlcmlmIgoJCWZvbnQtc2l6ZT0iMjYiCgkJZm9udC13ZWlnaHQ9IjUwMCIKCQlkb21pbmFudC1iYXNlbGluZT0ibWlkZGxlIgoJCXRleHQtYW5jaG9yPSJtaWRkbGUiCgkJeD0iNTAlIgoJCXk9IjU1JSIKCT4KCQkKCTwvdGV4dD4KPC9zdmc+"
            }
        }
    ]
}