{
    "version": "https://jsonfeed.org/version/1.1",
    "user_comment": "This feed allows you to read the posts from this site in any feed reader that supports the JSON Feed format. To add this feed to your reader, copy the following URL -- https://tuxproject.de/blog/2021/10/si-vis-pacem-para-bellum-18/feed/json/ -- and add it your reader.",
    "home_page_url": "https://tuxproject.de/blog/2021/10/si-vis-pacem-para-bellum-18/",
    "feed_url": "https://tuxproject.de/blog/2021/10/si-vis-pacem-para-bellum-18/feed/json/",
    "language": "de",
    "title": "Comments on: Si vis pacem, para bellum. (18)",
    "description": "Relevanz auf Halbmast.",
    "icon": "https://tuxproject.de/blog/wp-content/uploads/2017/05/cropped-penrose.png",
    "items": [
        {
            "id": "https://tuxproject.de/blog/2021/10/si-vis-pacem-para-bellum-18/#comment-84146",
            "url": "https://tuxproject.de/blog/2021/10/si-vis-pacem-para-bellum-18/#comment-84146",
            "content_html": "Ich lese bei \"pacem\" immer \"pacman\" :-(",
            "content_text": "Ich lese bei \"pacem\" immer \"pacman\" :-(",
            "date_published": "2021-10-24T17:41:30+02:00",
            "authors": [
                {
                    "name": "artodeto",
                    "url": "https://artodeto.bazzline.net",
                    "avatar": "data:image/svg+xml;base64,PD94bWwgdmVyc2lvbj0iMS4wIiBlbmNvZGluZz0iVVRGLTgiPz4KPHN2ZyB2ZXJzaW9uPSIxLjEiIHhtbG5zPSJodHRwOi8vd3d3LnczLm9yZy8yMDAwL3N2ZyIgd2lkdGg9IjUwIiBoZWlnaHQ9IjUwIiB2aWV3Qm94PSIwIDAgNTAgNTAiPgoJPHJlY3Qgd2lkdGg9IjEwMCUiIGhlaWdodD0iMTAwJSIgZmlsbD0iMSIvPgoJPHRleHQKCQlmaWxsPSIjZmZmIgoJCWZvbnQtZmFtaWx5PSJzYW5zLXNlcmlmIgoJCWZvbnQtc2l6ZT0iMjYiCgkJZm9udC13ZWlnaHQ9IjUwMCIKCQlkb21pbmFudC1iYXNlbGluZT0ibWlkZGxlIgoJCXRleHQtYW5jaG9yPSJtaWRkbGUiCgkJeD0iNTAlIgoJCXk9IjU1JSIKCT4KCQlBCgk8L3RleHQ+Cjwvc3ZnPg=="
                }
            ],
            "author": {
                "name": "artodeto",
                "url": "https://artodeto.bazzline.net",
                "avatar": "data:image/svg+xml;base64,PD94bWwgdmVyc2lvbj0iMS4wIiBlbmNvZGluZz0iVVRGLTgiPz4KPHN2ZyB2ZXJzaW9uPSIxLjEiIHhtbG5zPSJodHRwOi8vd3d3LnczLm9yZy8yMDAwL3N2ZyIgd2lkdGg9IjUwIiBoZWlnaHQ9IjUwIiB2aWV3Qm94PSIwIDAgNTAgNTAiPgoJPHJlY3Qgd2lkdGg9IjEwMCUiIGhlaWdodD0iMTAwJSIgZmlsbD0iMSIvPgoJPHRleHQKCQlmaWxsPSIjZmZmIgoJCWZvbnQtZmFtaWx5PSJzYW5zLXNlcmlmIgoJCWZvbnQtc2l6ZT0iMjYiCgkJZm9udC13ZWlnaHQ9IjUwMCIKCQlkb21pbmFudC1iYXNlbGluZT0ibWlkZGxlIgoJCXRleHQtYW5jaG9yPSJtaWRkbGUiCgkJeD0iNTAlIgoJCXk9IjU1JSIKCT4KCQlBCgk8L3RleHQ+Cjwvc3ZnPg=="
            }
        },
        {
            "id": "https://tuxproject.de/blog/2021/10/si-vis-pacem-para-bellum-18/#comment-84145",
            "url": "https://tuxproject.de/blog/2021/10/si-vis-pacem-para-bellum-18/#comment-84145",
            "content_html": "Was war der  Aufschrei bei SDI damals gro\u00df. :D Nun haben wir folgerichtig die SMI (Strategic Murder Initiative) bekommen. Lasse machen. Sollense sehen, was sie davon haben.",
            "content_text": "Was war der  Aufschrei bei SDI damals gro\u00df. :D Nun haben wir folgerichtig die SMI (Strategic Murder Initiative) bekommen. Lasse machen. Sollense sehen, was sie davon haben.",
            "date_published": "2021-10-24T14:58:38+02:00",
            "authors": [
                {
                    "name": "Juri Nello",
                    "url": "",
                    "avatar": "data:image/svg+xml;base64,PD94bWwgdmVyc2lvbj0iMS4wIiBlbmNvZGluZz0iVVRGLTgiPz4KPHN2ZyB2ZXJzaW9uPSIxLjEiIHhtbG5zPSJodHRwOi8vd3d3LnczLm9yZy8yMDAwL3N2ZyIgd2lkdGg9IjUwIiBoZWlnaHQ9IjUwIiB2aWV3Qm94PSIwIDAgNTAgNTAiPgoJPHJlY3Qgd2lkdGg9IjEwMCUiIGhlaWdodD0iMTAwJSIgZmlsbD0iMSIvPgoJPHRleHQKCQlmaWxsPSIjZmZmIgoJCWZvbnQtZmFtaWx5PSJzYW5zLXNlcmlmIgoJCWZvbnQtc2l6ZT0iMjYiCgkJZm9udC13ZWlnaHQ9IjUwMCIKCQlkb21pbmFudC1iYXNlbGluZT0ibWlkZGxlIgoJCXRleHQtYW5jaG9yPSJtaWRkbGUiCgkJeD0iNTAlIgoJCXk9IjU1JSIKCT4KCQlKCgk8L3RleHQ+Cjwvc3ZnPg=="
                }
            ],
            "author": {
                "name": "Juri Nello",
                "url": "",
                "avatar": "data:image/svg+xml;base64,PD94bWwgdmVyc2lvbj0iMS4wIiBlbmNvZGluZz0iVVRGLTgiPz4KPHN2ZyB2ZXJzaW9uPSIxLjEiIHhtbG5zPSJodHRwOi8vd3d3LnczLm9yZy8yMDAwL3N2ZyIgd2lkdGg9IjUwIiBoZWlnaHQ9IjUwIiB2aWV3Qm94PSIwIDAgNTAgNTAiPgoJPHJlY3Qgd2lkdGg9IjEwMCUiIGhlaWdodD0iMTAwJSIgZmlsbD0iMSIvPgoJPHRleHQKCQlmaWxsPSIjZmZmIgoJCWZvbnQtZmFtaWx5PSJzYW5zLXNlcmlmIgoJCWZvbnQtc2l6ZT0iMjYiCgkJZm9udC13ZWlnaHQ9IjUwMCIKCQlkb21pbmFudC1iYXNlbGluZT0ibWlkZGxlIgoJCXRleHQtYW5jaG9yPSJtaWRkbGUiCgkJeD0iNTAlIgoJCXk9IjU1JSIKCT4KCQlKCgk8L3RleHQ+Cjwvc3ZnPg=="
            }
        },
        {
            "id": "https://tuxproject.de/blog/2021/10/si-vis-pacem-para-bellum-18/#comment-84144",
            "url": "https://tuxproject.de/blog/2021/10/si-vis-pacem-para-bellum-18/#comment-84144",
            "content_html": "Bei den Atomwaffen ist die NATO glaubw\u00fcrdig, da mittlerweile selbst die konventionellen R\u00fcstungsprojekte der USA, Zumwalt-Klasse oder F-35, in Inkompetenz oder Korruption absaufen, von der F\u00f6rderung deutscher Kleinanleger durch den Bendlerblock ganz zu schweigen.\r\nOb allerdings die Option \"Erweiterter Suizid\" im Kreml oder in Beijing auch nur zum Kopfkratzen f\u00fchrt, wage ich zu bezweiflen.\r\nAllerdings ist mittlerweile im gesamten Wertewesten\u00ae die R\u00fcstungsindustrie die ehrlichste Form des Kapitalismus. Ohne den Umweg irgendetwas N\u00fctzliches vort\u00e4uschen zu m\u00fcssen, werden die Steuergelder, meistens die kleiner Leute, in die Taschen des Kapitals umgeschichtet.",
            "content_text": "Bei den Atomwaffen ist die NATO glaubw\u00fcrdig, da mittlerweile selbst die konventionellen R\u00fcstungsprojekte der USA, Zumwalt-Klasse oder F-35, in Inkompetenz oder Korruption absaufen, von der F\u00f6rderung deutscher Kleinanleger durch den Bendlerblock ganz zu schweigen.\r\nOb allerdings die Option \"Erweiterter Suizid\" im Kreml oder in Beijing auch nur zum Kopfkratzen f\u00fchrt, wage ich zu bezweiflen.\r\nAllerdings ist mittlerweile im gesamten Wertewesten\u00ae die R\u00fcstungsindustrie die ehrlichste Form des Kapitalismus. Ohne den Umweg irgendetwas N\u00fctzliches vort\u00e4uschen zu m\u00fcssen, werden die Steuergelder, meistens die kleiner Leute, in die Taschen des Kapitals umgeschichtet.",
            "date_published": "2021-10-24T14:40:12+02:00",
            "authors": [
                {
                    "name": "Pater Busoni",
                    "url": "",
                    "avatar": "data:image/svg+xml;base64,PD94bWwgdmVyc2lvbj0iMS4wIiBlbmNvZGluZz0iVVRGLTgiPz4KPHN2ZyB2ZXJzaW9uPSIxLjEiIHhtbG5zPSJodHRwOi8vd3d3LnczLm9yZy8yMDAwL3N2ZyIgd2lkdGg9IjUwIiBoZWlnaHQ9IjUwIiB2aWV3Qm94PSIwIDAgNTAgNTAiPgoJPHJlY3Qgd2lkdGg9IjEwMCUiIGhlaWdodD0iMTAwJSIgZmlsbD0iMSIvPgoJPHRleHQKCQlmaWxsPSIjZmZmIgoJCWZvbnQtZmFtaWx5PSJzYW5zLXNlcmlmIgoJCWZvbnQtc2l6ZT0iMjYiCgkJZm9udC13ZWlnaHQ9IjUwMCIKCQlkb21pbmFudC1iYXNlbGluZT0ibWlkZGxlIgoJCXRleHQtYW5jaG9yPSJtaWRkbGUiCgkJeD0iNTAlIgoJCXk9IjU1JSIKCT4KCQlQCgk8L3RleHQ+Cjwvc3ZnPg=="
                }
            ],
            "author": {
                "name": "Pater Busoni",
                "url": "",
                "avatar": "data:image/svg+xml;base64,PD94bWwgdmVyc2lvbj0iMS4wIiBlbmNvZGluZz0iVVRGLTgiPz4KPHN2ZyB2ZXJzaW9uPSIxLjEiIHhtbG5zPSJodHRwOi8vd3d3LnczLm9yZy8yMDAwL3N2ZyIgd2lkdGg9IjUwIiBoZWlnaHQ9IjUwIiB2aWV3Qm94PSIwIDAgNTAgNTAiPgoJPHJlY3Qgd2lkdGg9IjEwMCUiIGhlaWdodD0iMTAwJSIgZmlsbD0iMSIvPgoJPHRleHQKCQlmaWxsPSIjZmZmIgoJCWZvbnQtZmFtaWx5PSJzYW5zLXNlcmlmIgoJCWZvbnQtc2l6ZT0iMjYiCgkJZm9udC13ZWlnaHQ9IjUwMCIKCQlkb21pbmFudC1iYXNlbGluZT0ibWlkZGxlIgoJCXRleHQtYW5jaG9yPSJtaWRkbGUiCgkJeD0iNTAlIgoJCXk9IjU1JSIKCT4KCQlQCgk8L3RleHQ+Cjwvc3ZnPg=="
            }
        },
        {
            "id": "https://tuxproject.de/blog/2021/10/si-vis-pacem-para-bellum-18/#comment-84143",
            "url": "https://tuxproject.de/blog/2021/10/si-vis-pacem-para-bellum-18/#comment-84143",
            "content_html": "[&#8230;] Annegret Kramp-Karrenbauer, CDU, kriegsministerin der BRD [&#8230;]",
            "content_text": "[&#8230;] Annegret Kramp-Karrenbauer, CDU, kriegsministerin der BRD [&#8230;]",
            "date_published": "2021-10-24T14:23:46+02:00",
            "authors": [
                {
                    "name": "Vorkriegszeit des tages | Schwerdtfegr (beta)",
                    "url": "https://schwerdtfegr.wordpress.com/2021/10/24/vorkriegszeit-des-tages-6/",
                    "avatar": false
                }
            ],
            "author": {
                "name": "Vorkriegszeit des tages | Schwerdtfegr (beta)",
                "url": "https://schwerdtfegr.wordpress.com/2021/10/24/vorkriegszeit-des-tages-6/",
                "avatar": false
            }
        }
    ]
}