{
    "version": "https://jsonfeed.org/version/1.1",
    "user_comment": "This feed allows you to read the posts from this site in any feed reader that supports the JSON Feed format. To add this feed to your reader, copy the following URL -- https://tuxproject.de/blog/2020/11/sozialabbau-dank-corona/feed/json/ -- and add it your reader.",
    "home_page_url": "https://tuxproject.de/blog/2020/11/sozialabbau-dank-corona/",
    "feed_url": "https://tuxproject.de/blog/2020/11/sozialabbau-dank-corona/feed/json/",
    "language": "de",
    "title": "Comments on: Sozialabbau dank Corona",
    "description": "Relevanz auf Halbmast.",
    "icon": "https://tuxproject.de/blog/wp-content/uploads/2017/05/cropped-penrose.png",
    "items": [
        {
            "id": "https://tuxproject.de/blog/2020/11/sozialabbau-dank-corona/#comment-83027",
            "url": "https://tuxproject.de/blog/2020/11/sozialabbau-dank-corona/#comment-83027",
            "content_html": "Etwas was unser Land noch mehr braucht, noch schlechter bezahlte und gew\u00fcrdigte Berufsst\u00e4nde und ein Meer von kaputt gemachten Menschen.\r\nMein Beileid an die Familien in Summe die unter diesem Quatsch leiden.\r\nWarum nicht mal dort mehr Gelder m\u00f6glich machen, Gewerkschaftsgr\u00fcndungen unterst\u00fctzten und soziale Standards erh\u00f6hen?\r\nKotzt ein alles an, besonders unter dem scheinheiligen Deckmantel von Kakalunka 75192.",
            "content_text": "Etwas was unser Land noch mehr braucht, noch schlechter bezahlte und gew\u00fcrdigte Berufsst\u00e4nde und ein Meer von kaputt gemachten Menschen.\r\nMein Beileid an die Familien in Summe die unter diesem Quatsch leiden.\r\nWarum nicht mal dort mehr Gelder m\u00f6glich machen, Gewerkschaftsgr\u00fcndungen unterst\u00fctzten und soziale Standards erh\u00f6hen?\r\nKotzt ein alles an, besonders unter dem scheinheiligen Deckmantel von Kakalunka 75192.",
            "date_published": "2020-11-05T08:34:06+01:00",
            "authors": [
                {
                    "name": "artodeto",
                    "url": "https://artodeto.bazzline.net",
                    "avatar": "data:image/svg+xml;base64,PD94bWwgdmVyc2lvbj0iMS4wIiBlbmNvZGluZz0iVVRGLTgiPz4KPHN2ZyB2ZXJzaW9uPSIxLjEiIHhtbG5zPSJodHRwOi8vd3d3LnczLm9yZy8yMDAwL3N2ZyIgd2lkdGg9IjUwIiBoZWlnaHQ9IjUwIiB2aWV3Qm94PSIwIDAgNTAgNTAiPgoJPHJlY3Qgd2lkdGg9IjEwMCUiIGhlaWdodD0iMTAwJSIgZmlsbD0iMSIvPgoJPHRleHQKCQlmaWxsPSIjZmZmIgoJCWZvbnQtZmFtaWx5PSJzYW5zLXNlcmlmIgoJCWZvbnQtc2l6ZT0iMjYiCgkJZm9udC13ZWlnaHQ9IjUwMCIKCQlkb21pbmFudC1iYXNlbGluZT0ibWlkZGxlIgoJCXRleHQtYW5jaG9yPSJtaWRkbGUiCgkJeD0iNTAlIgoJCXk9IjU1JSIKCT4KCQlBCgk8L3RleHQ+Cjwvc3ZnPg=="
                }
            ],
            "author": {
                "name": "artodeto",
                "url": "https://artodeto.bazzline.net",
                "avatar": "data:image/svg+xml;base64,PD94bWwgdmVyc2lvbj0iMS4wIiBlbmNvZGluZz0iVVRGLTgiPz4KPHN2ZyB2ZXJzaW9uPSIxLjEiIHhtbG5zPSJodHRwOi8vd3d3LnczLm9yZy8yMDAwL3N2ZyIgd2lkdGg9IjUwIiBoZWlnaHQ9IjUwIiB2aWV3Qm94PSIwIDAgNTAgNTAiPgoJPHJlY3Qgd2lkdGg9IjEwMCUiIGhlaWdodD0iMTAwJSIgZmlsbD0iMSIvPgoJPHRleHQKCQlmaWxsPSIjZmZmIgoJCWZvbnQtZmFtaWx5PSJzYW5zLXNlcmlmIgoJCWZvbnQtc2l6ZT0iMjYiCgkJZm9udC13ZWlnaHQ9IjUwMCIKCQlkb21pbmFudC1iYXNlbGluZT0ibWlkZGxlIgoJCXRleHQtYW5jaG9yPSJtaWRkbGUiCgkJeD0iNTAlIgoJCXk9IjU1JSIKCT4KCQlBCgk8L3RleHQ+Cjwvc3ZnPg=="
            }
        },
        {
            "id": "https://tuxproject.de/blog/2020/11/sozialabbau-dank-corona/#comment-83026",
            "url": "https://tuxproject.de/blog/2020/11/sozialabbau-dank-corona/#comment-83026",
            "content_html": "Ja, machen wir die Pflegeberufe noch unattraktiver. Aber es gibt sicher noch ein Drittweltland von dem wir fertig ausgebildete Leute importieren k\u00f6nnen. \r\n\r\nDie von Spahn versprochene Gratifikation war auch nur ein versprecher.",
            "content_text": "Ja, machen wir die Pflegeberufe noch unattraktiver. Aber es gibt sicher noch ein Drittweltland von dem wir fertig ausgebildete Leute importieren k\u00f6nnen. \r\n\r\nDie von Spahn versprochene Gratifikation war auch nur ein versprecher.",
            "date_published": "2020-11-04T18:31:42+01:00",
            "authors": [
                {
                    "name": "derda",
                    "url": "",
                    "avatar": "data:image/svg+xml;base64,PD94bWwgdmVyc2lvbj0iMS4wIiBlbmNvZGluZz0iVVRGLTgiPz4KPHN2ZyB2ZXJzaW9uPSIxLjEiIHhtbG5zPSJodHRwOi8vd3d3LnczLm9yZy8yMDAwL3N2ZyIgd2lkdGg9IjUwIiBoZWlnaHQ9IjUwIiB2aWV3Qm94PSIwIDAgNTAgNTAiPgoJPHJlY3Qgd2lkdGg9IjEwMCUiIGhlaWdodD0iMTAwJSIgZmlsbD0iMSIvPgoJPHRleHQKCQlmaWxsPSIjZmZmIgoJCWZvbnQtZmFtaWx5PSJzYW5zLXNlcmlmIgoJCWZvbnQtc2l6ZT0iMjYiCgkJZm9udC13ZWlnaHQ9IjUwMCIKCQlkb21pbmFudC1iYXNlbGluZT0ibWlkZGxlIgoJCXRleHQtYW5jaG9yPSJtaWRkbGUiCgkJeD0iNTAlIgoJCXk9IjU1JSIKCT4KCQlECgk8L3RleHQ+Cjwvc3ZnPg=="
                }
            ],
            "author": {
                "name": "derda",
                "url": "",
                "avatar": "data:image/svg+xml;base64,PD94bWwgdmVyc2lvbj0iMS4wIiBlbmNvZGluZz0iVVRGLTgiPz4KPHN2ZyB2ZXJzaW9uPSIxLjEiIHhtbG5zPSJodHRwOi8vd3d3LnczLm9yZy8yMDAwL3N2ZyIgd2lkdGg9IjUwIiBoZWlnaHQ9IjUwIiB2aWV3Qm94PSIwIDAgNTAgNTAiPgoJPHJlY3Qgd2lkdGg9IjEwMCUiIGhlaWdodD0iMTAwJSIgZmlsbD0iMSIvPgoJPHRleHQKCQlmaWxsPSIjZmZmIgoJCWZvbnQtZmFtaWx5PSJzYW5zLXNlcmlmIgoJCWZvbnQtc2l6ZT0iMjYiCgkJZm9udC13ZWlnaHQ9IjUwMCIKCQlkb21pbmFudC1iYXNlbGluZT0ibWlkZGxlIgoJCXRleHQtYW5jaG9yPSJtaWRkbGUiCgkJeD0iNTAlIgoJCXk9IjU1JSIKCT4KCQlECgk8L3RleHQ+Cjwvc3ZnPg=="
            }
        },
        {
            "id": "https://tuxproject.de/blog/2020/11/sozialabbau-dank-corona/#comment-83025",
            "url": "https://tuxproject.de/blog/2020/11/sozialabbau-dank-corona/#comment-83025",
            "content_html": "Das sich NDS mal bei den Schluchtenschei\u00dfern orientieren w\u00fcrde?  Gut, die haben es gleich f\u00fcr alle eingef\u00fchrt. Wird eh kommen - f\u00fcr ganz Deutschland und alle Berufszweige.  Die Niedersachsen sind jetzt das Testmodell, was dann partei\u00fcbergreifend in allen Bundesl\u00e4ndern beschlossen werden wird. Das ist leider nix Neues, dass diese Art Impulse auch von der SPD ausgehen. \r\nDas Problem: Wenn die es nicht machen, macht es eben eine andere Partei, ganz gleich welcher Couleur (es gibt da nur eine Ausnahme). Denn hier geht es um Posten, die Zukunft, falls man als Mandatstr\u00e4ger mal ausscheidet und sehr viel Geld, wovon doch m\u00f6glichst viel in der eigenen Tasche landen soll. Das w\u00fcrden indes die \"normalen\" B\u00fcrger nicht anders abhandeln, w\u00e4ren sie in der gleichen Position. Es geht immer nur um den Platz am Futtertrog. Aber daf\u00fcr gibt`s bestimmt wieder Applaus vom Balkon. Ruhm sollte doch f\u00fcr Brot reichen?",
            "content_text": "Das sich NDS mal bei den Schluchtenschei\u00dfern orientieren w\u00fcrde?  Gut, die haben es gleich f\u00fcr alle eingef\u00fchrt. Wird eh kommen - f\u00fcr ganz Deutschland und alle Berufszweige.  Die Niedersachsen sind jetzt das Testmodell, was dann partei\u00fcbergreifend in allen Bundesl\u00e4ndern beschlossen werden wird. Das ist leider nix Neues, dass diese Art Impulse auch von der SPD ausgehen. \r\nDas Problem: Wenn die es nicht machen, macht es eben eine andere Partei, ganz gleich welcher Couleur (es gibt da nur eine Ausnahme). Denn hier geht es um Posten, die Zukunft, falls man als Mandatstr\u00e4ger mal ausscheidet und sehr viel Geld, wovon doch m\u00f6glichst viel in der eigenen Tasche landen soll. Das w\u00fcrden indes die \"normalen\" B\u00fcrger nicht anders abhandeln, w\u00e4ren sie in der gleichen Position. Es geht immer nur um den Platz am Futtertrog. Aber daf\u00fcr gibt`s bestimmt wieder Applaus vom Balkon. Ruhm sollte doch f\u00fcr Brot reichen?",
            "date_published": "2020-11-04T18:15:52+01:00",
            "authors": [
                {
                    "name": "Juri Nello",
                    "url": "",
                    "avatar": "data:image/svg+xml;base64,PD94bWwgdmVyc2lvbj0iMS4wIiBlbmNvZGluZz0iVVRGLTgiPz4KPHN2ZyB2ZXJzaW9uPSIxLjEiIHhtbG5zPSJodHRwOi8vd3d3LnczLm9yZy8yMDAwL3N2ZyIgd2lkdGg9IjUwIiBoZWlnaHQ9IjUwIiB2aWV3Qm94PSIwIDAgNTAgNTAiPgoJPHJlY3Qgd2lkdGg9IjEwMCUiIGhlaWdodD0iMTAwJSIgZmlsbD0iMSIvPgoJPHRleHQKCQlmaWxsPSIjZmZmIgoJCWZvbnQtZmFtaWx5PSJzYW5zLXNlcmlmIgoJCWZvbnQtc2l6ZT0iMjYiCgkJZm9udC13ZWlnaHQ9IjUwMCIKCQlkb21pbmFudC1iYXNlbGluZT0ibWlkZGxlIgoJCXRleHQtYW5jaG9yPSJtaWRkbGUiCgkJeD0iNTAlIgoJCXk9IjU1JSIKCT4KCQlKCgk8L3RleHQ+Cjwvc3ZnPg=="
                }
            ],
            "author": {
                "name": "Juri Nello",
                "url": "",
                "avatar": "data:image/svg+xml;base64,PD94bWwgdmVyc2lvbj0iMS4wIiBlbmNvZGluZz0iVVRGLTgiPz4KPHN2ZyB2ZXJzaW9uPSIxLjEiIHhtbG5zPSJodHRwOi8vd3d3LnczLm9yZy8yMDAwL3N2ZyIgd2lkdGg9IjUwIiBoZWlnaHQ9IjUwIiB2aWV3Qm94PSIwIDAgNTAgNTAiPgoJPHJlY3Qgd2lkdGg9IjEwMCUiIGhlaWdodD0iMTAwJSIgZmlsbD0iMSIvPgoJPHRleHQKCQlmaWxsPSIjZmZmIgoJCWZvbnQtZmFtaWx5PSJzYW5zLXNlcmlmIgoJCWZvbnQtc2l6ZT0iMjYiCgkJZm9udC13ZWlnaHQ9IjUwMCIKCQlkb21pbmFudC1iYXNlbGluZT0ibWlkZGxlIgoJCXRleHQtYW5jaG9yPSJtaWRkbGUiCgkJeD0iNTAlIgoJCXk9IjU1JSIKCT4KCQlKCgk8L3RleHQ+Cjwvc3ZnPg=="
            }
        }
    ]
}