{
    "version": "https://jsonfeed.org/version/1.1",
    "user_comment": "This feed allows you to read the posts from this site in any feed reader that supports the JSON Feed format. To add this feed to your reader, copy the following URL -- https://tuxproject.de/blog/2020/10/si-vis-pacem-fahre-bahn/feed/json/ -- and add it your reader.",
    "home_page_url": "https://tuxproject.de/blog/2020/10/si-vis-pacem-fahre-bahn/",
    "feed_url": "https://tuxproject.de/blog/2020/10/si-vis-pacem-fahre-bahn/feed/json/",
    "language": "de",
    "title": "Comments on: Si vis pacem, fahre Bahn.",
    "description": "Relevanz auf Halbmast.",
    "icon": "https://tuxproject.de/blog/wp-content/uploads/2017/05/cropped-penrose.png",
    "items": [
        {
            "id": "https://tuxproject.de/blog/2020/10/si-vis-pacem-fahre-bahn/#comment-82948",
            "url": "https://tuxproject.de/blog/2020/10/si-vis-pacem-fahre-bahn/#comment-82948",
            "content_html": "Hast Du noch nicht in der Bucht eine BW-Kluft und einen t\u00e4uschend echt aussehenden Dienstausweis geschossen?\r\n\r\nDie Maskerade nervt zwar, aber f\u00fcr kostenlos und umsonst die DB nutzen kann man auch mal ein Opfer bringen...\r\n\r\n...daf\u00fcr d\u00fcrfen die bei der DB Besch\u00e4ftigten ihre \"Freifahrten\" als geldwerten Vorteil versteuern, obwohl sie f\u00fcr die Mobilit\u00e4t in D sicher mehr beitragen als die BW f\u00fcr die Sicherheit ihres Landes.\r\n\r\nAber mit Speck f\u00e4ngt man halt M\u00e4use.",
            "content_text": "Hast Du noch nicht in der Bucht eine BW-Kluft und einen t\u00e4uschend echt aussehenden Dienstausweis geschossen?\r\n\r\nDie Maskerade nervt zwar, aber f\u00fcr kostenlos und umsonst die DB nutzen kann man auch mal ein Opfer bringen...\r\n\r\n...daf\u00fcr d\u00fcrfen die bei der DB Besch\u00e4ftigten ihre \"Freifahrten\" als geldwerten Vorteil versteuern, obwohl sie f\u00fcr die Mobilit\u00e4t in D sicher mehr beitragen als die BW f\u00fcr die Sicherheit ihres Landes.\r\n\r\nAber mit Speck f\u00e4ngt man halt M\u00e4use.",
            "date_published": "2020-10-12T11:23:58+02:00",
            "authors": [
                {
                    "name": "Siewurdengelesen",
                    "url": "",
                    "avatar": "data:image/svg+xml;base64,PD94bWwgdmVyc2lvbj0iMS4wIiBlbmNvZGluZz0iVVRGLTgiPz4KPHN2ZyB2ZXJzaW9uPSIxLjEiIHhtbG5zPSJodHRwOi8vd3d3LnczLm9yZy8yMDAwL3N2ZyIgd2lkdGg9IjUwIiBoZWlnaHQ9IjUwIiB2aWV3Qm94PSIwIDAgNTAgNTAiPgoJPHJlY3Qgd2lkdGg9IjEwMCUiIGhlaWdodD0iMTAwJSIgZmlsbD0iMSIvPgoJPHRleHQKCQlmaWxsPSIjZmZmIgoJCWZvbnQtZmFtaWx5PSJzYW5zLXNlcmlmIgoJCWZvbnQtc2l6ZT0iMjYiCgkJZm9udC13ZWlnaHQ9IjUwMCIKCQlkb21pbmFudC1iYXNlbGluZT0ibWlkZGxlIgoJCXRleHQtYW5jaG9yPSJtaWRkbGUiCgkJeD0iNTAlIgoJCXk9IjU1JSIKCT4KCQlTCgk8L3RleHQ+Cjwvc3ZnPg=="
                }
            ],
            "author": {
                "name": "Siewurdengelesen",
                "url": "",
                "avatar": "data:image/svg+xml;base64,PD94bWwgdmVyc2lvbj0iMS4wIiBlbmNvZGluZz0iVVRGLTgiPz4KPHN2ZyB2ZXJzaW9uPSIxLjEiIHhtbG5zPSJodHRwOi8vd3d3LnczLm9yZy8yMDAwL3N2ZyIgd2lkdGg9IjUwIiBoZWlnaHQ9IjUwIiB2aWV3Qm94PSIwIDAgNTAgNTAiPgoJPHJlY3Qgd2lkdGg9IjEwMCUiIGhlaWdodD0iMTAwJSIgZmlsbD0iMSIvPgoJPHRleHQKCQlmaWxsPSIjZmZmIgoJCWZvbnQtZmFtaWx5PSJzYW5zLXNlcmlmIgoJCWZvbnQtc2l6ZT0iMjYiCgkJZm9udC13ZWlnaHQ9IjUwMCIKCQlkb21pbmFudC1iYXNlbGluZT0ibWlkZGxlIgoJCXRleHQtYW5jaG9yPSJtaWRkbGUiCgkJeD0iNTAlIgoJCXk9IjU1JSIKCT4KCQlTCgk8L3RleHQ+Cjwvc3ZnPg=="
            }
        },
        {
            "id": "https://tuxproject.de/blog/2020/10/si-vis-pacem-fahre-bahn/#comment-82945",
            "url": "https://tuxproject.de/blog/2020/10/si-vis-pacem-fahre-bahn/#comment-82945",
            "content_html": "[&#8230;] 37 Millionen Euro f\u00fcr die allgemeine Grundversorgung durch die Krankenh\u00e4user und 40 Millionen Euro&#8230; [&#8230;]",
            "content_text": "[&#8230;] 37 Millionen Euro f\u00fcr die allgemeine Grundversorgung durch die Krankenh\u00e4user und 40 Millionen Euro&#8230; [&#8230;]",
            "date_published": "2020-10-11T23:26:45+02:00",
            "authors": [
                {
                    "name": "Die KW 41/2020 im Link-R\u00fcckblick | artodeto's blog about coding, politics and the world",
                    "url": "http://artodeto.bazzline.net/archives/19742-Die-KW-412020-im-Link-Rueckblick.html",
                    "avatar": false
                }
            ],
            "author": {
                "name": "Die KW 41/2020 im Link-R\u00fcckblick | artodeto's blog about coding, politics and the world",
                "url": "http://artodeto.bazzline.net/archives/19742-Die-KW-412020-im-Link-Rueckblick.html",
                "avatar": false
            }
        }
    ]
}