{
    "version": "https://jsonfeed.org/version/1.1",
    "user_comment": "This feed allows you to read the posts from this site in any feed reader that supports the JSON Feed format. To add this feed to your reader, copy the following URL -- https://tuxproject.de/blog/2020/08/der-maskenlose-prophet-gilt-nichts-im-eigenen-land/feed/json/ -- and add it your reader.",
    "home_page_url": "https://tuxproject.de/blog/2020/08/der-maskenlose-prophet-gilt-nichts-im-eigenen-land/",
    "feed_url": "https://tuxproject.de/blog/2020/08/der-maskenlose-prophet-gilt-nichts-im-eigenen-land/feed/json/",
    "language": "de",
    "title": "Comments on: Der maskenlose Prophet gilt nichts im eigenen Land.",
    "description": "Relevanz auf Halbmast.",
    "icon": "https://tuxproject.de/blog/wp-content/uploads/2017/05/cropped-penrose.png",
    "items": [
        {
            "id": "https://tuxproject.de/blog/2020/08/der-maskenlose-prophet-gilt-nichts-im-eigenen-land/#comment-82788",
            "url": "https://tuxproject.de/blog/2020/08/der-maskenlose-prophet-gilt-nichts-im-eigenen-land/#comment-82788",
            "content_html": "Koroner ist nur dann sch\u00e4dlich wenn man f\u00fcrs Falsche demonstriert. Sollte man doch mittlerweile wissen.",
            "content_text": "Koroner ist nur dann sch\u00e4dlich wenn man f\u00fcrs Falsche demonstriert. Sollte man doch mittlerweile wissen.",
            "date_published": "2020-08-25T11:09:38+02:00",
            "authors": [
                {
                    "name": "derda",
                    "url": "",
                    "avatar": "data:image/svg+xml;base64,PD94bWwgdmVyc2lvbj0iMS4wIiBlbmNvZGluZz0iVVRGLTgiPz4KPHN2ZyB2ZXJzaW9uPSIxLjEiIHhtbG5zPSJodHRwOi8vd3d3LnczLm9yZy8yMDAwL3N2ZyIgd2lkdGg9IjUwIiBoZWlnaHQ9IjUwIiB2aWV3Qm94PSIwIDAgNTAgNTAiPgoJPHJlY3Qgd2lkdGg9IjEwMCUiIGhlaWdodD0iMTAwJSIgZmlsbD0iMSIvPgoJPHRleHQKCQlmaWxsPSIjZmZmIgoJCWZvbnQtZmFtaWx5PSJzYW5zLXNlcmlmIgoJCWZvbnQtc2l6ZT0iMjYiCgkJZm9udC13ZWlnaHQ9IjUwMCIKCQlkb21pbmFudC1iYXNlbGluZT0ibWlkZGxlIgoJCXRleHQtYW5jaG9yPSJtaWRkbGUiCgkJeD0iNTAlIgoJCXk9IjU1JSIKCT4KCQlECgk8L3RleHQ+Cjwvc3ZnPg=="
                }
            ],
            "author": {
                "name": "derda",
                "url": "",
                "avatar": "data:image/svg+xml;base64,PD94bWwgdmVyc2lvbj0iMS4wIiBlbmNvZGluZz0iVVRGLTgiPz4KPHN2ZyB2ZXJzaW9uPSIxLjEiIHhtbG5zPSJodHRwOi8vd3d3LnczLm9yZy8yMDAwL3N2ZyIgd2lkdGg9IjUwIiBoZWlnaHQ9IjUwIiB2aWV3Qm94PSIwIDAgNTAgNTAiPgoJPHJlY3Qgd2lkdGg9IjEwMCUiIGhlaWdodD0iMTAwJSIgZmlsbD0iMSIvPgoJPHRleHQKCQlmaWxsPSIjZmZmIgoJCWZvbnQtZmFtaWx5PSJzYW5zLXNlcmlmIgoJCWZvbnQtc2l6ZT0iMjYiCgkJZm9udC13ZWlnaHQ9IjUwMCIKCQlkb21pbmFudC1iYXNlbGluZT0ibWlkZGxlIgoJCXRleHQtYW5jaG9yPSJtaWRkbGUiCgkJeD0iNTAlIgoJCXk9IjU1JSIKCT4KCQlECgk8L3RleHQ+Cjwvc3ZnPg=="
            }
        },
        {
            "id": "https://tuxproject.de/blog/2020/08/der-maskenlose-prophet-gilt-nichts-im-eigenen-land/#comment-82786",
            "url": "https://tuxproject.de/blog/2020/08/der-maskenlose-prophet-gilt-nichts-im-eigenen-land/#comment-82786",
            "content_html": "[&#8230;] Unsere geliebte bummsregierung beschreibt demonstrazjonen&#8230; in der BRD und in bjelorussland. [&#8230;]",
            "content_text": "[&#8230;] Unsere geliebte bummsregierung beschreibt demonstrazjonen&#8230; in der BRD und in bjelorussland. [&#8230;]",
            "date_published": "2020-08-24T13:59:49+02:00",
            "authors": [
                {
                    "name": "Kurz verlinkt | Schwerdtfegr (beta)",
                    "url": "https://schwerdtfegr.wordpress.com/2020/08/24/kurz-verlinkt-283/",
                    "avatar": false
                }
            ],
            "author": {
                "name": "Kurz verlinkt | Schwerdtfegr (beta)",
                "url": "https://schwerdtfegr.wordpress.com/2020/08/24/kurz-verlinkt-283/",
                "avatar": false
            }
        },
        {
            "id": "https://tuxproject.de/blog/2020/08/der-maskenlose-prophet-gilt-nichts-im-eigenen-land/#comment-82784",
            "url": "https://tuxproject.de/blog/2020/08/der-maskenlose-prophet-gilt-nichts-im-eigenen-land/#comment-82784",
            "content_html": "Warum? Das ist doch typisch deutsch. In anderen L\u00e4ndern sollen sie sich doch gerne massakrieren, wie sie wollen. Hauptsache, es kommt keiner mehr r\u00fcber oder fordert es ein.",
            "content_text": "Warum? Das ist doch typisch deutsch. In anderen L\u00e4ndern sollen sie sich doch gerne massakrieren, wie sie wollen. Hauptsache, es kommt keiner mehr r\u00fcber oder fordert es ein.",
            "date_published": "2020-08-23T20:50:26+02:00",
            "authors": [
                {
                    "name": "Juri Nello",
                    "url": "",
                    "avatar": "data:image/svg+xml;base64,PD94bWwgdmVyc2lvbj0iMS4wIiBlbmNvZGluZz0iVVRGLTgiPz4KPHN2ZyB2ZXJzaW9uPSIxLjEiIHhtbG5zPSJodHRwOi8vd3d3LnczLm9yZy8yMDAwL3N2ZyIgd2lkdGg9IjUwIiBoZWlnaHQ9IjUwIiB2aWV3Qm94PSIwIDAgNTAgNTAiPgoJPHJlY3Qgd2lkdGg9IjEwMCUiIGhlaWdodD0iMTAwJSIgZmlsbD0iMSIvPgoJPHRleHQKCQlmaWxsPSIjZmZmIgoJCWZvbnQtZmFtaWx5PSJzYW5zLXNlcmlmIgoJCWZvbnQtc2l6ZT0iMjYiCgkJZm9udC13ZWlnaHQ9IjUwMCIKCQlkb21pbmFudC1iYXNlbGluZT0ibWlkZGxlIgoJCXRleHQtYW5jaG9yPSJtaWRkbGUiCgkJeD0iNTAlIgoJCXk9IjU1JSIKCT4KCQlKCgk8L3RleHQ+Cjwvc3ZnPg=="
                }
            ],
            "author": {
                "name": "Juri Nello",
                "url": "",
                "avatar": "data:image/svg+xml;base64,PD94bWwgdmVyc2lvbj0iMS4wIiBlbmNvZGluZz0iVVRGLTgiPz4KPHN2ZyB2ZXJzaW9uPSIxLjEiIHhtbG5zPSJodHRwOi8vd3d3LnczLm9yZy8yMDAwL3N2ZyIgd2lkdGg9IjUwIiBoZWlnaHQ9IjUwIiB2aWV3Qm94PSIwIDAgNTAgNTAiPgoJPHJlY3Qgd2lkdGg9IjEwMCUiIGhlaWdodD0iMTAwJSIgZmlsbD0iMSIvPgoJPHRleHQKCQlmaWxsPSIjZmZmIgoJCWZvbnQtZmFtaWx5PSJzYW5zLXNlcmlmIgoJCWZvbnQtc2l6ZT0iMjYiCgkJZm9udC13ZWlnaHQ9IjUwMCIKCQlkb21pbmFudC1iYXNlbGluZT0ibWlkZGxlIgoJCXRleHQtYW5jaG9yPSJtaWRkbGUiCgkJeD0iNTAlIgoJCXk9IjU1JSIKCT4KCQlKCgk8L3RleHQ+Cjwvc3ZnPg=="
            }
        }
    ]
}