{
    "version": "https://jsonfeed.org/version/1.1",
    "user_comment": "This feed allows you to read the posts from this site in any feed reader that supports the JSON Feed format. To add this feed to your reader, copy the following URL -- https://tuxproject.de/blog/2020/03/was-kostet-ein-wertekanon/feed/json/ -- and add it your reader.",
    "home_page_url": "https://tuxproject.de/blog/2020/03/was-kostet-ein-wertekanon/",
    "feed_url": "https://tuxproject.de/blog/2020/03/was-kostet-ein-wertekanon/feed/json/",
    "language": "de",
    "title": "Comments on: Was kostet ein Wertekanon?",
    "description": "Relevanz auf Halbmast.",
    "icon": "https://tuxproject.de/blog/wp-content/uploads/2017/05/cropped-penrose.png",
    "items": [
        {
            "id": "https://tuxproject.de/blog/2020/03/was-kostet-ein-wertekanon/#comment-82135",
            "url": "https://tuxproject.de/blog/2020/03/was-kostet-ein-wertekanon/#comment-82135",
            "content_html": "Das Spiel hei\u00dft alle gegen H\u00f6cke. Schaumermal wer den l\u00e4ngeren Atem hat.",
            "content_text": "Das Spiel hei\u00dft alle gegen H\u00f6cke. Schaumermal wer den l\u00e4ngeren Atem hat.",
            "date_published": "2020-03-05T10:51:58+01:00",
            "authors": [
                {
                    "name": "derda",
                    "url": "",
                    "avatar": "data:image/svg+xml;base64,PD94bWwgdmVyc2lvbj0iMS4wIiBlbmNvZGluZz0iVVRGLTgiPz4KPHN2ZyB2ZXJzaW9uPSIxLjEiIHhtbG5zPSJodHRwOi8vd3d3LnczLm9yZy8yMDAwL3N2ZyIgd2lkdGg9IjUwIiBoZWlnaHQ9IjUwIiB2aWV3Qm94PSIwIDAgNTAgNTAiPgoJPHJlY3Qgd2lkdGg9IjEwMCUiIGhlaWdodD0iMTAwJSIgZmlsbD0iMSIvPgoJPHRleHQKCQlmaWxsPSIjZmZmIgoJCWZvbnQtZmFtaWx5PSJzYW5zLXNlcmlmIgoJCWZvbnQtc2l6ZT0iMjYiCgkJZm9udC13ZWlnaHQ9IjUwMCIKCQlkb21pbmFudC1iYXNlbGluZT0ibWlkZGxlIgoJCXRleHQtYW5jaG9yPSJtaWRkbGUiCgkJeD0iNTAlIgoJCXk9IjU1JSIKCT4KCQlECgk8L3RleHQ+Cjwvc3ZnPg=="
                }
            ],
            "author": {
                "name": "derda",
                "url": "",
                "avatar": "data:image/svg+xml;base64,PD94bWwgdmVyc2lvbj0iMS4wIiBlbmNvZGluZz0iVVRGLTgiPz4KPHN2ZyB2ZXJzaW9uPSIxLjEiIHhtbG5zPSJodHRwOi8vd3d3LnczLm9yZy8yMDAwL3N2ZyIgd2lkdGg9IjUwIiBoZWlnaHQ9IjUwIiB2aWV3Qm94PSIwIDAgNTAgNTAiPgoJPHJlY3Qgd2lkdGg9IjEwMCUiIGhlaWdodD0iMTAwJSIgZmlsbD0iMSIvPgoJPHRleHQKCQlmaWxsPSIjZmZmIgoJCWZvbnQtZmFtaWx5PSJzYW5zLXNlcmlmIgoJCWZvbnQtc2l6ZT0iMjYiCgkJZm9udC13ZWlnaHQ9IjUwMCIKCQlkb21pbmFudC1iYXNlbGluZT0ibWlkZGxlIgoJCXRleHQtYW5jaG9yPSJtaWRkbGUiCgkJeD0iNTAlIgoJCXk9IjU1JSIKCT4KCQlECgk8L3RleHQ+Cjwvc3ZnPg=="
            }
        },
        {
            "id": "https://tuxproject.de/blog/2020/03/was-kostet-ein-wertekanon/#comment-82134",
            "url": "https://tuxproject.de/blog/2020/03/was-kostet-ein-wertekanon/#comment-82134",
            "content_html": "Kurs beibehalten. Ab in die Mitte. Ramelow am letzten Wochenende in Kassel:\r\n\"Ramelow, der die Gelegenheit nutzte, um zu verk\u00fcnden, dass er auch bei der \u2013 mutma\u00dflich \u2013 2021 stattfindenden n\u00e4chsten Landtagswahl wieder als Spitzenkandidat seiner Partei antreten werde, lobte \u00bbunsere Unternehmer\u00ab, die bei der Integration von Fl\u00fcchtlingen und Migranten sehr geholfen h\u00e4tten. Da habe er selbstverst\u00e4ndlich nicht erst gefragt: \u00bbZahlt ihr den Tarifvertrag? Und seid ihr f\u00fcr einen Betriebsrat?\u00ab Unternehmer, wusste er zu berichten, h\u00e4tten \u00bbbei uns\u00ab als \u00bbgesellschaftliche Kraft\u00ab das \u00bbh\u00f6chste Ansehen\u00ab.\r\n\r\nQuelle: JW.",
            "content_text": "Kurs beibehalten. Ab in die Mitte. Ramelow am letzten Wochenende in Kassel:\r\n\"Ramelow, der die Gelegenheit nutzte, um zu verk\u00fcnden, dass er auch bei der \u2013 mutma\u00dflich \u2013 2021 stattfindenden n\u00e4chsten Landtagswahl wieder als Spitzenkandidat seiner Partei antreten werde, lobte \u00bbunsere Unternehmer\u00ab, die bei der Integration von Fl\u00fcchtlingen und Migranten sehr geholfen h\u00e4tten. Da habe er selbstverst\u00e4ndlich nicht erst gefragt: \u00bbZahlt ihr den Tarifvertrag? Und seid ihr f\u00fcr einen Betriebsrat?\u00ab Unternehmer, wusste er zu berichten, h\u00e4tten \u00bbbei uns\u00ab als \u00bbgesellschaftliche Kraft\u00ab das \u00bbh\u00f6chste Ansehen\u00ab.\r\n\r\nQuelle: JW.",
            "date_published": "2020-03-05T09:12:46+01:00",
            "authors": [
                {
                    "name": "altautonomer",
                    "url": "",
                    "avatar": "data:image/svg+xml;base64,PD94bWwgdmVyc2lvbj0iMS4wIiBlbmNvZGluZz0iVVRGLTgiPz4KPHN2ZyB2ZXJzaW9uPSIxLjEiIHhtbG5zPSJodHRwOi8vd3d3LnczLm9yZy8yMDAwL3N2ZyIgd2lkdGg9IjUwIiBoZWlnaHQ9IjUwIiB2aWV3Qm94PSIwIDAgNTAgNTAiPgoJPHJlY3Qgd2lkdGg9IjEwMCUiIGhlaWdodD0iMTAwJSIgZmlsbD0iMSIvPgoJPHRleHQKCQlmaWxsPSIjZmZmIgoJCWZvbnQtZmFtaWx5PSJzYW5zLXNlcmlmIgoJCWZvbnQtc2l6ZT0iMjYiCgkJZm9udC13ZWlnaHQ9IjUwMCIKCQlkb21pbmFudC1iYXNlbGluZT0ibWlkZGxlIgoJCXRleHQtYW5jaG9yPSJtaWRkbGUiCgkJeD0iNTAlIgoJCXk9IjU1JSIKCT4KCQlBCgk8L3RleHQ+Cjwvc3ZnPg=="
                }
            ],
            "author": {
                "name": "altautonomer",
                "url": "",
                "avatar": "data:image/svg+xml;base64,PD94bWwgdmVyc2lvbj0iMS4wIiBlbmNvZGluZz0iVVRGLTgiPz4KPHN2ZyB2ZXJzaW9uPSIxLjEiIHhtbG5zPSJodHRwOi8vd3d3LnczLm9yZy8yMDAwL3N2ZyIgd2lkdGg9IjUwIiBoZWlnaHQ9IjUwIiB2aWV3Qm94PSIwIDAgNTAgNTAiPgoJPHJlY3Qgd2lkdGg9IjEwMCUiIGhlaWdodD0iMTAwJSIgZmlsbD0iMSIvPgoJPHRleHQKCQlmaWxsPSIjZmZmIgoJCWZvbnQtZmFtaWx5PSJzYW5zLXNlcmlmIgoJCWZvbnQtc2l6ZT0iMjYiCgkJZm9udC13ZWlnaHQ9IjUwMCIKCQlkb21pbmFudC1iYXNlbGluZT0ibWlkZGxlIgoJCXRleHQtYW5jaG9yPSJtaWRkbGUiCgkJeD0iNTAlIgoJCXk9IjU1JSIKCT4KCQlBCgk8L3RleHQ+Cjwvc3ZnPg=="
            }
        },
        {
            "id": "https://tuxproject.de/blog/2020/03/was-kostet-ein-wertekanon/#comment-82133",
            "url": "https://tuxproject.de/blog/2020/03/was-kostet-ein-wertekanon/#comment-82133",
            "content_html": "Was Frau Maischberger Herrn Ramelow in der Sendung am 12.02.2020 in einem Einzelgespr\u00e4ch nicht fragte:\r\n\r\nFrage: Warum haben Sie sich Ihre Zustimmung zur Maut ohne Not f\u00fcr das Angebot einer elektrifizierten Bahnstrecke abkaufen lassen und so die Entscheidung massgeblich gepr\u00e4gt?\r\n\r\nFrage: Warum haben Sie  bei Ihrer zweiten Auslandsreise als Ministerpr\u00e4sident ausgerechnet den Papst besucht?\r\n\r\nFrage: Warum haben Sie sich als Ministerpr\u00e4sident -kaum im Amt -von Ihrer Parteilinie und den LINKEN distanziert?\r\n\r\nFrage: Wie kam es dazu, dass Sie sich mit Volker Bouffier und Horst Seehofer, den Repr\u00e4sentanten Ihres fr\u00fcheren Klassenfeindes duzen? (Kann man ja in einer Unterhaltungs-Talk-Show mal fragen.)\r\n\r\nFrage: Ihre ersten positiven Ergebnisse damals nach 2014: \u201eEin beitragsfreies Jahr f\u00fcr die Kita, mehr Geld f\u00fcr die freien Schulen, mehr Windr\u00e4der und weniger Landkreise?\u201c. H\u00e4tten so ein Regierungsprogramm nicht auch \u201eSPD und Gr\u00fcne allein hinbekommen, ohne die Linke, vielleicht sogar mit der Union?\r\n\r\nFrage: SPD und Gr\u00fcne hatten sich beim ersten Koalitionsvertrag damit durchgesetzt, in der Pr\u00e4ambel die Feststellung zu treffen, dass es sich bei der DDR, die f\u00fcr viele Anh\u00e4nger der Linkspartei nach wie vor zum identit\u00e4tsstiftenden politischen Erbe geh\u00f6rt, um eine \u201eDiktatur\u201c und einen \u201eUnrechtsstaat\u201c gehandelt hat. Warum haben Sie dies zugelassen, mit unterzeichnet und wollen heute davon nichts mehr wissen?\r\n\r\nFrage: Zitat Ramelow: \u201eJedes kleine oder gr\u00f6\u00dfere Arschloch im DDR-Apparat konnte in das Leben der anderen eingreifen. Das war entsetzlich.\u201c Halten Sie diesen Umgang \u201emit der Geschichte der DDR und mit den vielen Genossinnen und Genossen, die f\u00fcr Sie Wahlkampf machten und denen Sie bescheinigt, Arschl\u00f6cher gewesen zu sein, f\u00fcr opportun?\r\n\r\nAbschlie\u00dfende rhetorischeFrage: Was war bisher das herausragend linke Profil Ihres Amtes?",
            "content_text": "Was Frau Maischberger Herrn Ramelow in der Sendung am 12.02.2020 in einem Einzelgespr\u00e4ch nicht fragte:\r\n\r\nFrage: Warum haben Sie sich Ihre Zustimmung zur Maut ohne Not f\u00fcr das Angebot einer elektrifizierten Bahnstrecke abkaufen lassen und so die Entscheidung massgeblich gepr\u00e4gt?\r\n\r\nFrage: Warum haben Sie  bei Ihrer zweiten Auslandsreise als Ministerpr\u00e4sident ausgerechnet den Papst besucht?\r\n\r\nFrage: Warum haben Sie sich als Ministerpr\u00e4sident -kaum im Amt -von Ihrer Parteilinie und den LINKEN distanziert?\r\n\r\nFrage: Wie kam es dazu, dass Sie sich mit Volker Bouffier und Horst Seehofer, den Repr\u00e4sentanten Ihres fr\u00fcheren Klassenfeindes duzen? (Kann man ja in einer Unterhaltungs-Talk-Show mal fragen.)\r\n\r\nFrage: Ihre ersten positiven Ergebnisse damals nach 2014: \u201eEin beitragsfreies Jahr f\u00fcr die Kita, mehr Geld f\u00fcr die freien Schulen, mehr Windr\u00e4der und weniger Landkreise?\u201c. H\u00e4tten so ein Regierungsprogramm nicht auch \u201eSPD und Gr\u00fcne allein hinbekommen, ohne die Linke, vielleicht sogar mit der Union?\r\n\r\nFrage: SPD und Gr\u00fcne hatten sich beim ersten Koalitionsvertrag damit durchgesetzt, in der Pr\u00e4ambel die Feststellung zu treffen, dass es sich bei der DDR, die f\u00fcr viele Anh\u00e4nger der Linkspartei nach wie vor zum identit\u00e4tsstiftenden politischen Erbe geh\u00f6rt, um eine \u201eDiktatur\u201c und einen \u201eUnrechtsstaat\u201c gehandelt hat. Warum haben Sie dies zugelassen, mit unterzeichnet und wollen heute davon nichts mehr wissen?\r\n\r\nFrage: Zitat Ramelow: \u201eJedes kleine oder gr\u00f6\u00dfere Arschloch im DDR-Apparat konnte in das Leben der anderen eingreifen. Das war entsetzlich.\u201c Halten Sie diesen Umgang \u201emit der Geschichte der DDR und mit den vielen Genossinnen und Genossen, die f\u00fcr Sie Wahlkampf machten und denen Sie bescheinigt, Arschl\u00f6cher gewesen zu sein, f\u00fcr opportun?\r\n\r\nAbschlie\u00dfende rhetorischeFrage: Was war bisher das herausragend linke Profil Ihres Amtes?",
            "date_published": "2020-03-05T09:07:08+01:00",
            "authors": [
                {
                    "name": "altautonomer",
                    "url": "",
                    "avatar": "data:image/svg+xml;base64,PD94bWwgdmVyc2lvbj0iMS4wIiBlbmNvZGluZz0iVVRGLTgiPz4KPHN2ZyB2ZXJzaW9uPSIxLjEiIHhtbG5zPSJodHRwOi8vd3d3LnczLm9yZy8yMDAwL3N2ZyIgd2lkdGg9IjUwIiBoZWlnaHQ9IjUwIiB2aWV3Qm94PSIwIDAgNTAgNTAiPgoJPHJlY3Qgd2lkdGg9IjEwMCUiIGhlaWdodD0iMTAwJSIgZmlsbD0iMSIvPgoJPHRleHQKCQlmaWxsPSIjZmZmIgoJCWZvbnQtZmFtaWx5PSJzYW5zLXNlcmlmIgoJCWZvbnQtc2l6ZT0iMjYiCgkJZm9udC13ZWlnaHQ9IjUwMCIKCQlkb21pbmFudC1iYXNlbGluZT0ibWlkZGxlIgoJCXRleHQtYW5jaG9yPSJtaWRkbGUiCgkJeD0iNTAlIgoJCXk9IjU1JSIKCT4KCQlBCgk8L3RleHQ+Cjwvc3ZnPg=="
                }
            ],
            "author": {
                "name": "altautonomer",
                "url": "",
                "avatar": "data:image/svg+xml;base64,PD94bWwgdmVyc2lvbj0iMS4wIiBlbmNvZGluZz0iVVRGLTgiPz4KPHN2ZyB2ZXJzaW9uPSIxLjEiIHhtbG5zPSJodHRwOi8vd3d3LnczLm9yZy8yMDAwL3N2ZyIgd2lkdGg9IjUwIiBoZWlnaHQ9IjUwIiB2aWV3Qm94PSIwIDAgNTAgNTAiPgoJPHJlY3Qgd2lkdGg9IjEwMCUiIGhlaWdodD0iMTAwJSIgZmlsbD0iMSIvPgoJPHRleHQKCQlmaWxsPSIjZmZmIgoJCWZvbnQtZmFtaWx5PSJzYW5zLXNlcmlmIgoJCWZvbnQtc2l6ZT0iMjYiCgkJZm9udC13ZWlnaHQ9IjUwMCIKCQlkb21pbmFudC1iYXNlbGluZT0ibWlkZGxlIgoJCXRleHQtYW5jaG9yPSJtaWRkbGUiCgkJeD0iNTAlIgoJCXk9IjU1JSIKCT4KCQlBCgk8L3RleHQ+Cjwvc3ZnPg=="
            }
        },
        {
            "id": "https://tuxproject.de/blog/2020/03/was-kostet-ein-wertekanon/#comment-82132",
            "url": "https://tuxproject.de/blog/2020/03/was-kostet-ein-wertekanon/#comment-82132",
            "content_html": "2 Millionen w\u00fcrden mir aktuell reichen, um um die Welt zu ziehen.",
            "content_text": "2 Millionen w\u00fcrden mir aktuell reichen, um um die Welt zu ziehen.",
            "date_published": "2020-03-04T19:56:31+01:00",
            "authors": [
                {
                    "name": "Juri Nello",
                    "url": "",
                    "avatar": "data:image/svg+xml;base64,PD94bWwgdmVyc2lvbj0iMS4wIiBlbmNvZGluZz0iVVRGLTgiPz4KPHN2ZyB2ZXJzaW9uPSIxLjEiIHhtbG5zPSJodHRwOi8vd3d3LnczLm9yZy8yMDAwL3N2ZyIgd2lkdGg9IjUwIiBoZWlnaHQ9IjUwIiB2aWV3Qm94PSIwIDAgNTAgNTAiPgoJPHJlY3Qgd2lkdGg9IjEwMCUiIGhlaWdodD0iMTAwJSIgZmlsbD0iMSIvPgoJPHRleHQKCQlmaWxsPSIjZmZmIgoJCWZvbnQtZmFtaWx5PSJzYW5zLXNlcmlmIgoJCWZvbnQtc2l6ZT0iMjYiCgkJZm9udC13ZWlnaHQ9IjUwMCIKCQlkb21pbmFudC1iYXNlbGluZT0ibWlkZGxlIgoJCXRleHQtYW5jaG9yPSJtaWRkbGUiCgkJeD0iNTAlIgoJCXk9IjU1JSIKCT4KCQlKCgk8L3RleHQ+Cjwvc3ZnPg=="
                }
            ],
            "author": {
                "name": "Juri Nello",
                "url": "",
                "avatar": "data:image/svg+xml;base64,PD94bWwgdmVyc2lvbj0iMS4wIiBlbmNvZGluZz0iVVRGLTgiPz4KPHN2ZyB2ZXJzaW9uPSIxLjEiIHhtbG5zPSJodHRwOi8vd3d3LnczLm9yZy8yMDAwL3N2ZyIgd2lkdGg9IjUwIiBoZWlnaHQ9IjUwIiB2aWV3Qm94PSIwIDAgNTAgNTAiPgoJPHJlY3Qgd2lkdGg9IjEwMCUiIGhlaWdodD0iMTAwJSIgZmlsbD0iMSIvPgoJPHRleHQKCQlmaWxsPSIjZmZmIgoJCWZvbnQtZmFtaWx5PSJzYW5zLXNlcmlmIgoJCWZvbnQtc2l6ZT0iMjYiCgkJZm9udC13ZWlnaHQ9IjUwMCIKCQlkb21pbmFudC1iYXNlbGluZT0ibWlkZGxlIgoJCXRleHQtYW5jaG9yPSJtaWRkbGUiCgkJeD0iNTAlIgoJCXk9IjU1JSIKCT4KCQlKCgk8L3RleHQ+Cjwvc3ZnPg=="
            }
        }
    ]
}