{
    "version": "https://jsonfeed.org/version/1.1",
    "user_comment": "This feed allows you to read the posts from this site in any feed reader that supports the JSON Feed format. To add this feed to your reader, copy the following URL -- https://tuxproject.de/blog/2019/09/kurz-verlinkt-kinder-haben-ein-recht-auf-privatsphaere/feed/json/ -- and add it your reader.",
    "home_page_url": "https://tuxproject.de/blog/2019/09/kurz-verlinkt-kinder-haben-ein-recht-auf-privatsphaere/",
    "feed_url": "https://tuxproject.de/blog/2019/09/kurz-verlinkt-kinder-haben-ein-recht-auf-privatsphaere/feed/json/",
    "language": "de",
    "title": "Comments on: Kurz verlinkt: \u201eKinder haben ein Recht auf Privatsph\u00e4re\u201c.",
    "description": "Relevanz auf Halbmast.",
    "icon": "https://tuxproject.de/blog/wp-content/uploads/2017/05/cropped-penrose.png",
    "items": [
        {
            "id": "https://tuxproject.de/blog/2019/09/kurz-verlinkt-kinder-haben-ein-recht-auf-privatsphaere/#comment-81683",
            "url": "https://tuxproject.de/blog/2019/09/kurz-verlinkt-kinder-haben-ein-recht-auf-privatsphaere/#comment-81683",
            "content_html": "Im Spielwarengesch\u00e4ft strahlt die Verk\u00e4uferin die Kundin an:\r\n\" Dieser Bausatz wurde von Psychologen gestaltet.\r\n Egal wie ihr Kind ihn zusammensetzt, es ist falsch.\r\nEine bessere Vorbereitung auf das Leben gibt es nicht!\"\r\n\r\nWenn man das Wasser im Topf mit den Krebsen langsam erhitzt, war noch mal was mit den Krustentieren... sie gew\u00f6hnen sich dran!\r\nDas ist die inoffizielle Wahrheit,\r\ndie offizielle...\r\nman steckt in einen Milchkrug und paddelt solange bis \r\nButter entsteht...\r\nund den Unterschied zuerkennen :? , brauchts verdammt gute Drachenblockerbrillen 8) \r\nund gute Nerven!\r\n\"We humans have been on the planet a long time.\r\n If we forget where we come from,\r\n if we forget our own children, \r\nthen our evolution is not \"in progress\"\r\n\u2014it is finished. \"\r\nQuelle:http://www.vachss.com/av_dispatches/disp_9611_a.html\r\nUnd das ist auch meine Position zur Kritik an Greta Thunberg dem KIND ....\r\nDie Kritiker der FfF-Bewegung wollen Greta und ihre Leute ins Vergessen bringen, \r\nund sie mit der Sinnlosigkeit konfrontieren etwas oder jemand zu bewegen ;\r\ngeschweige denn im Denken und Handeln etwas ver\u00e4ndern zuk\u00f6nnen...\r\n\r\nUnd ich bin jemand dem st\u00e4ndig vorgeworfen wird in der Vergangenheit bestimmte pr\u00e4gende Erfahrungen gemacht zuhaben, \r\nund sich deshalb nicht ver\u00e4ndern zuk\u00f6nnen oder/und zuwollen, hmmmmmm\r\nNun gut ich bin nicht so wie der Amthor oder doch oder nicht\r\nWill ich das wissen....kommt darauf an ob ich es als negatives Negativ sehe oder was Negatives das sisich zu was Positiven umgestalten l\u00e4sst!\r\nBoah ey man sagte mir schon mehrfach, ich solle ein Buch schreiben...\r\nNaja schaumamal :o",
            "content_text": "Im Spielwarengesch\u00e4ft strahlt die Verk\u00e4uferin die Kundin an:\r\n\" Dieser Bausatz wurde von Psychologen gestaltet.\r\n Egal wie ihr Kind ihn zusammensetzt, es ist falsch.\r\nEine bessere Vorbereitung auf das Leben gibt es nicht!\"\r\n\r\nWenn man das Wasser im Topf mit den Krebsen langsam erhitzt, war noch mal was mit den Krustentieren... sie gew\u00f6hnen sich dran!\r\nDas ist die inoffizielle Wahrheit,\r\ndie offizielle...\r\nman steckt in einen Milchkrug und paddelt solange bis \r\nButter entsteht...\r\nund den Unterschied zuerkennen :? , brauchts verdammt gute Drachenblockerbrillen 8) \r\nund gute Nerven!\r\n\"We humans have been on the planet a long time.\r\n If we forget where we come from,\r\n if we forget our own children, \r\nthen our evolution is not \"in progress\"\r\n\u2014it is finished. \"\r\nQuelle:http://www.vachss.com/av_dispatches/disp_9611_a.html\r\nUnd das ist auch meine Position zur Kritik an Greta Thunberg dem KIND ....\r\nDie Kritiker der FfF-Bewegung wollen Greta und ihre Leute ins Vergessen bringen, \r\nund sie mit der Sinnlosigkeit konfrontieren etwas oder jemand zu bewegen ;\r\ngeschweige denn im Denken und Handeln etwas ver\u00e4ndern zuk\u00f6nnen...\r\n\r\nUnd ich bin jemand dem st\u00e4ndig vorgeworfen wird in der Vergangenheit bestimmte pr\u00e4gende Erfahrungen gemacht zuhaben, \r\nund sich deshalb nicht ver\u00e4ndern zuk\u00f6nnen oder/und zuwollen, hmmmmmm\r\nNun gut ich bin nicht so wie der Amthor oder doch oder nicht\r\nWill ich das wissen....kommt darauf an ob ich es als negatives Negativ sehe oder was Negatives das sisich zu was Positiven umgestalten l\u00e4sst!\r\nBoah ey man sagte mir schon mehrfach, ich solle ein Buch schreiben...\r\nNaja schaumamal :o",
            "date_published": "2019-09-18T11:04:41+02:00",
            "authors": [
                {
                    "name": "Martin D\u00e4niken",
                    "url": "",
                    "avatar": "data:image/svg+xml;base64,PD94bWwgdmVyc2lvbj0iMS4wIiBlbmNvZGluZz0iVVRGLTgiPz4KPHN2ZyB2ZXJzaW9uPSIxLjEiIHhtbG5zPSJodHRwOi8vd3d3LnczLm9yZy8yMDAwL3N2ZyIgd2lkdGg9IjUwIiBoZWlnaHQ9IjUwIiB2aWV3Qm94PSIwIDAgNTAgNTAiPgoJPHJlY3Qgd2lkdGg9IjEwMCUiIGhlaWdodD0iMTAwJSIgZmlsbD0iMSIvPgoJPHRleHQKCQlmaWxsPSIjZmZmIgoJCWZvbnQtZmFtaWx5PSJzYW5zLXNlcmlmIgoJCWZvbnQtc2l6ZT0iMjYiCgkJZm9udC13ZWlnaHQ9IjUwMCIKCQlkb21pbmFudC1iYXNlbGluZT0ibWlkZGxlIgoJCXRleHQtYW5jaG9yPSJtaWRkbGUiCgkJeD0iNTAlIgoJCXk9IjU1JSIKCT4KCQlNCgk8L3RleHQ+Cjwvc3ZnPg=="
                }
            ],
            "author": {
                "name": "Martin D\u00e4niken",
                "url": "",
                "avatar": "data:image/svg+xml;base64,PD94bWwgdmVyc2lvbj0iMS4wIiBlbmNvZGluZz0iVVRGLTgiPz4KPHN2ZyB2ZXJzaW9uPSIxLjEiIHhtbG5zPSJodHRwOi8vd3d3LnczLm9yZy8yMDAwL3N2ZyIgd2lkdGg9IjUwIiBoZWlnaHQ9IjUwIiB2aWV3Qm94PSIwIDAgNTAgNTAiPgoJPHJlY3Qgd2lkdGg9IjEwMCUiIGhlaWdodD0iMTAwJSIgZmlsbD0iMSIvPgoJPHRleHQKCQlmaWxsPSIjZmZmIgoJCWZvbnQtZmFtaWx5PSJzYW5zLXNlcmlmIgoJCWZvbnQtc2l6ZT0iMjYiCgkJZm9udC13ZWlnaHQ9IjUwMCIKCQlkb21pbmFudC1iYXNlbGluZT0ibWlkZGxlIgoJCXRleHQtYW5jaG9yPSJtaWRkbGUiCgkJeD0iNTAlIgoJCXk9IjU1JSIKCT4KCQlNCgk8L3RleHQ+Cjwvc3ZnPg=="
            }
        },
        {
            "id": "https://tuxproject.de/blog/2019/09/kurz-verlinkt-kinder-haben-ein-recht-auf-privatsphaere/#comment-81675",
            "url": "https://tuxproject.de/blog/2019/09/kurz-verlinkt-kinder-haben-ein-recht-auf-privatsphaere/#comment-81675",
            "content_html": "[&#8230;] Privatsph\u00e4re? Auch f\u00fcr Kinder. [&#8230;]",
            "content_text": "[&#8230;] Privatsph\u00e4re? Auch f\u00fcr Kinder. [&#8230;]",
            "date_published": "2019-09-15T23:46:26+02:00",
            "authors": [
                {
                    "name": "Die KW 37/2019 im Link-R\u00fcckblick | artodeto's blog about coding, politics and the world",
                    "url": "http://artodeto.bazzline.net/archives/19658-Die-KW-372019-im-Link-Rueckblick.html",
                    "avatar": false
                }
            ],
            "author": {
                "name": "Die KW 37/2019 im Link-R\u00fcckblick | artodeto's blog about coding, politics and the world",
                "url": "http://artodeto.bazzline.net/archives/19658-Die-KW-372019-im-Link-Rueckblick.html",
                "avatar": false
            }
        },
        {
            "id": "https://tuxproject.de/blog/2019/09/kurz-verlinkt-kinder-haben-ein-recht-auf-privatsphaere/#comment-81674",
            "url": "https://tuxproject.de/blog/2019/09/kurz-verlinkt-kinder-haben-ein-recht-auf-privatsphaere/#comment-81674",
            "content_html": "Ist besonders im deutschen Strafrecht zu empfehlen, wo Eltern bei Allem, was Kinder bis zum 14. Lebensjahr tun, mit einem Bein im Knast stehen.\r\nEinfach mal Urteile zum Thema \"illegale Downloads\" lesen.",
            "content_text": "Ist besonders im deutschen Strafrecht zu empfehlen, wo Eltern bei Allem, was Kinder bis zum 14. Lebensjahr tun, mit einem Bein im Knast stehen.\r\nEinfach mal Urteile zum Thema \"illegale Downloads\" lesen.",
            "date_published": "2019-09-14T22:48:52+02:00",
            "authors": [
                {
                    "name": "Pater Busoni",
                    "url": "",
                    "avatar": "data:image/svg+xml;base64,PD94bWwgdmVyc2lvbj0iMS4wIiBlbmNvZGluZz0iVVRGLTgiPz4KPHN2ZyB2ZXJzaW9uPSIxLjEiIHhtbG5zPSJodHRwOi8vd3d3LnczLm9yZy8yMDAwL3N2ZyIgd2lkdGg9IjUwIiBoZWlnaHQ9IjUwIiB2aWV3Qm94PSIwIDAgNTAgNTAiPgoJPHJlY3Qgd2lkdGg9IjEwMCUiIGhlaWdodD0iMTAwJSIgZmlsbD0iMSIvPgoJPHRleHQKCQlmaWxsPSIjZmZmIgoJCWZvbnQtZmFtaWx5PSJzYW5zLXNlcmlmIgoJCWZvbnQtc2l6ZT0iMjYiCgkJZm9udC13ZWlnaHQ9IjUwMCIKCQlkb21pbmFudC1iYXNlbGluZT0ibWlkZGxlIgoJCXRleHQtYW5jaG9yPSJtaWRkbGUiCgkJeD0iNTAlIgoJCXk9IjU1JSIKCT4KCQlQCgk8L3RleHQ+Cjwvc3ZnPg=="
                }
            ],
            "author": {
                "name": "Pater Busoni",
                "url": "",
                "avatar": "data:image/svg+xml;base64,PD94bWwgdmVyc2lvbj0iMS4wIiBlbmNvZGluZz0iVVRGLTgiPz4KPHN2ZyB2ZXJzaW9uPSIxLjEiIHhtbG5zPSJodHRwOi8vd3d3LnczLm9yZy8yMDAwL3N2ZyIgd2lkdGg9IjUwIiBoZWlnaHQ9IjUwIiB2aWV3Qm94PSIwIDAgNTAgNTAiPgoJPHJlY3Qgd2lkdGg9IjEwMCUiIGhlaWdodD0iMTAwJSIgZmlsbD0iMSIvPgoJPHRleHQKCQlmaWxsPSIjZmZmIgoJCWZvbnQtZmFtaWx5PSJzYW5zLXNlcmlmIgoJCWZvbnQtc2l6ZT0iMjYiCgkJZm9udC13ZWlnaHQ9IjUwMCIKCQlkb21pbmFudC1iYXNlbGluZT0ibWlkZGxlIgoJCXRleHQtYW5jaG9yPSJtaWRkbGUiCgkJeD0iNTAlIgoJCXk9IjU1JSIKCT4KCQlQCgk8L3RleHQ+Cjwvc3ZnPg=="
            }
        },
        {
            "id": "https://tuxproject.de/blog/2019/09/kurz-verlinkt-kinder-haben-ein-recht-auf-privatsphaere/#comment-81673",
            "url": "https://tuxproject.de/blog/2019/09/kurz-verlinkt-kinder-haben-ein-recht-auf-privatsphaere/#comment-81673",
            "content_html": "Ein Leser mehr!",
            "content_text": "Ein Leser mehr!",
            "date_published": "2019-09-14T09:44:19+02:00",
            "authors": [
                {
                    "name": "Anonym",
                    "url": "",
                    "avatar": "data:image/svg+xml;base64,PD94bWwgdmVyc2lvbj0iMS4wIiBlbmNvZGluZz0iVVRGLTgiPz4KPHN2ZyB2ZXJzaW9uPSIxLjEiIHhtbG5zPSJodHRwOi8vd3d3LnczLm9yZy8yMDAwL3N2ZyIgd2lkdGg9IjUwIiBoZWlnaHQ9IjUwIiB2aWV3Qm94PSIwIDAgNTAgNTAiPgoJPHJlY3Qgd2lkdGg9IjEwMCUiIGhlaWdodD0iMTAwJSIgZmlsbD0iMSIvPgoJPHRleHQKCQlmaWxsPSIjZmZmIgoJCWZvbnQtZmFtaWx5PSJzYW5zLXNlcmlmIgoJCWZvbnQtc2l6ZT0iMjYiCgkJZm9udC13ZWlnaHQ9IjUwMCIKCQlkb21pbmFudC1iYXNlbGluZT0ibWlkZGxlIgoJCXRleHQtYW5jaG9yPSJtaWRkbGUiCgkJeD0iNTAlIgoJCXk9IjU1JSIKCT4KCQkKCTwvdGV4dD4KPC9zdmc+"
                }
            ],
            "author": {
                "name": "Anonym",
                "url": "",
                "avatar": "data:image/svg+xml;base64,PD94bWwgdmVyc2lvbj0iMS4wIiBlbmNvZGluZz0iVVRGLTgiPz4KPHN2ZyB2ZXJzaW9uPSIxLjEiIHhtbG5zPSJodHRwOi8vd3d3LnczLm9yZy8yMDAwL3N2ZyIgd2lkdGg9IjUwIiBoZWlnaHQ9IjUwIiB2aWV3Qm94PSIwIDAgNTAgNTAiPgoJPHJlY3Qgd2lkdGg9IjEwMCUiIGhlaWdodD0iMTAwJSIgZmlsbD0iMSIvPgoJPHRleHQKCQlmaWxsPSIjZmZmIgoJCWZvbnQtZmFtaWx5PSJzYW5zLXNlcmlmIgoJCWZvbnQtc2l6ZT0iMjYiCgkJZm9udC13ZWlnaHQ9IjUwMCIKCQlkb21pbmFudC1iYXNlbGluZT0ibWlkZGxlIgoJCXRleHQtYW5jaG9yPSJtaWRkbGUiCgkJeD0iNTAlIgoJCXk9IjU1JSIKCT4KCQkKCTwvdGV4dD4KPC9zdmc+"
            }
        }
    ]
}