{
    "version": "https://jsonfeed.org/version/1.1",
    "user_comment": "This feed allows you to read the posts from this site in any feed reader that supports the JSON Feed format. To add this feed to your reader, copy the following URL -- https://tuxproject.de/blog/2019/07/lithiumakkus-gegen-rechts/feed/json/ -- and add it your reader.",
    "home_page_url": "https://tuxproject.de/blog/2019/07/lithiumakkus-gegen-rechts/",
    "feed_url": "https://tuxproject.de/blog/2019/07/lithiumakkus-gegen-rechts/feed/json/",
    "language": "de",
    "title": "Comments on: Lithiumakkus gegen Rechts!",
    "description": "Relevanz auf Halbmast.",
    "icon": "https://tuxproject.de/blog/wp-content/uploads/2017/05/cropped-penrose.png",
    "items": [
        {
            "id": "https://tuxproject.de/blog/2019/07/lithiumakkus-gegen-rechts/#comment-81515",
            "url": "https://tuxproject.de/blog/2019/07/lithiumakkus-gegen-rechts/#comment-81515",
            "content_html": "[&#8230;] gegen Rechts waren gestern, heute ist man BH-los gegen [&#8230;]",
            "content_text": "[&#8230;] gegen Rechts waren gestern, heute ist man BH-los gegen [&#8230;]",
            "date_published": "2019-07-26T20:55:09+02:00",
            "authors": [
                {
                    "name": "Hirnfick 2.0 &raquo; Nippel gegen Rechts!",
                    "url": "https://tuxproject.de/blog/2019/07/nippel-gegen-rechts/",
                    "avatar": false
                }
            ],
            "author": {
                "name": "Hirnfick 2.0 &raquo; Nippel gegen Rechts!",
                "url": "https://tuxproject.de/blog/2019/07/nippel-gegen-rechts/",
                "avatar": false
            }
        },
        {
            "id": "https://tuxproject.de/blog/2019/07/lithiumakkus-gegen-rechts/#comment-81514",
            "url": "https://tuxproject.de/blog/2019/07/lithiumakkus-gegen-rechts/#comment-81514",
            "content_html": "Lithiumakkus f\u00fcr Elektroz\u00e4une an j\u00fcdischen Friedh\u00f6fen gegen Nazis...\r\nDas k\u00f6nnte aber auch falsch verstanden werden k\u00f6nnen/wollen werden!",
            "content_text": "Lithiumakkus f\u00fcr Elektroz\u00e4une an j\u00fcdischen Friedh\u00f6fen gegen Nazis...\r\nDas k\u00f6nnte aber auch falsch verstanden werden k\u00f6nnen/wollen werden!",
            "date_published": "2019-07-26T09:42:09+02:00",
            "authors": [
                {
                    "name": "Martin D\u00e4niken",
                    "url": "",
                    "avatar": "data:image/svg+xml;base64,PD94bWwgdmVyc2lvbj0iMS4wIiBlbmNvZGluZz0iVVRGLTgiPz4KPHN2ZyB2ZXJzaW9uPSIxLjEiIHhtbG5zPSJodHRwOi8vd3d3LnczLm9yZy8yMDAwL3N2ZyIgd2lkdGg9IjUwIiBoZWlnaHQ9IjUwIiB2aWV3Qm94PSIwIDAgNTAgNTAiPgoJPHJlY3Qgd2lkdGg9IjEwMCUiIGhlaWdodD0iMTAwJSIgZmlsbD0iMSIvPgoJPHRleHQKCQlmaWxsPSIjZmZmIgoJCWZvbnQtZmFtaWx5PSJzYW5zLXNlcmlmIgoJCWZvbnQtc2l6ZT0iMjYiCgkJZm9udC13ZWlnaHQ9IjUwMCIKCQlkb21pbmFudC1iYXNlbGluZT0ibWlkZGxlIgoJCXRleHQtYW5jaG9yPSJtaWRkbGUiCgkJeD0iNTAlIgoJCXk9IjU1JSIKCT4KCQlNCgk8L3RleHQ+Cjwvc3ZnPg=="
                }
            ],
            "author": {
                "name": "Martin D\u00e4niken",
                "url": "",
                "avatar": "data:image/svg+xml;base64,PD94bWwgdmVyc2lvbj0iMS4wIiBlbmNvZGluZz0iVVRGLTgiPz4KPHN2ZyB2ZXJzaW9uPSIxLjEiIHhtbG5zPSJodHRwOi8vd3d3LnczLm9yZy8yMDAwL3N2ZyIgd2lkdGg9IjUwIiBoZWlnaHQ9IjUwIiB2aWV3Qm94PSIwIDAgNTAgNTAiPgoJPHJlY3Qgd2lkdGg9IjEwMCUiIGhlaWdodD0iMTAwJSIgZmlsbD0iMSIvPgoJPHRleHQKCQlmaWxsPSIjZmZmIgoJCWZvbnQtZmFtaWx5PSJzYW5zLXNlcmlmIgoJCWZvbnQtc2l6ZT0iMjYiCgkJZm9udC13ZWlnaHQ9IjUwMCIKCQlkb21pbmFudC1iYXNlbGluZT0ibWlkZGxlIgoJCXRleHQtYW5jaG9yPSJtaWRkbGUiCgkJeD0iNTAlIgoJCXk9IjU1JSIKCT4KCQlNCgk8L3RleHQ+Cjwvc3ZnPg=="
            }
        }
    ]
}