{
    "version": "https://jsonfeed.org/version/1.1",
    "user_comment": "This feed allows you to read the posts from this site in any feed reader that supports the JSON Feed format. To add this feed to your reader, copy the following URL -- https://tuxproject.de/blog/2019/06/medienkritik-extern-die-revolution-scheitert-am-kabarett-2/feed/json/ -- and add it your reader.",
    "home_page_url": "https://tuxproject.de/blog/2019/06/medienkritik-extern-die-revolution-scheitert-am-kabarett-2/",
    "feed_url": "https://tuxproject.de/blog/2019/06/medienkritik-extern-die-revolution-scheitert-am-kabarett-2/feed/json/",
    "language": "de",
    "title": "Comments on: Medienkritik extern: Die Revolution scheitert am Kabarett. (2)",
    "description": "Relevanz auf Halbmast.",
    "icon": "https://tuxproject.de/blog/wp-content/uploads/2017/05/cropped-penrose.png",
    "items": [
        {
            "id": "https://tuxproject.de/blog/2019/06/medienkritik-extern-die-revolution-scheitert-am-kabarett-2/#comment-81391",
            "url": "https://tuxproject.de/blog/2019/06/medienkritik-extern-die-revolution-scheitert-am-kabarett-2/#comment-81391",
            "content_html": "Zu Dieter Nuhr: Hier bekommt er von Thomas Fischer so richtig die Breitseite. Ein Lesegenuss in Teil 2. \r\n\r\nhttps://meedia.de/2018/11/19/diesel-depression-in-der-faz-und-dieter-nuhrs-hohn-gipfel-in-der-ard-themenwoche-gerechtigkeit/",
            "content_text": "Zu Dieter Nuhr: Hier bekommt er von Thomas Fischer so richtig die Breitseite. Ein Lesegenuss in Teil 2. \r\n\r\nhttps://meedia.de/2018/11/19/diesel-depression-in-der-faz-und-dieter-nuhrs-hohn-gipfel-in-der-ard-themenwoche-gerechtigkeit/",
            "date_published": "2019-06-10T09:06:20+02:00",
            "authors": [
                {
                    "name": "altautonomer",
                    "url": "",
                    "avatar": "data:image/svg+xml;base64,PD94bWwgdmVyc2lvbj0iMS4wIiBlbmNvZGluZz0iVVRGLTgiPz4KPHN2ZyB2ZXJzaW9uPSIxLjEiIHhtbG5zPSJodHRwOi8vd3d3LnczLm9yZy8yMDAwL3N2ZyIgd2lkdGg9IjUwIiBoZWlnaHQ9IjUwIiB2aWV3Qm94PSIwIDAgNTAgNTAiPgoJPHJlY3Qgd2lkdGg9IjEwMCUiIGhlaWdodD0iMTAwJSIgZmlsbD0iMSIvPgoJPHRleHQKCQlmaWxsPSIjZmZmIgoJCWZvbnQtZmFtaWx5PSJzYW5zLXNlcmlmIgoJCWZvbnQtc2l6ZT0iMjYiCgkJZm9udC13ZWlnaHQ9IjUwMCIKCQlkb21pbmFudC1iYXNlbGluZT0ibWlkZGxlIgoJCXRleHQtYW5jaG9yPSJtaWRkbGUiCgkJeD0iNTAlIgoJCXk9IjU1JSIKCT4KCQlBCgk8L3RleHQ+Cjwvc3ZnPg=="
                }
            ],
            "author": {
                "name": "altautonomer",
                "url": "",
                "avatar": "data:image/svg+xml;base64,PD94bWwgdmVyc2lvbj0iMS4wIiBlbmNvZGluZz0iVVRGLTgiPz4KPHN2ZyB2ZXJzaW9uPSIxLjEiIHhtbG5zPSJodHRwOi8vd3d3LnczLm9yZy8yMDAwL3N2ZyIgd2lkdGg9IjUwIiBoZWlnaHQ9IjUwIiB2aWV3Qm94PSIwIDAgNTAgNTAiPgoJPHJlY3Qgd2lkdGg9IjEwMCUiIGhlaWdodD0iMTAwJSIgZmlsbD0iMSIvPgoJPHRleHQKCQlmaWxsPSIjZmZmIgoJCWZvbnQtZmFtaWx5PSJzYW5zLXNlcmlmIgoJCWZvbnQtc2l6ZT0iMjYiCgkJZm9udC13ZWlnaHQ9IjUwMCIKCQlkb21pbmFudC1iYXNlbGluZT0ibWlkZGxlIgoJCXRleHQtYW5jaG9yPSJtaWRkbGUiCgkJeD0iNTAlIgoJCXk9IjU1JSIKCT4KCQlBCgk8L3RleHQ+Cjwvc3ZnPg=="
            }
        },
        {
            "id": "https://tuxproject.de/blog/2019/06/medienkritik-extern-die-revolution-scheitert-am-kabarett-2/#comment-81390",
            "url": "https://tuxproject.de/blog/2019/06/medienkritik-extern-die-revolution-scheitert-am-kabarett-2/#comment-81390",
            "content_html": "Die Revolution ist in vollem Gange. Aber eben extrem deutsch. Laut Forsa ist die Union bei 24 Prozent, die SPD bei 12 Prozent. Kanzler Habeck ante portas. Das hei\u00dft: Tofupflicht, Helme auch f\u00fcr Fu\u00dfg\u00e4nger, Waldorfp\u00e4dagogik gegen Messernazis und Beschr\u00e4nkung privater Fernreisen auf f\u00fcnf pro Jahr.",
            "content_text": "Die Revolution ist in vollem Gange. Aber eben extrem deutsch. Laut Forsa ist die Union bei 24 Prozent, die SPD bei 12 Prozent. Kanzler Habeck ante portas. Das hei\u00dft: Tofupflicht, Helme auch f\u00fcr Fu\u00dfg\u00e4nger, Waldorfp\u00e4dagogik gegen Messernazis und Beschr\u00e4nkung privater Fernreisen auf f\u00fcnf pro Jahr.",
            "date_published": "2019-06-10T07:47:49+02:00",
            "authors": [
                {
                    "name": "Matthias Eberling",
                    "url": "",
                    "avatar": "data:image/svg+xml;base64,PD94bWwgdmVyc2lvbj0iMS4wIiBlbmNvZGluZz0iVVRGLTgiPz4KPHN2ZyB2ZXJzaW9uPSIxLjEiIHhtbG5zPSJodHRwOi8vd3d3LnczLm9yZy8yMDAwL3N2ZyIgd2lkdGg9IjUwIiBoZWlnaHQ9IjUwIiB2aWV3Qm94PSIwIDAgNTAgNTAiPgoJPHJlY3Qgd2lkdGg9IjEwMCUiIGhlaWdodD0iMTAwJSIgZmlsbD0iMSIvPgoJPHRleHQKCQlmaWxsPSIjZmZmIgoJCWZvbnQtZmFtaWx5PSJzYW5zLXNlcmlmIgoJCWZvbnQtc2l6ZT0iMjYiCgkJZm9udC13ZWlnaHQ9IjUwMCIKCQlkb21pbmFudC1iYXNlbGluZT0ibWlkZGxlIgoJCXRleHQtYW5jaG9yPSJtaWRkbGUiCgkJeD0iNTAlIgoJCXk9IjU1JSIKCT4KCQlNCgk8L3RleHQ+Cjwvc3ZnPg=="
                }
            ],
            "author": {
                "name": "Matthias Eberling",
                "url": "",
                "avatar": "data:image/svg+xml;base64,PD94bWwgdmVyc2lvbj0iMS4wIiBlbmNvZGluZz0iVVRGLTgiPz4KPHN2ZyB2ZXJzaW9uPSIxLjEiIHhtbG5zPSJodHRwOi8vd3d3LnczLm9yZy8yMDAwL3N2ZyIgd2lkdGg9IjUwIiBoZWlnaHQ9IjUwIiB2aWV3Qm94PSIwIDAgNTAgNTAiPgoJPHJlY3Qgd2lkdGg9IjEwMCUiIGhlaWdodD0iMTAwJSIgZmlsbD0iMSIvPgoJPHRleHQKCQlmaWxsPSIjZmZmIgoJCWZvbnQtZmFtaWx5PSJzYW5zLXNlcmlmIgoJCWZvbnQtc2l6ZT0iMjYiCgkJZm9udC13ZWlnaHQ9IjUwMCIKCQlkb21pbmFudC1iYXNlbGluZT0ibWlkZGxlIgoJCXRleHQtYW5jaG9yPSJtaWRkbGUiCgkJeD0iNTAlIgoJCXk9IjU1JSIKCT4KCQlNCgk8L3RleHQ+Cjwvc3ZnPg=="
            }
        }
    ]
}